{"id":29392,"date":"2025-08-23T20:49:33","date_gmt":"2025-08-23T23:49:33","guid":{"rendered":"https:\/\/noticiasnoface.com.br\/?p=29392"},"modified":"2025-08-23T20:49:33","modified_gmt":"2025-08-23T23:49:33","slug":"analise-defesa-de-bolsonaro-usa-de-sarcasmo-e-ironias-em-esclarecimentos","status":"publish","type":"post","link":"https:\/\/noticiasnoface.com.br\/index.php\/2025\/08\/23\/analise-defesa-de-bolsonaro-usa-de-sarcasmo-e-ironias-em-esclarecimentos\/","title":{"rendered":"An\u00e1lise: Defesa de Bolsonaro usa de sarcasmo e ironias em esclarecimentos"},"content":{"rendered":"\n<figure class=\"wp-block-image size-large\"><img data-opt-id=1661315016  fetchpriority=\"high\" decoding=\"async\" width=\"418\" height=\"235\" src=\"https:\/\/mlbfrsat7ahr.i.optimole.com\/w:auto\/h:auto\/q:mauto\/ig:avif\/https:\/\/noticiasnoface.com.br\/wp-content\/uploads\/2025\/08\/img_2708-1.jpg\" class=\"wp-image-29391\" srcset=\"https:\/\/mlbfrsat7ahr.i.optimole.com\/w:418\/h:235\/q:mauto\/ig:avif\/https:\/\/noticiasnoface.com.br\/wp-content\/uploads\/2025\/08\/img_2708-1.jpg 418w, https:\/\/mlbfrsat7ahr.i.optimole.com\/w:300\/h:169\/q:mauto\/ig:avif\/https:\/\/noticiasnoface.com.br\/wp-content\/uploads\/2025\/08\/img_2708-1.jpg 300w\" sizes=\"(max-width: 418px) 100vw, 418px\" \/><\/figure>\n\n\n\n<h2 class=\"wp-block-heading subhead\">Termos como \u201cpe\u00e7a pol\u00edtica\u201d e \u201cirrealidade da narrativa\u201d foram usados para classificar relat\u00f3rio da Pol\u00edcia Federal<\/h2>\n\n\n\n<p>22\/08\/25 \u00e0s 21:36&nbsp;|&nbsp;Atualizado&nbsp;22\/08\/25 \u00e0s 21:58<\/p>\n\n\n\n<p>Na defesa apresentada ao&nbsp;<strong>STF (Supremo Tribunal Federal)<\/strong>, os advogados de&nbsp;<strong>Jair Bolsonaro (PL)<\/strong>&nbsp;usam termos em tom de sarcasmo, ironias e cr\u00edticas para esclarecer o que foi pontuado pela Pol\u00edcia Federal no relat\u00f3rio que resultou no indiciamento do ex-presidente e do filho, o deputado federal Eduardo Bolsonaro (PL-SP).<\/p>\n\n\n\n<p>Termos como<strong><a href=\"https:\/\/www.cnnbrasil.com.br\/politica\/defesa-de-bolsonaro-diz-que-pf-buscou-desmoraliza-lo\/\" target=\"_blank\" rel=\"noopener\">&nbsp;\u201cpe\u00e7a pol\u00edtica\u201d<\/a>&nbsp;e \u201cirrealidade da narrativa\u201d<\/strong>&nbsp;foram usados para classificar o documento feito pelos investigadores.<\/p>\n\n\n\n<p>A defesa tamb\u00e9m aponta que&nbsp;<strong>\u201ccausa espanto\u201d<\/strong>&nbsp;o relat\u00f3rio, que teria sido baseado em um&nbsp;<strong>\u201cdisse-me-disse&#8221;<\/strong>.<\/p>\n\n\n\n<p>Em um dos trechos, os advogados dizem que&nbsp;<strong><a href=\"https:\/\/www.cnnbrasil.com.br\/politica\/leis-sao-lancadas-ao-lixo-diz-defesa-de-bolsonaro-sobre-relatorio-da-pf\/\" target=\"_blank\" rel=\"noopener\">\u201cleis s\u00e3o lan\u00e7adas ao lixo\u201d<\/a><\/strong>. Mais \u00e0 frente \u00e9 citado que o objetivo foi alcan\u00e7ado:&nbsp;<strong>\u201cmanchetes no Brasil e no exterior anunciando que o ex-presidente planejou uma fuga\u201d<\/strong>.<\/p>\n\n\n\n<p>Nos esclarecimentos, a defesa usa ainda a express\u00e3o \u201c\u00e9 bem mais do que um acinte\u201d para se referir que o m\u00e9todo adotado pela Pol\u00edcia Federal se trata de uma forma intencional de agir.<\/p>\n\n\n\n<p>Em outro ponto, em tom de ironia, os advogados dizem que \u201c\u00e9 necess\u00e1rio presumir que os investigadores sabem o que \u00e9 o crime de lavagem, que determina origem il\u00edcita e n\u00e3o se consubstancia com dep\u00f3sitos, via Pix, para familiares\u201d. E completa: \u201co objetivo \u00e9 o massacre\u201d.<\/p>\n\n\n\n<h3 class=\"wp-block-heading\">Veja os trechos:<\/h3>\n\n\n\n<ul class=\"wp-block-list list-style-type-none\">\n<li>\u201cO Relat\u00f3rio da Pol\u00edcia Federal causa espanto. Encaixa-se como uma pe\u00e7a pol\u00edtica, com o objetivo de desmoralizar um ex-presidente da Rep\u00fablica (que, quer queiram as autoridades policiais ou n\u00e3o, ainda \u00e9 um l\u00edder pol\u00edtico), expondo sua vida privada e acusando-o de fatos t\u00e3o graves quanto descabidos\u201d.<\/li>\n\n\n\n<li>\u201cParece incr\u00edvel, mas boa parte do relat\u00f3rio dedica-se a um disse-me-disse sem qualquer relev\u00e2ncia para a investiga\u00e7\u00e3o\u201d.<\/li>\n\n\n\n<li>\u201cO objetivo do inqu\u00e9rito \u00e9 proteger o Estado Democr\u00e1tico, mas diversas leis s\u00e3o lan\u00e7adas ao lixo\u201d.<\/li>\n\n\n\n<li>\u201cMas o objetivo, convenhamos, foi alcan\u00e7ado: manchetes no Brasil e no exterior anunciando que o ex-presidente planejou uma fuga. Nada mais falso, mas nada mais impactante, sobretudo a pouco mais de 10 dias do julgamento\u201d.<\/li>\n\n\n\n<li>\u201c\u00c9 bem mais do que um acinte. \u00c9 um m\u00e9todo\u201d.<\/li>\n\n\n\n<li>\u201c\u00c9 necess\u00e1rio presumir que os investigadores sabem o que \u00e9 o crime de lavagem, que determina origem il\u00edcita e n\u00e3o se consubstancia com dep\u00f3sitos, via Pix, para familiares. Ent\u00e3o, o objetivo \u00e9 o massacre\u201d.<\/li>\n\n\n\n<li>\u201cA irrealidade da narrativa se mostra inaceit\u00e1vel, a come\u00e7ar pelo documento que a autoridade policial chama de \u2018minuta de solicita\u00e7\u00e3o de asilo pol\u00edtico\u2019\u201d.<\/li>\n<\/ul>\n\n\n\n<p><\/p>\n","protected":false},"excerpt":{"rendered":"<p>Termos como \u201cpe\u00e7a pol\u00edtica\u201d e \u201cirrealidade da narrativa\u201d foram usados para classificar relat\u00f3rio da Pol\u00edcia Federal 22\/08\/25 \u00e0s 21:36&nbsp;|&nbsp;Atualizado&nbsp;22\/08\/25 \u00e0s [&hellip;]<\/p>\n","protected":false},"author":1,"featured_media":0,"comment_status":"closed","ping_status":"","sticky":false,"template":"","format":"image","meta":{"site-sidebar-layout":"default","site-content-layout":"","ast-site-content-layout":"default","site-content-style":"default","site-sidebar-style":"default","ast-global-header-display":"","ast-banner-title-visibility":"","ast-main-header-display":"","ast-hfb-above-header-display":"","ast-hfb-below-header-display":"","ast-hfb-mobile-header-display":"","site-post-title":"","ast-breadcrumbs-content":"","ast-featured-img":"","footer-sml-layout":"","ast-disable-related-posts":"","theme-transparent-header-meta":"","adv-header-id-meta":"","stick-header-meta":"","header-above-stick-meta":"","header-main-stick-meta":"","header-below-stick-meta":"","astra-migrate-meta-layouts":"default","ast-page-background-enabled":"default","ast-page-background-meta":{"desktop":{"background-color":"var(--ast-global-color-4)","background-image":"","background-repeat":"repeat","background-position":"center center","background-size":"auto","background-attachment":"scroll","background-type":"","background-media":"","overlay-type":"","overlay-color":"","overlay-opacity":"","overlay-gradient":""},"tablet":{"background-color":"","background-image":"","background-repeat":"repeat","background-position":"center center","background-size":"auto","background-attachment":"scroll","background-type":"","background-media":"","overlay-type":"","overlay-color":"","overlay-opacity":"","overlay-gradient":""},"mobile":{"background-color":"","background-image":"","background-repeat":"repeat","background-position":"center center","background-size":"auto","background-attachment":"scroll","background-type":"","background-media":"","overlay-type":"","overlay-color":"","overlay-opacity":"","overlay-gradient":""}},"ast-content-background-meta":{"desktop":{"background-color":"var(--ast-global-color-5)","background-image":"","background-repeat":"repeat","background-position":"center center","background-size":"auto","background-attachment":"scroll","background-type":"","background-media":"","overlay-type":"","overlay-color":"","overlay-opacity":"","overlay-gradient":""},"tablet":{"background-color":"var(--ast-global-color-5)","background-image":"","background-repeat":"repeat","background-position":"center center","background-size":"auto","background-attachment":"scroll","background-type":"","background-media":"","overlay-type":"","overlay-color":"","overlay-opacity":"","overlay-gradient":""},"mobile":{"background-color":"var(--ast-global-color-5)","background-image":"","background-repeat":"repeat","background-position":"center center","background-size":"auto","background-attachment":"scroll","background-type":"","background-media":"","overlay-type":"","overlay-color":"","overlay-opacity":"","overlay-gradient":""}},"footnotes":""},"categories":[517],"tags":[],"class_list":["post-29392","post","type-post","status-publish","format-image","hentry","category-aconteceu","post_format-post-format-image"],"_links":{"self":[{"href":"https:\/\/noticiasnoface.com.br\/index.php\/wp-json\/wp\/v2\/posts\/29392","targetHints":{"allow":["GET"]}}],"collection":[{"href":"https:\/\/noticiasnoface.com.br\/index.php\/wp-json\/wp\/v2\/posts"}],"about":[{"href":"https:\/\/noticiasnoface.com.br\/index.php\/wp-json\/wp\/v2\/types\/post"}],"author":[{"embeddable":true,"href":"https:\/\/noticiasnoface.com.br\/index.php\/wp-json\/wp\/v2\/users\/1"}],"replies":[{"embeddable":true,"href":"https:\/\/noticiasnoface.com.br\/index.php\/wp-json\/wp\/v2\/comments?post=29392"}],"version-history":[{"count":1,"href":"https:\/\/noticiasnoface.com.br\/index.php\/wp-json\/wp\/v2\/posts\/29392\/revisions"}],"predecessor-version":[{"id":29393,"href":"https:\/\/noticiasnoface.com.br\/index.php\/wp-json\/wp\/v2\/posts\/29392\/revisions\/29393"}],"wp:attachment":[{"href":"https:\/\/noticiasnoface.com.br\/index.php\/wp-json\/wp\/v2\/media?parent=29392"}],"wp:term":[{"taxonomy":"category","embeddable":true,"href":"https:\/\/noticiasnoface.com.br\/index.php\/wp-json\/wp\/v2\/categories?post=29392"},{"taxonomy":"post_tag","embeddable":true,"href":"https:\/\/noticiasnoface.com.br\/index.php\/wp-json\/wp\/v2\/tags?post=29392"}],"curies":[{"name":"wp","href":"https:\/\/api.w.org\/{rel}","templated":true}]}}