{"id":29437,"date":"2025-08-27T20:51:19","date_gmt":"2025-08-27T23:51:19","guid":{"rendered":"https:\/\/noticiasnoface.com.br\/?p=29437"},"modified":"2025-08-27T20:51:19","modified_gmt":"2025-08-27T23:51:19","slug":"plano-de-moraes-e-mandar-bolsonaro-cumprir-pena-na-papuda","status":"publish","type":"post","link":"https:\/\/noticiasnoface.com.br\/index.php\/2025\/08\/27\/plano-de-moraes-e-mandar-bolsonaro-cumprir-pena-na-papuda\/","title":{"rendered":"Plano de Moraes \u00e9 mandar Bolsonaro cumprir pena na Papuda"},"content":{"rendered":"\n<h2 class=\"wp-block-heading subhead\">Segundo fontes do Judici\u00e1rio pr\u00f3ximas a Moraes, ministro pretende ordenar que Bolsonaro cumpra pena em cela especial na Papuda, em Bras\u00edlia<\/h2>\n\n\n\n<figure class=\"wp-block-image\"><img data-opt-id=2140027475  fetchpriority=\"high\" decoding=\"async\" src=\"https:\/\/i.metroimg.com\/z7r4hSdg84iRSZXvMwjlNSfy9eIbkC4ktN0gnuXPXLQ\/w:1200\/q:85\/f:avif\/plain\/2025\/06\/10115341\/6-o-segundo-dia-de-interrogatorio-dos-reus-acusados-de-tentativa-de-golpe-de-Estado-para-manutencao-do-ex-presidente-Jair-Bolsonaro-no-poder2-copiar.jpg\" alt=\"Jair Bolsonaro - O Supremo Tribunal Federal (STF) inicia, na manh\u00e3 desta ter\u00e7a-feira (10\/6) o segundo dia de interrogat\u00f3rio dos r\u00e9us acusados de tentativa de golpe de Estado para manuten\u00e7\u00e3o do ex-presidente Jair Bolsonaro no poder\"\/><\/figure>\n\n\n\n<p>O ministro do STF&nbsp;<a href=\"https:\/\/www.metropoles.com\/tag\/alexandre-de-moraes\" target=\"_blank\" rel=\"noreferrer noopener\">Alexandre de Moraes<\/a>&nbsp;planeja ordenar que&nbsp;<a href=\"https:\/\/www.metropoles.com\/tag\/jair-bolsonaro\" target=\"_blank\" rel=\"noreferrer noopener\">Jair Bolsonaro<\/a>&nbsp;cumpra a pena no Complexo da Papuda, em Bras\u00edlia, caso seja condenado no inqu\u00e9rito do golpe.<\/p>\n\n\n\n<p>O julgamento do ex-presidente no \u00e2mbito da a\u00e7\u00e3o golpista est\u00e1 marcado para come\u00e7ar na ter\u00e7a-feira (2\/9) e seguir at\u00e9 o dia 12 de setembro, na Primeira Turma do Supremo.<\/p>\n\n\n\n<p>Inicialmente, especulou-se que Bolsonaro poderia cumprir pena em uma unidade do Ex\u00e9rcito \u2014 o ex-presidente \u00e9 militar da reserva \u2014 ou em uma sala na superintend\u00eancia da Pol\u00edcia Federal.<\/p>\n\n\n\n<p>Fontes graduadas do Judici\u00e1rio pr\u00f3ximas a Moraes garantem, por\u00e9m, que o ministro j\u00e1 indicou que, inicialmente, ordenar\u00e1 que Bolsonaro cumpra a pena em uma cela especial na Papuda.<\/p>\n\n\n\n<p>Segundo essas fontes, a sala que chegou a ser preparada pela PF em Bras\u00edlia seria apenas para o caso de Moraes decretar a pris\u00e3o preventiva de Bolsonaro em regime fechado antes do julgamento.<\/p>\n\n\n\n<p>Integrantes da c\u00fapula da Pol\u00edcia Federal admitem que, a rigor, o&nbsp;<a href=\"https:\/\/www.planalto.gov.br\/ccivil_03\/decreto-lei\/del3689.htm\" target=\"_blank\" rel=\"noreferrer noopener\">C\u00f3digo de Processo Penal<\/a>&nbsp;prev\u00ea que autoridades fiquem reclusas em unidades especiais apenas em casos de pris\u00e3o cautelar.<\/p>\n\n\n\n<p>O plano do ministro do Supremo, de acordo com aliados, \u00e9 tamb\u00e9m mandar para a Papuda outros condenados no inqu\u00e9rito do golpe, criando o que aliados do ministro chamam de \u201cala golpista\u201d.<\/p>\n\n\n\n<blockquote class=\"wp-block-quote clear is-layout-flow wp-block-quote-is-layout-flow\">\n<p>\u201cS\u00f3 um milagre ou uma crise grave de sa\u00fade tiram Bolsonaro da Papuda ap\u00f3s o julgamento definitivo\u201d, disse \u00e0 coluna um ministro com acesso direto a Moraes.<\/p>\n<\/blockquote>\n\n\n\n<p>Desde o in\u00edcio de agosto, Bolsonaro est\u00e1 detido em pris\u00e3o domiciliar, por ordem de Moraes. A decis\u00e3o, no entanto, n\u00e3o se enquadrou como pris\u00e3o preventiva, embora, na pr\u00e1tica, funcione como tal.<\/p>\n\n\n\n<p>De acordo com fontes do Alto Comando do Ex\u00e9rcito, apesar de Bolsonaro ser capit\u00e3o da reserva, n\u00e3o h\u00e1 obriga\u00e7\u00e3o de ele ser preso em unidade militar. A decis\u00e3o, segundo a For\u00e7a, cabe ao juiz do caso.<\/p>\n\n\n\n<h4 class=\"wp-block-heading\">Outros ex-presidentes tiveram tratamento diferente<\/h4>\n\n\n\n<p>Outros ex-presidentes presos tiveram tratamento diferenciado quando presos. Lula, por exemplo, ficou detido em uma sala da superintend\u00eancia da Pol\u00edcia Federal em Curitiba.<\/p>\n\n\n\n<p>Michel Temer (MDB), por sua vez, ficou preso inicialmente na sede da PF em S\u00e3o Paulo. Depois, foi transferido para o Comando de Policiamento de Choque, da Pol\u00edcia Militar.<\/p>\n\n\n\n<p>J\u00e1 Fernando Collor de Mello, que foi preso em abril de 2025, chegou a ser enviado primeiro para um pres\u00eddio comum em Macei\u00f3 (AL) e s\u00f3 depois foi&nbsp;<a href=\"https:\/\/www.metropoles.com\/brasil\/moraes-manda-fernando-collor-para-prisao-domiciliar-apos-aval-da-pgr\" target=\"_blank\" rel=\"noreferrer noopener\">autorizado a ir para pris\u00e3o domiciliar<\/a>.<\/p>\n","protected":false},"excerpt":{"rendered":"<p>Segundo fontes do Judici\u00e1rio pr\u00f3ximas a Moraes, ministro pretende ordenar que Bolsonaro cumpra pena em cela especial na Papuda, em [&hellip;]<\/p>\n","protected":false},"author":1,"featured_media":0,"comment_status":"closed","ping_status":"","sticky":false,"template":"","format":"image","meta":{"site-sidebar-layout":"default","site-content-layout":"","ast-site-content-layout":"default","site-content-style":"default","site-sidebar-style":"default","ast-global-header-display":"","ast-banner-title-visibility":"","ast-main-header-display":"","ast-hfb-above-header-display":"","ast-hfb-below-header-display":"","ast-hfb-mobile-header-display":"","site-post-title":"","ast-breadcrumbs-content":"","ast-featured-img":"","footer-sml-layout":"","ast-disable-related-posts":"","theme-transparent-header-meta":"","adv-header-id-meta":"","stick-header-meta":"","header-above-stick-meta":"","header-main-stick-meta":"","header-below-stick-meta":"","astra-migrate-meta-layouts":"default","ast-page-background-enabled":"default","ast-page-background-meta":{"desktop":{"background-color":"var(--ast-global-color-4)","background-image":"","background-repeat":"repeat","background-position":"center center","background-size":"auto","background-attachment":"scroll","background-type":"","background-media":"","overlay-type":"","overlay-color":"","overlay-opacity":"","overlay-gradient":""},"tablet":{"background-color":"","background-image":"","background-repeat":"repeat","background-position":"center center","background-size":"auto","background-attachment":"scroll","background-type":"","background-media":"","overlay-type":"","overlay-color":"","overlay-opacity":"","overlay-gradient":""},"mobile":{"background-color":"","background-image":"","background-repeat":"repeat","background-position":"center center","background-size":"auto","background-attachment":"scroll","background-type":"","background-media":"","overlay-type":"","overlay-color":"","overlay-opacity":"","overlay-gradient":""}},"ast-content-background-meta":{"desktop":{"background-color":"var(--ast-global-color-5)","background-image":"","background-repeat":"repeat","background-position":"center center","background-size":"auto","background-attachment":"scroll","background-type":"","background-media":"","overlay-type":"","overlay-color":"","overlay-opacity":"","overlay-gradient":""},"tablet":{"background-color":"var(--ast-global-color-5)","background-image":"","background-repeat":"repeat","background-position":"center center","background-size":"auto","background-attachment":"scroll","background-type":"","background-media":"","overlay-type":"","overlay-color":"","overlay-opacity":"","overlay-gradient":""},"mobile":{"background-color":"var(--ast-global-color-5)","background-image":"","background-repeat":"repeat","background-position":"center center","background-size":"auto","background-attachment":"scroll","background-type":"","background-media":"","overlay-type":"","overlay-color":"","overlay-opacity":"","overlay-gradient":""}},"footnotes":""},"categories":[517],"tags":[],"class_list":["post-29437","post","type-post","status-publish","format-image","hentry","category-aconteceu","post_format-post-format-image"],"_links":{"self":[{"href":"https:\/\/noticiasnoface.com.br\/index.php\/wp-json\/wp\/v2\/posts\/29437","targetHints":{"allow":["GET"]}}],"collection":[{"href":"https:\/\/noticiasnoface.com.br\/index.php\/wp-json\/wp\/v2\/posts"}],"about":[{"href":"https:\/\/noticiasnoface.com.br\/index.php\/wp-json\/wp\/v2\/types\/post"}],"author":[{"embeddable":true,"href":"https:\/\/noticiasnoface.com.br\/index.php\/wp-json\/wp\/v2\/users\/1"}],"replies":[{"embeddable":true,"href":"https:\/\/noticiasnoface.com.br\/index.php\/wp-json\/wp\/v2\/comments?post=29437"}],"version-history":[{"count":1,"href":"https:\/\/noticiasnoface.com.br\/index.php\/wp-json\/wp\/v2\/posts\/29437\/revisions"}],"predecessor-version":[{"id":29438,"href":"https:\/\/noticiasnoface.com.br\/index.php\/wp-json\/wp\/v2\/posts\/29437\/revisions\/29438"}],"wp:attachment":[{"href":"https:\/\/noticiasnoface.com.br\/index.php\/wp-json\/wp\/v2\/media?parent=29437"}],"wp:term":[{"taxonomy":"category","embeddable":true,"href":"https:\/\/noticiasnoface.com.br\/index.php\/wp-json\/wp\/v2\/categories?post=29437"},{"taxonomy":"post_tag","embeddable":true,"href":"https:\/\/noticiasnoface.com.br\/index.php\/wp-json\/wp\/v2\/tags?post=29437"}],"curies":[{"name":"wp","href":"https:\/\/api.w.org\/{rel}","templated":true}]}}