{"id":29439,"date":"2025-08-27T20:51:59","date_gmt":"2025-08-27T23:51:59","guid":{"rendered":"https:\/\/noticiasnoface.com.br\/?p=29439"},"modified":"2025-08-27T20:51:59","modified_gmt":"2025-08-27T23:51:59","slug":"val-marchiori-revela-diagnostico-de-cancer-sem-chao-2","status":"publish","type":"post","link":"https:\/\/noticiasnoface.com.br\/index.php\/2025\/08\/27\/val-marchiori-revela-diagnostico-de-cancer-sem-chao-2\/","title":{"rendered":"Val Marchiori revela diagn\u00f3stico de c\u00e2ncer: &#8220;Sem ch\u00e3o&#8221;"},"content":{"rendered":"\n<h2 class=\"wp-block-heading subhead\">Socialite contou que descobriu um n\u00f3dulo suspeito e precisou fazer bi\u00f3psia<\/h2>\n\n\n\n<p>26\/08\/25 \u00e0s 21:36&nbsp;|&nbsp;Atualizado&nbsp;26\/08\/25 \u00e0s 21:36<\/p>\n\n\n\n<figure class=\"wp-block-image\"><img data-opt-id=2049704092  fetchpriority=\"high\" decoding=\"async\" src=\"https:\/\/admin.cnnbrasil.com.br\/wp-content\/uploads\/sites\/12\/2025\/08\/val-marchiori.jpg?w=419&amp;h=283&amp;crop=0\" alt=\"\"\/><figcaption class=\"wp-element-caption\">Val Marchiori revela diagn\u00f3stico de c\u00e2ncer&nbsp; \u2022&nbsp;Instagram \/ Val Marchiori<\/figcaption><\/figure>\n\n\n\n<p>A socialite&nbsp;<strong>Val Marchiori<\/strong>, 50, contou aos seguidores, nesta ter\u00e7a-feira (26), que foi diagnosticada com c\u00e2ncer ap\u00f3s um exame de rotina.<\/p>\n\n\n\n<p>Ela explicou que sempre teve medo de fazer mamografia, mas descobriu um n\u00f3dulo suspeito e precisou fazer uma bi\u00f3psia.<\/p>\n\n\n\n<p>&#8220;Voc\u00eas que me veem sempre arrumada, bonita, fazendo festa&#8230; Hoje t\u00f4 aqui dar uma not\u00edcia n\u00e3o t\u00e3o boa. Fui fazer um exame de rotina e sempre tive medo de fazer mamografia. Tive que fazer uma biopsia por causa de um n\u00f3dulo suspeito na mama direita e hoje saiu o resultado&#8221;, iniciou&nbsp;<a href=\"https:\/\/www.cnnbrasil.com.br\/entretenimento\/val-marchiori-promove-jantar-com-isis-stefanelli-e-chiquinho-scarpa\/\" target=\"_blank\" rel=\"noreferrer noopener\">Val<\/a>em publica\u00e7\u00e3o no Instagram.<\/p>\n\n\n\n<p>&#8220;\u00c9 um tumor maligno, um c\u00e2ncer de mama. A gente fica sem ch\u00e3o. Fico culpando a mim mesma, e quantas mulheres tamb\u00e9m que deixam de fazer por medo. Se eu j\u00e1 tivesse de repente feito&#8230;&#8221;, continuou.<\/p>\n\n\n\n<p>Val disse que \u00e9 muito dif\u00edcil receber a not\u00edcia e parece que o mundo est\u00e1 acabando, mas afirmou ter f\u00e9 em Deus de que tudo ir\u00e1 dar certo.<\/p>\n\n\n\n<p>&#8220;Essa \u00e9 a minha mensagem: mulheres, n\u00e3o deixem de fazer mamografia por medo. Quando fazemos antes, podemos tentar resolver. \u00c9 um alerta. Fa\u00e7a mamografia!&#8221;, concluiu a&nbsp;<a href=\"https:\/\/www.cnnbrasil.com.br\/entretenimento\/val-marchiori-anuncia-fim-do-casamento-com-thiago-castilho-mantemos-a-amizade\/\" target=\"_blank\" rel=\"noreferrer noopener\">socialite<\/a>.<\/p>\n\n\n\n<p><\/p>\n","protected":false},"excerpt":{"rendered":"<p>Socialite contou que descobriu um n\u00f3dulo suspeito e precisou fazer bi\u00f3psia 26\/08\/25 \u00e0s 21:36&nbsp;|&nbsp;Atualizado&nbsp;26\/08\/25 \u00e0s 21:36 A socialite&nbsp;Val Marchiori, 50, [&hellip;]<\/p>\n","protected":false},"author":1,"featured_media":0,"comment_status":"closed","ping_status":"","sticky":false,"template":"","format":"image","meta":{"site-sidebar-layout":"default","site-content-layout":"","ast-site-content-layout":"default","site-content-style":"default","site-sidebar-style":"default","ast-global-header-display":"","ast-banner-title-visibility":"","ast-main-header-display":"","ast-hfb-above-header-display":"","ast-hfb-below-header-display":"","ast-hfb-mobile-header-display":"","site-post-title":"","ast-breadcrumbs-content":"","ast-featured-img":"","footer-sml-layout":"","ast-disable-related-posts":"","theme-transparent-header-meta":"","adv-header-id-meta":"","stick-header-meta":"","header-above-stick-meta":"","header-main-stick-meta":"","header-below-stick-meta":"","astra-migrate-meta-layouts":"default","ast-page-background-enabled":"default","ast-page-background-meta":{"desktop":{"background-color":"var(--ast-global-color-4)","background-image":"","background-repeat":"repeat","background-position":"center center","background-size":"auto","background-attachment":"scroll","background-type":"","background-media":"","overlay-type":"","overlay-color":"","overlay-opacity":"","overlay-gradient":""},"tablet":{"background-color":"","background-image":"","background-repeat":"repeat","background-position":"center center","background-size":"auto","background-attachment":"scroll","background-type":"","background-media":"","overlay-type":"","overlay-color":"","overlay-opacity":"","overlay-gradient":""},"mobile":{"background-color":"","background-image":"","background-repeat":"repeat","background-position":"center center","background-size":"auto","background-attachment":"scroll","background-type":"","background-media":"","overlay-type":"","overlay-color":"","overlay-opacity":"","overlay-gradient":""}},"ast-content-background-meta":{"desktop":{"background-color":"var(--ast-global-color-5)","background-image":"","background-repeat":"repeat","background-position":"center center","background-size":"auto","background-attachment":"scroll","background-type":"","background-media":"","overlay-type":"","overlay-color":"","overlay-opacity":"","overlay-gradient":""},"tablet":{"background-color":"var(--ast-global-color-5)","background-image":"","background-repeat":"repeat","background-position":"center center","background-size":"auto","background-attachment":"scroll","background-type":"","background-media":"","overlay-type":"","overlay-color":"","overlay-opacity":"","overlay-gradient":""},"mobile":{"background-color":"var(--ast-global-color-5)","background-image":"","background-repeat":"repeat","background-position":"center center","background-size":"auto","background-attachment":"scroll","background-type":"","background-media":"","overlay-type":"","overlay-color":"","overlay-opacity":"","overlay-gradient":""}},"footnotes":""},"categories":[517],"tags":[],"class_list":["post-29439","post","type-post","status-publish","format-image","hentry","category-aconteceu","post_format-post-format-image"],"_links":{"self":[{"href":"https:\/\/noticiasnoface.com.br\/index.php\/wp-json\/wp\/v2\/posts\/29439","targetHints":{"allow":["GET"]}}],"collection":[{"href":"https:\/\/noticiasnoface.com.br\/index.php\/wp-json\/wp\/v2\/posts"}],"about":[{"href":"https:\/\/noticiasnoface.com.br\/index.php\/wp-json\/wp\/v2\/types\/post"}],"author":[{"embeddable":true,"href":"https:\/\/noticiasnoface.com.br\/index.php\/wp-json\/wp\/v2\/users\/1"}],"replies":[{"embeddable":true,"href":"https:\/\/noticiasnoface.com.br\/index.php\/wp-json\/wp\/v2\/comments?post=29439"}],"version-history":[{"count":1,"href":"https:\/\/noticiasnoface.com.br\/index.php\/wp-json\/wp\/v2\/posts\/29439\/revisions"}],"predecessor-version":[{"id":29440,"href":"https:\/\/noticiasnoface.com.br\/index.php\/wp-json\/wp\/v2\/posts\/29439\/revisions\/29440"}],"wp:attachment":[{"href":"https:\/\/noticiasnoface.com.br\/index.php\/wp-json\/wp\/v2\/media?parent=29439"}],"wp:term":[{"taxonomy":"category","embeddable":true,"href":"https:\/\/noticiasnoface.com.br\/index.php\/wp-json\/wp\/v2\/categories?post=29439"},{"taxonomy":"post_tag","embeddable":true,"href":"https:\/\/noticiasnoface.com.br\/index.php\/wp-json\/wp\/v2\/tags?post=29439"}],"curies":[{"name":"wp","href":"https:\/\/api.w.org\/{rel}","templated":true}]}}