{"id":29447,"date":"2025-08-27T21:25:41","date_gmt":"2025-08-28T00:25:41","guid":{"rendered":"https:\/\/noticiasnoface.com.br\/?p=29447"},"modified":"2025-08-27T21:25:41","modified_gmt":"2025-08-28T00:25:41","slug":"camara-de-parnamirim-aprova-ldo-2026","status":"publish","type":"post","link":"https:\/\/noticiasnoface.com.br\/index.php\/2025\/08\/27\/camara-de-parnamirim-aprova-ldo-2026\/","title":{"rendered":"C\u00e2mara de Parnamirim aprova LDO 2026"},"content":{"rendered":"\n<figure class=\"wp-block-image size-large\"><img data-opt-id=706028221  fetchpriority=\"high\" decoding=\"async\" width=\"1024\" height=\"768\" src=\"https:\/\/mlbfrsat7ahr.i.optimole.com\/w:1024\/h:768\/q:mauto\/ig:avif\/https:\/\/noticiasnoface.com.br\/wp-content\/uploads\/2025\/08\/cd58312a-0f9f-4c53-8c46-7921b4bb27e4-1.jpg\" class=\"wp-image-29446\" srcset=\"https:\/\/mlbfrsat7ahr.i.optimole.com\/w:1024\/h:768\/q:mauto\/ig:avif\/https:\/\/noticiasnoface.com.br\/wp-content\/uploads\/2025\/08\/cd58312a-0f9f-4c53-8c46-7921b4bb27e4-1.jpg 1024w, https:\/\/mlbfrsat7ahr.i.optimole.com\/w:300\/h:225\/q:mauto\/ig:avif\/https:\/\/noticiasnoface.com.br\/wp-content\/uploads\/2025\/08\/cd58312a-0f9f-4c53-8c46-7921b4bb27e4-1.jpg 300w, https:\/\/mlbfrsat7ahr.i.optimole.com\/w:768\/h:576\/q:mauto\/ig:avif\/https:\/\/noticiasnoface.com.br\/wp-content\/uploads\/2025\/08\/cd58312a-0f9f-4c53-8c46-7921b4bb27e4-1.jpg 768w, https:\/\/mlbfrsat7ahr.i.optimole.com\/w:1397\/h:1048\/q:mauto\/ig:avif\/https:\/\/noticiasnoface.com.br\/wp-content\/uploads\/2025\/08\/cd58312a-0f9f-4c53-8c46-7921b4bb27e4-1.jpg 1397w\" sizes=\"(max-width: 1000px) 100vw, 1000px\" \/><\/figure>\n\n\n\n<p>Na 74\u00aa sess\u00e3o ordin\u00e1ria da C\u00e2mara Municipal de Parnamirim, realizada nesta quinta-feira (17\/07), foi aprovada a Lei de Diretrizes Or\u00e7ament\u00e1rias (LDO) para o exerc\u00edcio de 2026. A sess\u00e3o, a pen\u00faltima do semestre legislativo, foi marcada por debates intensos e tr\u00eas etapas distintas de vota\u00e7\u00e3o.<\/p>\n\n\n\n<p>Na primeira vota\u00e7\u00e3o, foram apreciadas em bloco as emendas que n\u00e3o haviam sido destacadas. Todas foram aprovadas por unanimidade pelos vereadores presentes.<\/p>\n\n\n\n<p>Em seguida, ocorreu a segunda vota\u00e7\u00e3o, dedicada \u00e0 an\u00e1lise individual e nominal das emendas n\u00ba 2, 3, 4, 75, 76, 77, 118, 126, 149 e 182. Dentre essas, propostas que refor\u00e7avam instrumentos de controle social e fortaleciam o papel fiscalizador do Poder Legislativo, em conson\u00e2ncia com o princ\u00edpio dos freios e contrapesos constitucionais, foram rejeitadas pela bancada governista. As demais emendas foram aprovadas.<\/p>\n\n\n\n<p>Na terceira etapa, foi votado o texto base da LDO, sem emendas, o qual tamb\u00e9m foi aprovado, em primeira vota\u00e7\u00e3o, sem altera\u00e7\u00f5es.<\/p>\n\n\n\n<p>Logo em seguida, na 75\u00aa sess\u00e3o ordin\u00e1ria, realizada imediatamente ap\u00f3s o encerramento da anterior, ocorreu a segunda vota\u00e7\u00e3o do texto consolidado da LDO, que tamb\u00e9m foi aprovada. A pedido do vereador Thiago Fernandes, e com aprova\u00e7\u00e3o do plen\u00e1rio, foi dispensada a apresenta\u00e7\u00e3o da reda\u00e7\u00e3o final. A LDO segue agora para san\u00e7\u00e3o do Poder Executivo.<\/p>\n\n\n\n<p>LEI DE DIRETRIZES OR\u00c7AMENT\u00c1RIAS (LDO)<\/p>\n\n\n\n<p>A Lei de Diretrizes Or\u00e7ament\u00e1rias (LDO) \u00e9 um instrumento fundamental de planejamento p\u00fablico. Elaborada anualmente, ela estabelece as metas e prioridades da administra\u00e7\u00e3o municipal para o ano seguinte, orientando a elabora\u00e7\u00e3o da Lei Or\u00e7ament\u00e1ria Anual (LOA). Sua principal import\u00e2ncia \u00e9 assegurar o equil\u00edbrio entre receitas e despesas, definir limites para gastos e garantir que as a\u00e7\u00f5es do governo estejam alinhadas com o Plano Plurianual (PPA). Ap\u00f3s a san\u00e7\u00e3o da LDO, o Executivo dar\u00e1 in\u00edcio \u00e0 elabora\u00e7\u00e3o da LOA, que detalhar\u00e1, de forma precisa, os valores que ser\u00e3o aplicados em cada \u00e1rea da administra\u00e7\u00e3o p\u00fablica, como sa\u00fade, educa\u00e7\u00e3o, infraestrutura e seguran\u00e7a<\/p>\n\n\n\n<p><\/p>\n","protected":false},"excerpt":{"rendered":"<p>Na 74\u00aa sess\u00e3o ordin\u00e1ria da C\u00e2mara Municipal de Parnamirim, realizada nesta quinta-feira (17\/07), foi aprovada a Lei de Diretrizes Or\u00e7ament\u00e1rias [&hellip;]<\/p>\n","protected":false},"author":1,"featured_media":0,"comment_status":"closed","ping_status":"","sticky":false,"template":"","format":"image","meta":{"site-sidebar-layout":"default","site-content-layout":"","ast-site-content-layout":"default","site-content-style":"default","site-sidebar-style":"default","ast-global-header-display":"","ast-banner-title-visibility":"","ast-main-header-display":"","ast-hfb-above-header-display":"","ast-hfb-below-header-display":"","ast-hfb-mobile-header-display":"","site-post-title":"","ast-breadcrumbs-content":"","ast-featured-img":"","footer-sml-layout":"","ast-disable-related-posts":"","theme-transparent-header-meta":"","adv-header-id-meta":"","stick-header-meta":"","header-above-stick-meta":"","header-main-stick-meta":"","header-below-stick-meta":"","astra-migrate-meta-layouts":"default","ast-page-background-enabled":"default","ast-page-background-meta":{"desktop":{"background-color":"var(--ast-global-color-4)","background-image":"","background-repeat":"repeat","background-position":"center center","background-size":"auto","background-attachment":"scroll","background-type":"","background-media":"","overlay-type":"","overlay-color":"","overlay-opacity":"","overlay-gradient":""},"tablet":{"background-color":"","background-image":"","background-repeat":"repeat","background-position":"center center","background-size":"auto","background-attachment":"scroll","background-type":"","background-media":"","overlay-type":"","overlay-color":"","overlay-opacity":"","overlay-gradient":""},"mobile":{"background-color":"","background-image":"","background-repeat":"repeat","background-position":"center center","background-size":"auto","background-attachment":"scroll","background-type":"","background-media":"","overlay-type":"","overlay-color":"","overlay-opacity":"","overlay-gradient":""}},"ast-content-background-meta":{"desktop":{"background-color":"var(--ast-global-color-5)","background-image":"","background-repeat":"repeat","background-position":"center center","background-size":"auto","background-attachment":"scroll","background-type":"","background-media":"","overlay-type":"","overlay-color":"","overlay-opacity":"","overlay-gradient":""},"tablet":{"background-color":"var(--ast-global-color-5)","background-image":"","background-repeat":"repeat","background-position":"center center","background-size":"auto","background-attachment":"scroll","background-type":"","background-media":"","overlay-type":"","overlay-color":"","overlay-opacity":"","overlay-gradient":""},"mobile":{"background-color":"var(--ast-global-color-5)","background-image":"","background-repeat":"repeat","background-position":"center center","background-size":"auto","background-attachment":"scroll","background-type":"","background-media":"","overlay-type":"","overlay-color":"","overlay-opacity":"","overlay-gradient":""}},"footnotes":""},"categories":[3817],"tags":[],"class_list":["post-29447","post","type-post","status-publish","format-image","hentry","category-camara-municipal-de-parnamirim","post_format-post-format-image"],"_links":{"self":[{"href":"https:\/\/noticiasnoface.com.br\/index.php\/wp-json\/wp\/v2\/posts\/29447","targetHints":{"allow":["GET"]}}],"collection":[{"href":"https:\/\/noticiasnoface.com.br\/index.php\/wp-json\/wp\/v2\/posts"}],"about":[{"href":"https:\/\/noticiasnoface.com.br\/index.php\/wp-json\/wp\/v2\/types\/post"}],"author":[{"embeddable":true,"href":"https:\/\/noticiasnoface.com.br\/index.php\/wp-json\/wp\/v2\/users\/1"}],"replies":[{"embeddable":true,"href":"https:\/\/noticiasnoface.com.br\/index.php\/wp-json\/wp\/v2\/comments?post=29447"}],"version-history":[{"count":1,"href":"https:\/\/noticiasnoface.com.br\/index.php\/wp-json\/wp\/v2\/posts\/29447\/revisions"}],"predecessor-version":[{"id":29448,"href":"https:\/\/noticiasnoface.com.br\/index.php\/wp-json\/wp\/v2\/posts\/29447\/revisions\/29448"}],"wp:attachment":[{"href":"https:\/\/noticiasnoface.com.br\/index.php\/wp-json\/wp\/v2\/media?parent=29447"}],"wp:term":[{"taxonomy":"category","embeddable":true,"href":"https:\/\/noticiasnoface.com.br\/index.php\/wp-json\/wp\/v2\/categories?post=29447"},{"taxonomy":"post_tag","embeddable":true,"href":"https:\/\/noticiasnoface.com.br\/index.php\/wp-json\/wp\/v2\/tags?post=29447"}],"curies":[{"name":"wp","href":"https:\/\/api.w.org\/{rel}","templated":true}]}}