{"id":29459,"date":"2025-08-29T05:17:05","date_gmt":"2025-08-29T08:17:05","guid":{"rendered":"https:\/\/noticiasnoface.com.br\/?p=29459"},"modified":"2025-08-29T05:18:41","modified_gmt":"2025-08-29T08:18:41","slug":"confira-o-ranking-dos-dez-maiores-bilionarios-do-brasil-segundo-a-forbes","status":"publish","type":"post","link":"https:\/\/noticiasnoface.com.br\/index.php\/2025\/08\/29\/confira-o-ranking-dos-dez-maiores-bilionarios-do-brasil-segundo-a-forbes\/","title":{"rendered":"Confira o ranking dos dez maiores bilion\u00e1rios do Brasil, segundo a Forbes"},"content":{"rendered":"\n<figure class=\"wp-block-image size-large\"><img data-opt-id=1352592420  fetchpriority=\"high\" decoding=\"async\" width=\"1024\" height=\"719\" src=\"https:\/\/mlbfrsat7ahr.i.optimole.com\/w:1024\/h:719\/q:mauto\/ig:avif\/https:\/\/noticiasnoface.com.br\/wp-content\/uploads\/2025\/08\/img_3318-1.jpg\" alt=\"\" class=\"wp-image-29461\" srcset=\"https:\/\/mlbfrsat7ahr.i.optimole.com\/w:1024\/h:719\/q:mauto\/ig:avif\/https:\/\/noticiasnoface.com.br\/wp-content\/uploads\/2025\/08\/img_3318-1.jpg 1024w, https:\/\/mlbfrsat7ahr.i.optimole.com\/w:300\/h:211\/q:mauto\/ig:avif\/https:\/\/noticiasnoface.com.br\/wp-content\/uploads\/2025\/08\/img_3318-1.jpg 300w, https:\/\/mlbfrsat7ahr.i.optimole.com\/w:768\/h:540\/q:mauto\/ig:avif\/https:\/\/noticiasnoface.com.br\/wp-content\/uploads\/2025\/08\/img_3318-1.jpg 768w, https:\/\/mlbfrsat7ahr.i.optimole.com\/w:1163\/h:817\/q:mauto\/ig:avif\/https:\/\/noticiasnoface.com.br\/wp-content\/uploads\/2025\/08\/img_3318-1.jpg 1163w\" sizes=\"(max-width: 1000px) 100vw, 1000px\" \/><\/figure>\n\n\n\n<h2 class=\"wp-block-heading content-head__subtitle\">Eduardo Saverin \u00e9 apontado novamente como o brasileiro mais rico, com fortuna de R$ 227 bilh\u00f5es. Lista tem 31 estreantes<\/h2>\n\n\n\n<p class=\"content-publication-data__from\">Por Extra&nbsp;\u2014 Rio de Janeiro<\/p>\n\n\n\n<p class=\"content-publication-data__updated\">28\/08\/2025 08h44&nbsp;&nbsp;Atualizado&nbsp;agora&nbsp;<\/p>\n\n\n\n<hr class=\"wp-block-separator has-alpha-channel-opacity\"\/>\n\n\n\n<figure class=\"wp-block-image\"><img data-opt-id=303975985  fetchpriority=\"high\" decoding=\"async\" src=\"https:\/\/s2-extra.glbimg.com\/hTwdFtcqu1lsvBEsl0oUCCpoIpo=\/0x0:1024x683\/888x0\/smart\/filters:strip_icc()\/i.s3.glbimg.com\/v1\/AUTH_1f551ea7087a47f39ead75f64041559a\/internal_photos\/bs\/2025\/W\/n\/2JpwpvTqueJcXJM1BwPw\/saverin2.jpg\" alt=\"Eduardo Saverin, cofundador do Facebook\"\/><\/figure>\n\n\n\n<p>nullEduardo Saverin, cofundador do Facebook \u2014 Foto: Bloomberg<\/p>\n\n\n\n<p class=\" content-text__container theme-color-primary-first-letter\">A lista dos dez maiores bilion\u00e1rios brasileiros de 2025, que re\u00fane 300 nomes com patrim\u00f4nio acima de R$ 1 bilh\u00e3o, foi divulgada nesta quinta-feira (dia 27) pela Forbes Brasil. Entre eles, est\u00e1 Eduardo Saverin, que mant\u00e9m a lideran\u00e7a pelo segundo ano consecutivo, enquanto Vicky Safra se mant\u00e9m como a \u00fanica mulher no Top 10.<\/p>\n\n\n\n<p class=\" content-text__container \">A edi\u00e7\u00e3o deste ano registrou ainda 31 estreantes, que conquistaram o status de bilion\u00e1rio pela primeira vez, e mostrou que mais da metade dos nomes teve aumento de patrim\u00f4nio, apesar de 20,6% terem registrado queda.&nbsp;<\/p>\n\n\n\n<p class=\" content-text__container \">A lista \u00e9 elaborada a partir de v\u00e1rias fontes, segundo a Forbes Brasil. A mais importante s\u00e3o os pre\u00e7os das a\u00e7\u00f5es listadas em Bolsa, com base na cota\u00e7\u00e3o de fechamento de 30 de junho de 2025. Al\u00e9m de serem informa\u00e7\u00f5es p\u00fablicas, esses dados s\u00e3o oficiais e auditados, o que os torna confi\u00e1veis.&nbsp;<\/p>\n\n\n\n<h2 class=\"wp-block-heading\">Veja abaixo quem est\u00e1 no Top 10 do ranking de bilion\u00e1rios brasileiros:<\/h2>\n\n\n\n<h2 class=\"wp-block-heading\">1 &#8211; Eduardo Saverin<\/h2>\n\n\n\n<figure class=\"wp-block-image\"><img data-opt-id=152172363  decoding=\"async\" src=\"https:\/\/s2-extra.glbimg.com\/hNaBA-rwy4CoIU1Uyl-D3f4tpHM=\/0x0:1000x667\/984x0\/smart\/filters:strip_icc()\/i.s3.glbimg.com\/v1\/AUTH_1f551ea7087a47f39ead75f64041559a\/internal_photos\/bs\/2025\/I\/s\/pvBcHmSje20eC2bLEs7Q\/saverin3.jpg\" alt=\"Eduardo Saverin, bilion\u00e1rio brasileiro, cofundador do Facebook \u2014 Foto: Wei Leng Tay\/Bloomberg\"\/><\/figure>\n\n\n\n<p>nullEduardo Saverin, bilion\u00e1rio brasileiro, cofundador do Facebook \u2014 Foto: Wei Leng Tay\/Bloomberg&nbsp;<\/p>\n\n\n\n<p class=\" content-text__container \">Pelo segundo ano consecutivo, o cofundador do Facebook Eduardo Saverin lidera a lista dos brasileiros mais ricos. O empres\u00e1rio, nascido em S\u00e3o Paulo e radicado em Cingapura, acumula um patrim\u00f4nio estimado em R$ 227 bilh\u00f5es. O valor representa um salto de 45,5% em rela\u00e7\u00e3o ao ano passado e foi poss\u00edvel gra\u00e7as \u00e0 febre da intelig\u00eancia artificial. Ele tem quase R$ 100 bilh\u00f5es a mais do que a segunda colocada, Vicky Sarfati Safra e fam\u00edlia, com R$ 120,5 bilh\u00f5es.&nbsp;<\/p>\n\n\n\n<p>null<\/p>\n\n\n\n<ul class=\"wp-block-list content-unordered-list\">\n<li>Patrim\u00f4nio: R$ 227 bilh\u00f5es (+45,5%)<\/li>\n\n\n\n<li>Empresa: Facebook<\/li>\n\n\n\n<li>Setor: Tecnologia<\/li>\n\n\n\n<li>Idade: 43 anos<\/li>\n<\/ul>\n\n\n\n<h2 class=\"wp-block-heading\">2 \u2013 Vicky Sarfati Safra e fam\u00edlia<\/h2>\n\n\n\n<figure class=\"wp-block-image\"><img data-opt-id=1223828698  decoding=\"async\" src=\"https:\/\/s2-extra.glbimg.com\/vgrASFwhpAt1-PYZL9N8qt1euFg=\/0x0:1000x667\/984x0\/smart\/filters:strip_icc()\/i.s3.glbimg.com\/v1\/AUTH_1f551ea7087a47f39ead75f64041559a\/internal_photos\/bs\/2025\/N\/K\/CJFMfBSTeAzyy8DAp5nQ\/vicky-safra.jpg\" alt=\"Vicky Safra e a fam\u00edlia t\u00eam um patrim\u00f4nio de R$ 120,5 bilh\u00f5es \u2014 Foto: Arquivo\"\/><\/figure>\n\n\n\n<p>nullVicky Safra e a fam\u00edlia t\u00eam um patrim\u00f4nio de R$ 120,5 bilh\u00f5es \u2014 Foto: Arquivo&nbsp;<\/p>\n\n\n\n<p class=\" content-text__container \">Em segundo lugar aparece Vicky Sarfati Safra e fam\u00edlia, com patrim\u00f4nio de R$ 120,5 bilh\u00f5es, 9,4% maior do que o registrado em 2024. Vi\u00fava do banqueiro Joseph Safra, que faleceu em dezembro de 2020, Vicky herdou metade da fortuna e mant\u00e9m participa\u00e7\u00e3o relevante nos neg\u00f3cios da fam\u00edlia. Os demais herdeiros s\u00e3o os filhos: Jacob, Esther, Alberto e David. No in\u00edcio de 2025, Jacob e David compraram a participa\u00e7\u00e3o de Esther no banco. Alberto j\u00e1 havia se afastado do grupo em 2019 para fundar a gestora ASA. Vicky lidera ainda a Vicky and Joseph Safra Philanthropic Foundation, que apoia iniciativas nas \u00e1reas de sa\u00fade, educa\u00e7\u00e3o e artes. A fam\u00edlia continua controlando o Banco Safra, consolidando sua presen\u00e7a no setor financeiro.&nbsp;<\/p>\n\n\n\n<figure class=\"wp-block-embed\"><div class=\"wp-block-embed__wrapper\">\nhttps:\/\/f0f0209e0e70e82f2e6818e877f841c3.safeframe.googlesyndication.com\/safeframe\/1-0-45\/html\/container.html\n<\/div><\/figure>\n\n\n\n<ul class=\"wp-block-list content-unordered-list\">\n<li>Patrim\u00f4nio: R$ 120,5 bilh\u00f5es (+9,4%)<\/li>\n\n\n\n<li>Empresa: Banco Safra<\/li>\n\n\n\n<li>Setor: Finan\u00e7as<\/li>\n\n\n\n<li>Idade: 73 anos<\/li>\n<\/ul>\n\n\n\n<h2 class=\"wp-block-heading\">3 &#8211; Jorge Paulo Lemann<\/h2>\n\n\n\n<figure class=\"wp-block-image\"><img data-opt-id=1789394596  decoding=\"async\" src=\"https:\/\/s2-extra.glbimg.com\/M7SlQsBp0BPxHUB_uzX5FVRq8iA=\/0x0:1000x667\/984x0\/smart\/filters:strip_icc()\/i.s3.glbimg.com\/v1\/AUTH_1f551ea7087a47f39ead75f64041559a\/internal_photos\/bs\/2025\/K\/0\/ZA8uGXTCq6WxAQ3jfhmw\/lemann2.jpg\" alt=\"Jorge Paulo Lemann, cofundador da 3G Capital \u2014 Foto: Dania Maxwell\/Bloomberg\"\/><\/figure>\n\n\n\n<p>Jorge Paulo Lemann, cofundador da 3G Capital \u2014 Foto: Dania Maxwell\/Bloomberg&nbsp;<\/p>\n\n\n\n<p class=\" content-text__container \">Jorge Paulo Lemann perdeu 4,2% de seu patrim\u00f4nio do ano passado para c\u00e1, mas ainda tem R$ 88 bilh\u00f5es. Aos 85 anos, o empres\u00e1rio segue como acionista controlador da AB Inbev, gigante cervejeira, al\u00e9m de manter participa\u00e7\u00f5es na Restaurant Brands International, dona das redes Burger King e Tim Hortons, e em outros investimentos globais. O grupo inclui ainda a S\u00e3o Carlos Empreendimentos, em sociedade com Marcel Herrmann Telles e Carlos Alberto Sicupira. Em maio de 2025, a 3G Capital, grupo de investimentos do qual Lemann \u00e9 s\u00f3cio, adquiriu a Skechers por cerca de US$ 9,4 bilh\u00f5es, seu primeiro grande neg\u00f3cio em tr\u00eas anos.&nbsp;<\/p>\n\n\n\n<figure class=\"wp-block-embed\"><div class=\"wp-block-embed__wrapper\">\nhttps:\/\/f0f0209e0e70e82f2e6818e877f841c3.safeframe.googlesyndication.com\/safeframe\/1-0-45\/html\/container.html\n<\/div><\/figure>\n\n\n\n<ul class=\"wp-block-list content-unordered-list\">\n<li>Patrim\u00f4nio: R$ 88 bilh\u00f5es (-4,2%)<\/li>\n\n\n\n<li>Empresa: AB Inbev \/ 3G Capital<\/li>\n\n\n\n<li>Setor: Bebidas \/ Investimentos<\/li>\n\n\n\n<li>Idade: 85 anos<\/li>\n<\/ul>\n\n\n\n<h2 class=\"wp-block-heading\">4 &#8211; Andr\u00e9 Santos Esteves<\/h2>\n\n\n\n<figure class=\"wp-block-image\"><img data-opt-id=663901879  decoding=\"async\" src=\"https:\/\/s2-extra.glbimg.com\/Le-W2RMzDhQB70LMcoQ_jAUP1lk=\/0x0:1000x667\/984x0\/smart\/filters:strip_icc()\/i.s3.glbimg.com\/v1\/AUTH_1f551ea7087a47f39ead75f64041559a\/internal_photos\/bs\/2025\/8\/Q\/Nt1VtjTCmZFJ6bqeAkAQ\/andre-esteves2.jpg\" alt=\"Andr\u00e9 Esteves, presidente do Banco BTG Pactual \u2014 Foto: Bloomberg\"\/><\/figure>\n\n\n\n<p>Andr\u00e9 Esteves, presidente do Banco BTG Pactual \u2014 Foto: Bloomberg&nbsp;<\/p>\n\n\n\n<p class=\" content-text__container \">Na quarta posi\u00e7\u00e3o est\u00e1 Andr\u00e9 Esteves, com R$ 51 bilh\u00f5es, um aumento expressivo de 56% em rela\u00e7\u00e3o ao ano passado. Principal acionista do BTG Pactual, Esteves viu o banco registrar lucro l\u00edquido ajustado recorde de R$ 13,4 bilh\u00f5es nos 12 meses at\u00e9 junho de 2025. Sua trajet\u00f3ria no setor financeiro come\u00e7ou ainda jovem, em 1989, como analista de sistemas do Banco Pactual, e quatro anos depois ele se tornou s\u00f3cio do banco. Em 2005, entrou para o rol de bilion\u00e1rios e nunca mais saiu.&nbsp;<\/p>\n\n\n\n<p>null<\/p>\n\n\n\n<ul class=\"wp-block-list content-unordered-list\">\n<li>Patrim\u00f4nio: R$ 51 bilh\u00f5es (+56%)<\/li>\n\n\n\n<li>Empresa: BTG Pactual<\/li>\n\n\n\n<li>Setor: Finan\u00e7as<\/li>\n\n\n\n<li>Idade: 57 anos<\/li>\n<\/ul>\n\n\n\n<h2 class=\"wp-block-heading\">5 &#8211; Fernando Roberto Moreira Salles<\/h2>\n\n\n\n<p class=\" content-text__container \">Fernando Roberto Moreira Salles tem patrim\u00f4nio de R$ 40,2 bilh\u00f5es, 4,5% maior do que em 2024. Primog\u00eanito do banqueiro Walther Moreira Salles, Fernando \u00e9 acionista do Ita\u00fa Unibanco por meio da Companhia E. Johnston de Participa\u00e7\u00f5es e tamb\u00e9m participa da mineradora CBMM, l\u00edder mundial na produ\u00e7\u00e3o de ni\u00f3bio. Em 2022, ele comprou parte da participa\u00e7\u00e3o dos irm\u00e3os Walther J\u00fanior e Jo\u00e3o, ficando com 50% do capital da EJ, que det\u00e9m cerca de 33% das a\u00e7\u00f5es do Ita\u00fa.&nbsp;<\/p>\n\n\n\n<ul class=\"wp-block-list content-unordered-list\">\n<li>Patrim\u00f4nio: R$ 40,2 bilh\u00f5es (+4,5%)<\/li>\n\n\n\n<li>Empresa: Ita\u00fa Unibanco \/ CBMM<\/li>\n\n\n\n<li>Setor: Finan\u00e7as \/ Minera\u00e7\u00e3o<\/li>\n\n\n\n<li>Idade: 79 anos<\/li>\n<\/ul>\n\n\n\n<h2 class=\"wp-block-heading\">6 &#8211; Carlos Alberto da Veiga Sicupira<\/h2>\n\n\n\n<figure class=\"wp-block-image\"><img data-opt-id=708920096  decoding=\"async\" src=\"https:\/\/s2-extra.glbimg.com\/bDHMQAFvEFnwSwiAkw0gFayHMXA=\/0x0:1000x750\/984x0\/smart\/filters:strip_icc()\/i.s3.glbimg.com\/v1\/AUTH_1f551ea7087a47f39ead75f64041559a\/internal_photos\/bs\/2025\/t\/E\/RSLpDdSBmrARtGNA7Vig\/beto-sicupira.jpg\" alt=\"Beto Sicupira, s\u00f3cio da AB Inbev e da 3G Capital \u2014 Foto: Divulga\u00e7\u00e3o\/Expert\/XP\"\/><\/figure>\n\n\n\n<p>Beto Sicupira, s\u00f3cio da AB Inbev e da 3G Capital \u2014 Foto: Divulga\u00e7\u00e3o\/Expert\/XP&nbsp;<\/p>\n\n\n\n<figure class=\"wp-block-embed\"><div class=\"wp-block-embed__wrapper\">\nhttps:\/\/f0f0209e0e70e82f2e6818e877f841c3.safeframe.googlesyndication.com\/safeframe\/1-0-45\/html\/container.html\n<\/div><\/figure>\n\n\n\n<p class=\" content-text__container \">Logo atr\u00e1s est\u00e1 Carlos Alberto da Veiga Sicupira, com patrim\u00f4nio de R$ 39,1 bilh\u00f5es, que recuou 20,8% em rela\u00e7\u00e3o a 2024. S\u00f3cio da AB Inbev e da 3G Capital, ao lado de Jorge Paulo Lemann, Sicupira enfrentou um per\u00edodo desafiador, marcado pela crise da Americanas em 2023, mas conseguiu manter boa parte do patrim\u00f4nio gra\u00e7as \u00e0 participa\u00e7\u00e3o no conglomerado cervejeiro. Ap\u00f3s vender sua participa\u00e7\u00e3o na Kraft Heinz, a 3G Capital manteve-se discreta at\u00e9 a compra da Skechers no in\u00edcio de 2025.&nbsp;<\/p>\n\n\n\n<ul class=\"wp-block-list content-unordered-list\">\n<li>Patrim\u00f4nio: R$ 39,1 bilh\u00f5es (-20,8%)<\/li>\n\n\n\n<li>Empresa: AB Inbev \/ 3G Capital<\/li>\n\n\n\n<li>Setor: Bebidas \/ Investimentos<\/li>\n\n\n\n<li>Idade: 77 anos<\/li>\n<\/ul>\n\n\n\n<h2 class=\"wp-block-heading\">7 &#8211; Pedro Moreira Salles<\/h2>\n\n\n\n<figure class=\"wp-block-image\"><img data-opt-id=729598036  decoding=\"async\" src=\"https:\/\/s2-extra.glbimg.com\/YH93t0L8bpx0PrXMt6T8VOATjJY=\/0x0:1000x710\/984x0\/smart\/filters:strip_icc()\/i.s3.glbimg.com\/v1\/AUTH_1f551ea7087a47f39ead75f64041559a\/internal_photos\/bs\/2025\/j\/z\/qiSH2eR0iztFWAXkr3gQ\/pedro-moreira-salles.jpg\" alt=\"Pedro Moreira Salles \u00e9 copresidente do Conselho de Administra\u00e7\u00e3o do Ita\u00fa Unibanco \u2014 Foto: Edilson Dantas\"\/><\/figure>\n\n\n\n<p>Pedro Moreira Salles \u00e9 copresidente do Conselho de Administra\u00e7\u00e3o do Ita\u00fa Unibanco \u2014 Foto: Edilson Dantas&nbsp;<\/p>\n\n\n\n<figure class=\"wp-block-embed\"><div class=\"wp-block-embed__wrapper\">\nhttps:\/\/f0f0209e0e70e82f2e6818e877f841c3.safeframe.googlesyndication.com\/safeframe\/1-0-45\/html\/container.html\n<\/div><\/figure>\n\n\n\n<p class=\" content-text__container \">O s\u00e9timo lugar \u00e9 ocupado por Pedro Moreira Salles, com fortuna de R$ 38 bilh\u00f5es, um aumento de 5,1% em rela\u00e7\u00e3o a 2024. Terceiro filho de Walther Moreira Salles, Pedro \u00e9 copresidente do Conselho de Administra\u00e7\u00e3o do Ita\u00fa Unibanco e, assim como os irm\u00e3os, possui participa\u00e7\u00e3o na Companhia E. Johnston de Participa\u00e7\u00f5es. Ele tamb\u00e9m tem a\u00e7\u00f5es na CBMM, em que ficou com 44% ap\u00f3s a reestrutura\u00e7\u00e3o familiar de 2022.&nbsp;<\/p>\n\n\n\n<ul class=\"wp-block-list content-unordered-list\">\n<li>Patrim\u00f4nio: R$ 38 bilh\u00f5es (+5,1%)<\/li>\n\n\n\n<li>Empresa: Ita\u00fa Unibanco \/ CBMM<\/li>\n\n\n\n<li>Setor: Finan\u00e7as \/ Minera\u00e7\u00e3o<\/li>\n\n\n\n<li>Idade: 65 anos<\/li>\n<\/ul>\n\n\n\n<h2 class=\"wp-block-heading\">8 &#8211; Miguel Gellert Krigsner<\/h2>\n\n\n\n<figure class=\"wp-block-image\"><img data-opt-id=585125828  decoding=\"async\" src=\"https:\/\/s2-extra.glbimg.com\/ypqwMCArLu4rGIXZfX6NB0ikWs0=\/0x0:1000x937\/984x0\/smart\/filters:strip_icc()\/i.s3.glbimg.com\/v1\/AUTH_1f551ea7087a47f39ead75f64041559a\/internal_photos\/bs\/2025\/a\/q\/AAuf75TkiygibxwqR2kQ\/miguel.jpg\" alt=\"Miguel Krigsner, fundador de O Botic\u00e1rio \u2014 Foto: Cl\u00e1udio Belli\/Valor\"\/><\/figure>\n\n\n\n<p>nullMiguel Krigsner, fundador de O Botic\u00e1rio \u2014 Foto: Cl\u00e1udio Belli\/Valor&nbsp;<\/p>\n\n\n\n<p class=\" content-text__container \">Miguel Gellert Krigsner, fundador de O Botic\u00e1rio, aparece em oitova luga do ranking, com patrim\u00f4nio de R$ 34,2 bilh\u00f5es, um crescimento de 19,2% ante 2024. Nascido em La Paz, na Bol\u00edvia, ele se mudou com a fam\u00edlia para Curitiba aos 11 anos. Graduado em farm\u00e1cia e bioqu\u00edmica, Krigsner fundou em 1977 a farm\u00e1cia de manipula\u00e7\u00e3o que se tornaria O Botic\u00e1rio, pioneiro em franquias de cosm\u00e9ticos no pa\u00eds. Atualmente, a rede controla marcas como Eudora, Quem Disse, Berenice?, Beauty Box, Vult e O.U.i. Em 2025, a empresa recebeu cr\u00e9dito de R$ 1 bilh\u00e3o do BNDES para financiar sua expans\u00e3o.&nbsp;<\/p>\n\n\n\n<figure class=\"wp-block-embed\"><div class=\"wp-block-embed__wrapper\">\nhttps:\/\/f0f0209e0e70e82f2e6818e877f841c3.safeframe.googlesyndication.com\/safeframe\/1-0-45\/html\/container.html\n<\/div><\/figure>\n\n\n\n<ul class=\"wp-block-list content-unordered-list\">\n<li>Patrim\u00f4nio: R$ 34,2 bilh\u00f5es (+19,2%)<\/li>\n\n\n\n<li>Empresa: O Botic\u00e1rio<\/li>\n\n\n\n<li>Setor: Cosm\u00e9ticos<\/li>\n\n\n\n<li>Idade: 75 anos<\/li>\n<\/ul>\n\n\n\n<h2 class=\"wp-block-heading\">9 &#8211; Alexandre Behring da Costa<\/h2>\n\n\n\n<figure class=\"wp-block-image\"><img data-opt-id=436183149  decoding=\"async\" src=\"https:\/\/s2-extra.glbimg.com\/vvjiG4P1AOBI7Vxbl2Uia2YObwk=\/0x0:1000x656\/984x0\/smart\/filters:strip_icc()\/i.s3.glbimg.com\/v1\/AUTH_1f551ea7087a47f39ead75f64041559a\/internal_photos\/bs\/2025\/w\/Q\/sTMCD1TwK5WKplzN1ADQ\/alexandre.jpg\" alt=\"O empres\u00e1rio Alexandre Behring da Costa \u2014 Foto: Carla Romero\/Valor\"\/><\/figure>\n\n\n\n<p>O empres\u00e1rio Alexandre Behring da Costa \u2014 Foto: Carla Romero\/Valor&nbsp;<\/p>\n\n\n\n<ul class=\"wp-block-list content-unordered-list\">\n<li>O nono colocado \u00e9 Alexandre Behring da Costa, com R$ 31 bilh\u00f5es, uma queda de 11,1% em rela\u00e7\u00e3o a 2024. Engenheiro eletr\u00f4nico e especialista em private equity, Behring foi s\u00f3cio da Modus OSI Tecnologias e depois da GP Investimentos, chegando a comandar a Am\u00e9rica Latina Log\u00edstica em 1998. Atualmente, integra os conselhos da Restaurant Brands International, dona das redes Burger King e Tim Hortons, e \u00e9 figura importante na 3G Capital.<\/li>\n\n\n\n<li>Patrim\u00f4nio: R$ 31 bilh\u00f5es (-11,1%)<\/li>\n\n\n\n<li>Empresa: 3G Capital<\/li>\n\n\n\n<li>Setor: Investimentos<\/li>\n\n\n\n<li>Idade: 58 anos<\/li>\n<\/ul>\n\n\n\n<figure class=\"wp-block-embed\"><div class=\"wp-block-embed__wrapper\">\nhttps:\/\/f0f0209e0e70e82f2e6818e877f841c3.safeframe.googlesyndication.com\/safeframe\/1-0-45\/html\/container.html\n<\/div><\/figure>\n\n\n\n<h2 class=\"wp-block-heading\">10 &#8211; Jorge Neval Moll Filho<\/h2>\n\n\n\n<figure class=\"wp-block-image\"><img data-opt-id=400258829  decoding=\"async\" src=\"https:\/\/s2-extra.glbimg.com\/8N21x7CEVEo1Lrgg50VJCxKgeeA=\/0x0:1000x729\/984x0\/smart\/filters:strip_icc()\/i.s3.glbimg.com\/v1\/AUTH_1f551ea7087a47f39ead75f64041559a\/internal_photos\/bs\/2025\/2\/l\/7OsJ9lTqmkBj4s9ST2mg\/moll.jpg\" alt=\"O cardiologista Jorge Neval Moll Filho \u2014 Foto: Divulga\u00e7\u00e3o\/Rede D'Or\"\/><\/figure>\n\n\n\n<p>O cardiologista Jorge Neval Moll Filho \u2014 Foto: Divulga\u00e7\u00e3o\/Rede D&#8217;Or&nbsp;<\/p>\n\n\n\n<p class=\" content-text__container \">Por fim, o d\u00e9cimo lugar pertence a Jorge Neval Moll Filho, com patrim\u00f4nio de R$ 30,4 bilh\u00f5es, crescimento expressivo de 119,1%. Cardiologista de forma\u00e7\u00e3o, Moll fundou a Rede D\u2019Or em 1977, hoje o maior grupo hospitalar do Brasil, com 69 hospitais pr\u00f3prios e 53 cl\u00ednicas oncol\u00f3gicas. A empresa abriu capital na B3 em 2020, movimentando R$ 11,3 bilh\u00f5es. Jorge Moll continua como principal acionista e presidente do Conselho de Administra\u00e7\u00e3o da empresa, com sua esposa e cinco filhos tamb\u00e9m participando do capital. Neste ano, surgiram rumores de uma poss\u00edvel parceria entre a Rede D\u2019Or e a rede de medicina diagn\u00f3stica Fleury, mas o neg\u00f3cio n\u00e3o foi confirmado.&nbsp;<\/p>\n\n\n\n<p><\/p>\n","protected":false},"excerpt":{"rendered":"<p>Eduardo Saverin \u00e9 apontado novamente como o brasileiro mais rico, com fortuna de R$ 227 bilh\u00f5es. Lista tem 31 estreantes [&hellip;]<\/p>\n","protected":false},"author":1,"featured_media":0,"comment_status":"closed","ping_status":"","sticky":false,"template":"","format":"image","meta":{"site-sidebar-layout":"default","site-content-layout":"","ast-site-content-layout":"default","site-content-style":"default","site-sidebar-style":"default","ast-global-header-display":"","ast-banner-title-visibility":"","ast-main-header-display":"","ast-hfb-above-header-display":"","ast-hfb-below-header-display":"","ast-hfb-mobile-header-display":"","site-post-title":"","ast-breadcrumbs-content":"","ast-featured-img":"","footer-sml-layout":"","ast-disable-related-posts":"","theme-transparent-header-meta":"","adv-header-id-meta":"","stick-header-meta":"","header-above-stick-meta":"","header-main-stick-meta":"","header-below-stick-meta":"","astra-migrate-meta-layouts":"default","ast-page-background-enabled":"default","ast-page-background-meta":{"desktop":{"background-color":"var(--ast-global-color-4)","background-image":"","background-repeat":"repeat","background-position":"center center","background-size":"auto","background-attachment":"scroll","background-type":"","background-media":"","overlay-type":"","overlay-color":"","overlay-opacity":"","overlay-gradient":""},"tablet":{"background-color":"","background-image":"","background-repeat":"repeat","background-position":"center center","background-size":"auto","background-attachment":"scroll","background-type":"","background-media":"","overlay-type":"","overlay-color":"","overlay-opacity":"","overlay-gradient":""},"mobile":{"background-color":"","background-image":"","background-repeat":"repeat","background-position":"center center","background-size":"auto","background-attachment":"scroll","background-type":"","background-media":"","overlay-type":"","overlay-color":"","overlay-opacity":"","overlay-gradient":""}},"ast-content-background-meta":{"desktop":{"background-color":"var(--ast-global-color-5)","background-image":"","background-repeat":"repeat","background-position":"center center","background-size":"auto","background-attachment":"scroll","background-type":"","background-media":"","overlay-type":"","overlay-color":"","overlay-opacity":"","overlay-gradient":""},"tablet":{"background-color":"var(--ast-global-color-5)","background-image":"","background-repeat":"repeat","background-position":"center center","background-size":"auto","background-attachment":"scroll","background-type":"","background-media":"","overlay-type":"","overlay-color":"","overlay-opacity":"","overlay-gradient":""},"mobile":{"background-color":"var(--ast-global-color-5)","background-image":"","background-repeat":"repeat","background-position":"center center","background-size":"auto","background-attachment":"scroll","background-type":"","background-media":"","overlay-type":"","overlay-color":"","overlay-opacity":"","overlay-gradient":""}},"footnotes":""},"categories":[517],"tags":[],"class_list":["post-29459","post","type-post","status-publish","format-image","hentry","category-aconteceu","post_format-post-format-image"],"_links":{"self":[{"href":"https:\/\/noticiasnoface.com.br\/index.php\/wp-json\/wp\/v2\/posts\/29459","targetHints":{"allow":["GET"]}}],"collection":[{"href":"https:\/\/noticiasnoface.com.br\/index.php\/wp-json\/wp\/v2\/posts"}],"about":[{"href":"https:\/\/noticiasnoface.com.br\/index.php\/wp-json\/wp\/v2\/types\/post"}],"author":[{"embeddable":true,"href":"https:\/\/noticiasnoface.com.br\/index.php\/wp-json\/wp\/v2\/users\/1"}],"replies":[{"embeddable":true,"href":"https:\/\/noticiasnoface.com.br\/index.php\/wp-json\/wp\/v2\/comments?post=29459"}],"version-history":[{"count":3,"href":"https:\/\/noticiasnoface.com.br\/index.php\/wp-json\/wp\/v2\/posts\/29459\/revisions"}],"predecessor-version":[{"id":29463,"href":"https:\/\/noticiasnoface.com.br\/index.php\/wp-json\/wp\/v2\/posts\/29459\/revisions\/29463"}],"wp:attachment":[{"href":"https:\/\/noticiasnoface.com.br\/index.php\/wp-json\/wp\/v2\/media?parent=29459"}],"wp:term":[{"taxonomy":"category","embeddable":true,"href":"https:\/\/noticiasnoface.com.br\/index.php\/wp-json\/wp\/v2\/categories?post=29459"},{"taxonomy":"post_tag","embeddable":true,"href":"https:\/\/noticiasnoface.com.br\/index.php\/wp-json\/wp\/v2\/tags?post=29459"}],"curies":[{"name":"wp","href":"https:\/\/api.w.org\/{rel}","templated":true}]}}