{"id":29475,"date":"2025-08-30T18:00:37","date_gmt":"2025-08-30T21:00:37","guid":{"rendered":"https:\/\/noticiasnoface.com.br\/?p=29475"},"modified":"2025-08-30T18:34:39","modified_gmt":"2025-08-30T21:34:39","slug":"crea-rn-sob-questionamentoemissao-de-cat-14-anos-apostermino-da-obra-levanta-suspeitas","status":"publish","type":"post","link":"https:\/\/noticiasnoface.com.br\/index.php\/2025\/08\/30\/crea-rn-sob-questionamentoemissao-de-cat-14-anos-apostermino-da-obra-levanta-suspeitas\/","title":{"rendered":"CREA-RN sob questionamento:emiss\u00e3o de CAT 14 anos ap\u00f3s t\u00e9rmino  da obra levanta suspeitas"},"content":{"rendered":"\n<figure class=\"wp-block-image size-large\"><img data-opt-id=889910294  fetchpriority=\"high\" decoding=\"async\" width=\"955\" height=\"1024\" src=\"https:\/\/mlbfrsat7ahr.i.optimole.com\/w:955\/h:1024\/q:mauto\/ig:avif\/https:\/\/noticiasnoface.com.br\/wp-content\/uploads\/2025\/08\/img_3460-1.jpg\" alt=\"\" class=\"wp-image-29474\" srcset=\"https:\/\/mlbfrsat7ahr.i.optimole.com\/w:955\/h:1024\/q:mauto\/ig:avif\/https:\/\/noticiasnoface.com.br\/wp-content\/uploads\/2025\/08\/img_3460-1.jpg 955w, https:\/\/mlbfrsat7ahr.i.optimole.com\/w:280\/h:300\/q:mauto\/ig:avif\/https:\/\/noticiasnoface.com.br\/wp-content\/uploads\/2025\/08\/img_3460-1.jpg 280w, https:\/\/mlbfrsat7ahr.i.optimole.com\/w:768\/h:824\/q:mauto\/ig:avif\/https:\/\/noticiasnoface.com.br\/wp-content\/uploads\/2025\/08\/img_3460-1.jpg 768w, https:\/\/mlbfrsat7ahr.i.optimole.com\/w:1006\/h:1080\/q:mauto\/ig:avif\/https:\/\/noticiasnoface.com.br\/wp-content\/uploads\/2025\/08\/img_3460-1.jpg 1320w\" sizes=\"(max-width: 955px) 100vw, 955px\" \/><figcaption class=\"wp-element-caption\"><br \/>Ap\u00f3s 14 anos da conclus\u00e3o de obra, emiss\u00e3o de CAT gera questionamentos no CREA-RN<br \/>Uma representa\u00e7\u00e3o envolvendo a emiss\u00e3o de uma Certid\u00e3o de Acervo T\u00e9cnico (CAT) pelo Conselho Regional de Engenharia e Agronomia do Rio Grande do Norte (CREA-RN) tem despertado aten\u00e7\u00e3o no setor da constru\u00e7\u00e3o civil. O documento, solicitado em car\u00e1ter de urg\u00eancia para habilitar a empresa WSC Empreendimentos, apresenta diverg\u00eancias t\u00e9cnicas e temporais que t\u00eam sido alvo de debate entre profissionais.<br \/>O caso est\u00e1 relacionado ao empreendimento Residencial Mans\u00e3o Terrazzo, localizado em Mossor\u00f3 (RN). De acordo com os registros, a obra teria utilizado sistema modular, mas vistorias posteriores n\u00e3o identificaram esse tipo de execu\u00e7\u00e3o, gerando d\u00favidas sobre a compatibilidade das informa\u00e7\u00f5es declaradas.<br \/>Outro ponto \u00e9 que, embora a obra tenha sido conclu\u00edda em 2011, a Anota\u00e7\u00e3o de Responsabilidade T\u00e9cnica (ART) foi registrada apenas em 2012. Ainda assim, a CAT s\u00f3 foi emitida em 2025 \u2014 14 anos ap\u00f3s a conclus\u00e3o da constru\u00e7\u00e3o. Especialistas ouvidos pela reportagem consideram a pr\u00e1tica, no m\u00ednimo, question\u00e1vel, j\u00e1 que a certid\u00e3o deveria refletir a atua\u00e7\u00e3o t\u00e9cnica contempor\u00e2nea \u00e0 execu\u00e7\u00e3o da obra.<br \/>Tamb\u00e9m foram anexados ao sistema do CREA-RN dois atestados distintos sobre o mesmo empreendimento, com informa\u00e7\u00f5es divergentes. Em um deles, a empresa figura ao mesmo tempo como contratante e contratada, situa\u00e7\u00e3o que levanta d\u00favidas sobre a regularidade do procedimento. Al\u00e9m disso, constam itens gen\u00e9ricos e quantitativos considerados incompat\u00edveis com o porte da edifica\u00e7\u00e3o.<br \/>O respons\u00e1vel t\u00e9cnico vinculado ao acervo \u00e9 Pedro Augusto da Esc\u00f3ssia Chaves, atual presidente do Sinduscon de Mossor\u00f3. Esse contexto gerou debates sobre eventuais influ\u00eancias institucionais ou pol\u00edticas no processo de emiss\u00e3o da CAT, em raz\u00e3o da posi\u00e7\u00e3o de destaque que ele ocupa no setor.<br \/>\u26a0\ufe0f Juristas e engenheiros consultados ressaltam que, se as inconsist\u00eancias forem confirmadas por \u00f3rg\u00e3os competentes, a situa\u00e7\u00e3o pode ensejar apura\u00e7\u00f5es por irregularidade administrativa, fraude documental ou at\u00e9 favorecimento em licita\u00e7\u00e3o. Tamb\u00e9m pode trazer impactos \u00e0 credibilidade do CREA-RN e \u00e0s entidades de classe envolvidas.<br \/>A reportagem solicitou manifesta\u00e7\u00e3o ao CREA-RN e \u00e0 WSC Empreendimentos, mas n\u00e3o obteve resposta at\u00e9 o fechamento desta mat\u00e9ria.<\/figcaption><\/figure>\n","protected":false},"excerpt":{"rendered":"","protected":false},"author":1,"featured_media":0,"comment_status":"closed","ping_status":"","sticky":false,"template":"","format":"image","meta":{"site-sidebar-layout":"default","site-content-layout":"","ast-site-content-layout":"default","site-content-style":"default","site-sidebar-style":"default","ast-global-header-display":"","ast-banner-title-visibility":"","ast-main-header-display":"","ast-hfb-above-header-display":"","ast-hfb-below-header-display":"","ast-hfb-mobile-header-display":"","site-post-title":"","ast-breadcrumbs-content":"","ast-featured-img":"","footer-sml-layout":"","ast-disable-related-posts":"","theme-transparent-header-meta":"","adv-header-id-meta":"","stick-header-meta":"","header-above-stick-meta":"","header-main-stick-meta":"","header-below-stick-meta":"","astra-migrate-meta-layouts":"default","ast-page-background-enabled":"default","ast-page-background-meta":{"desktop":{"background-color":"var(--ast-global-color-4)","background-image":"","background-repeat":"repeat","background-position":"center center","background-size":"auto","background-attachment":"scroll","background-type":"","background-media":"","overlay-type":"","overlay-color":"","overlay-opacity":"","overlay-gradient":""},"tablet":{"background-color":"","background-image":"","background-repeat":"repeat","background-position":"center center","background-size":"auto","background-attachment":"scroll","background-type":"","background-media":"","overlay-type":"","overlay-color":"","overlay-opacity":"","overlay-gradient":""},"mobile":{"background-color":"","background-image":"","background-repeat":"repeat","background-position":"center center","background-size":"auto","background-attachment":"scroll","background-type":"","background-media":"","overlay-type":"","overlay-color":"","overlay-opacity":"","overlay-gradient":""}},"ast-content-background-meta":{"desktop":{"background-color":"var(--ast-global-color-5)","background-image":"","background-repeat":"repeat","background-position":"center center","background-size":"auto","background-attachment":"scroll","background-type":"","background-media":"","overlay-type":"","overlay-color":"","overlay-opacity":"","overlay-gradient":""},"tablet":{"background-color":"var(--ast-global-color-5)","background-image":"","background-repeat":"repeat","background-position":"center center","background-size":"auto","background-attachment":"scroll","background-type":"","background-media":"","overlay-type":"","overlay-color":"","overlay-opacity":"","overlay-gradient":""},"mobile":{"background-color":"var(--ast-global-color-5)","background-image":"","background-repeat":"repeat","background-position":"center center","background-size":"auto","background-attachment":"scroll","background-type":"","background-media":"","overlay-type":"","overlay-color":"","overlay-opacity":"","overlay-gradient":""}},"footnotes":""},"categories":[517],"tags":[],"class_list":["post-29475","post","type-post","status-publish","format-image","hentry","category-aconteceu","post_format-post-format-image"],"_links":{"self":[{"href":"https:\/\/noticiasnoface.com.br\/index.php\/wp-json\/wp\/v2\/posts\/29475","targetHints":{"allow":["GET"]}}],"collection":[{"href":"https:\/\/noticiasnoface.com.br\/index.php\/wp-json\/wp\/v2\/posts"}],"about":[{"href":"https:\/\/noticiasnoface.com.br\/index.php\/wp-json\/wp\/v2\/types\/post"}],"author":[{"embeddable":true,"href":"https:\/\/noticiasnoface.com.br\/index.php\/wp-json\/wp\/v2\/users\/1"}],"replies":[{"embeddable":true,"href":"https:\/\/noticiasnoface.com.br\/index.php\/wp-json\/wp\/v2\/comments?post=29475"}],"version-history":[{"count":2,"href":"https:\/\/noticiasnoface.com.br\/index.php\/wp-json\/wp\/v2\/posts\/29475\/revisions"}],"predecessor-version":[{"id":29477,"href":"https:\/\/noticiasnoface.com.br\/index.php\/wp-json\/wp\/v2\/posts\/29475\/revisions\/29477"}],"wp:attachment":[{"href":"https:\/\/noticiasnoface.com.br\/index.php\/wp-json\/wp\/v2\/media?parent=29475"}],"wp:term":[{"taxonomy":"category","embeddable":true,"href":"https:\/\/noticiasnoface.com.br\/index.php\/wp-json\/wp\/v2\/categories?post=29475"},{"taxonomy":"post_tag","embeddable":true,"href":"https:\/\/noticiasnoface.com.br\/index.php\/wp-json\/wp\/v2\/tags?post=29475"}],"curies":[{"name":"wp","href":"https:\/\/api.w.org\/{rel}","templated":true}]}}