{"id":29482,"date":"2025-08-30T20:55:33","date_gmt":"2025-08-30T23:55:33","guid":{"rendered":"https:\/\/noticiasnoface.com.br\/?p=29482"},"modified":"2025-08-30T20:55:33","modified_gmt":"2025-08-30T23:55:33","slug":"camara-de-natal-aprova-nove-projetos-em-sessao-ordinaria","status":"publish","type":"post","link":"https:\/\/noticiasnoface.com.br\/index.php\/2025\/08\/30\/camara-de-natal-aprova-nove-projetos-em-sessao-ordinaria\/","title":{"rendered":"C\u00e2mara de Natal aprova nove projetos em sess\u00e3o ordin\u00e1ria&nbsp;"},"content":{"rendered":"\n<figure class=\"wp-block-image foto-noticia\"><img data-opt-id=587466661  fetchpriority=\"high\" decoding=\"async\" src=\"https:\/\/www.cmnat.rn.gov.br\/_ups\/noticias\/2025\/08\/28\/78160512913b6e7c74d409e7c7661e99.jpeg\" alt=\"\"\/><\/figure>\n\n\n\n<p>Na sess\u00e3o ordin\u00e1ria desta quinta-feira (28), a C\u00e2mara Municipal de Natal aprovou nove projetos, entre eles cinco vetos do Executivo que tiveram pareceres tanto pela derrubada quanto pela manuten\u00e7\u00e3o.<\/p>\n\n\n\n<p>Entre os destaques est\u00e1 o Projeto de Lei n\u00ba 711\/2024, de autoria do vereador Kleber Fernandes (Republicanos), que cria a Pol\u00edtica Municipal de Preven\u00e7\u00e3o e Combate \u00e0 Depend\u00eancia ocasionada por apostas esportivas no munic\u00edpio. A mat\u00e9ria foi aprovada em segunda discuss\u00e3o.<\/p>\n\n\n\n<p>Segundo o autor, o objetivo \u00e9 conscientizar a popula\u00e7\u00e3o sobre os riscos da depend\u00eancia gerada por jogos on-line. \u201cAs apostas t\u00eam sido uma realidade crescente no pa\u00eds, trazendo transtornos financeiros, patrimoniais e at\u00e9 psicol\u00f3gicos. \u00c9 dever do poder p\u00fablico desenvolver campanhas educativas, principalmente nas escolas municipais, para orientar e acolher pessoas afetadas por esse v\u00edcio\u201d, destacou Kleber.<\/p>\n\n\n\n<p>Tamb\u00e9m em segunda discuss\u00e3o, foi aprovado o Projeto de Lei n\u00ba 159\/2025, do vereador Robson Carvalho (Uni\u00e3o Brasil), que trata do prazo m\u00e1ximo de tramita\u00e7\u00e3o de processos administrativos considerados priorit\u00e1rios no \u00e2mbito da administra\u00e7\u00e3o p\u00fablica direta e indireta do munic\u00edpio.<\/p>\n\n\n\n<p>J\u00e1 o Projeto de Lei n\u00ba 317\/2025, do vereador T\u00e9rcio Tinoco (Uni\u00e3o Brasil), reconhece como de utilidade p\u00fablica municipal o Grupo Natal Doa\u00e7\u00f5es, respons\u00e1vel por a\u00e7\u00f5es solid\u00e1rias em benef\u00edcio da popula\u00e7\u00e3o.<\/p>\n\n\n\n<p>Texto: Phablo Galv\u00e3o&nbsp;<br \/>Fotos: Francisco de Assis<\/p>\n","protected":false},"excerpt":{"rendered":"<p>Na sess\u00e3o ordin\u00e1ria desta quinta-feira (28), a C\u00e2mara Municipal de Natal aprovou nove projetos, entre eles cinco vetos do Executivo [&hellip;]<\/p>\n","protected":false},"author":1,"featured_media":0,"comment_status":"closed","ping_status":"","sticky":false,"template":"","format":"image","meta":{"site-sidebar-layout":"default","site-content-layout":"","ast-site-content-layout":"default","site-content-style":"default","site-sidebar-style":"default","ast-global-header-display":"","ast-banner-title-visibility":"","ast-main-header-display":"","ast-hfb-above-header-display":"","ast-hfb-below-header-display":"","ast-hfb-mobile-header-display":"","site-post-title":"","ast-breadcrumbs-content":"","ast-featured-img":"","footer-sml-layout":"","ast-disable-related-posts":"","theme-transparent-header-meta":"","adv-header-id-meta":"","stick-header-meta":"","header-above-stick-meta":"","header-main-stick-meta":"","header-below-stick-meta":"","astra-migrate-meta-layouts":"default","ast-page-background-enabled":"default","ast-page-background-meta":{"desktop":{"background-color":"var(--ast-global-color-4)","background-image":"","background-repeat":"repeat","background-position":"center center","background-size":"auto","background-attachment":"scroll","background-type":"","background-media":"","overlay-type":"","overlay-color":"","overlay-opacity":"","overlay-gradient":""},"tablet":{"background-color":"","background-image":"","background-repeat":"repeat","background-position":"center center","background-size":"auto","background-attachment":"scroll","background-type":"","background-media":"","overlay-type":"","overlay-color":"","overlay-opacity":"","overlay-gradient":""},"mobile":{"background-color":"","background-image":"","background-repeat":"repeat","background-position":"center center","background-size":"auto","background-attachment":"scroll","background-type":"","background-media":"","overlay-type":"","overlay-color":"","overlay-opacity":"","overlay-gradient":""}},"ast-content-background-meta":{"desktop":{"background-color":"var(--ast-global-color-5)","background-image":"","background-repeat":"repeat","background-position":"center center","background-size":"auto","background-attachment":"scroll","background-type":"","background-media":"","overlay-type":"","overlay-color":"","overlay-opacity":"","overlay-gradient":""},"tablet":{"background-color":"var(--ast-global-color-5)","background-image":"","background-repeat":"repeat","background-position":"center center","background-size":"auto","background-attachment":"scroll","background-type":"","background-media":"","overlay-type":"","overlay-color":"","overlay-opacity":"","overlay-gradient":""},"mobile":{"background-color":"var(--ast-global-color-5)","background-image":"","background-repeat":"repeat","background-position":"center center","background-size":"auto","background-attachment":"scroll","background-type":"","background-media":"","overlay-type":"","overlay-color":"","overlay-opacity":"","overlay-gradient":""}},"footnotes":""},"categories":[3816],"tags":[],"class_list":["post-29482","post","type-post","status-publish","format-image","hentry","category-camara-municipal-de-natal","post_format-post-format-image"],"_links":{"self":[{"href":"https:\/\/noticiasnoface.com.br\/index.php\/wp-json\/wp\/v2\/posts\/29482","targetHints":{"allow":["GET"]}}],"collection":[{"href":"https:\/\/noticiasnoface.com.br\/index.php\/wp-json\/wp\/v2\/posts"}],"about":[{"href":"https:\/\/noticiasnoface.com.br\/index.php\/wp-json\/wp\/v2\/types\/post"}],"author":[{"embeddable":true,"href":"https:\/\/noticiasnoface.com.br\/index.php\/wp-json\/wp\/v2\/users\/1"}],"replies":[{"embeddable":true,"href":"https:\/\/noticiasnoface.com.br\/index.php\/wp-json\/wp\/v2\/comments?post=29482"}],"version-history":[{"count":1,"href":"https:\/\/noticiasnoface.com.br\/index.php\/wp-json\/wp\/v2\/posts\/29482\/revisions"}],"predecessor-version":[{"id":29483,"href":"https:\/\/noticiasnoface.com.br\/index.php\/wp-json\/wp\/v2\/posts\/29482\/revisions\/29483"}],"wp:attachment":[{"href":"https:\/\/noticiasnoface.com.br\/index.php\/wp-json\/wp\/v2\/media?parent=29482"}],"wp:term":[{"taxonomy":"category","embeddable":true,"href":"https:\/\/noticiasnoface.com.br\/index.php\/wp-json\/wp\/v2\/categories?post=29482"},{"taxonomy":"post_tag","embeddable":true,"href":"https:\/\/noticiasnoface.com.br\/index.php\/wp-json\/wp\/v2\/tags?post=29482"}],"curies":[{"name":"wp","href":"https:\/\/api.w.org\/{rel}","templated":true}]}}