{"id":29489,"date":"2025-08-31T19:00:15","date_gmt":"2025-08-31T22:00:15","guid":{"rendered":"https:\/\/noticiasnoface.com.br\/?p=29489"},"modified":"2025-08-31T19:00:15","modified_gmt":"2025-08-31T22:00:15","slug":"governo-projeta-novas-sancoes-dos-eua-com-julgamento-de-bolsonaro-por-tentativa-de-golpe","status":"publish","type":"post","link":"https:\/\/noticiasnoface.com.br\/index.php\/2025\/08\/31\/governo-projeta-novas-sancoes-dos-eua-com-julgamento-de-bolsonaro-por-tentativa-de-golpe\/","title":{"rendered":"Governo projeta novas san\u00e7\u00f5es dos EUA com julgamento de Bolsonaro por tentativa de golpe"},"content":{"rendered":"\n<figure class=\"wp-block-image size-large\"><img data-opt-id=1597771259  fetchpriority=\"high\" decoding=\"async\" src=\"file:\/\/\/private\/var\/mobile\/Containers\/Data\/Application\/2B5F0EFA-9CD2-46DC-A2DC-74FE2949AB0E\/tmp\/org.automattic.MediaImageServiceSymlinks\/thumbnail-f150f6ae-6fee-40b6-88da-cf63ca70cc86-600x376.jpeg\" class=\"wp-image-1627324772\"\/><\/figure>\n\n\n\n<h2 class=\"wp-block-heading subhead\">Ex-presidente come\u00e7a a ser julgado por tentativa de golpe na ter\u00e7a-feira (2). Trump citou o caso de Bolsonaro entre os motivos do tarifa\u00e7o de 50% sobre produtos brasileiros.<\/h2>\n\n\n\n<p>Por&nbsp;<a href=\"https:\/\/g1.globo.com\/autores\/guilherme-balza\/\" target=\"_blank\" rel=\"noopener\">Guilherme Balza<\/a>,&nbsp;<a href=\"https:\/\/g1.globo.com\/autores\/guilherme-mazui\/\" target=\"_blank\" rel=\"noopener\">Guilherme Mazui<\/a>, GloboNews e g1&nbsp;\u2014 Bras\u00edlia&nbsp;<\/p>\n\n\n\n<p>31\/08\/2025 04h00&nbsp;Atualizado&nbsp;h\u00e1 14 horas<\/p>\n\n\n\n<hr class=\"wp-block-separator has-alpha-channel-opacity\"\/>\n\n\n\n<p>Lula refor\u00e7a tom nacionalista com bon\u00e9 e recados contra tarifa\u00e7o&nbsp;<\/p>\n\n\n\n<p>O governo&nbsp;<a href=\"https:\/\/g1.globo.com\/politica\/politico\/lula\/\" target=\"_blank\" rel=\"noopener\">Lula<\/a>&nbsp;projeta&nbsp;<strong>uma nova leva de san\u00e7\u00f5es dos EUA motivada pelo julgamento do ex-presidente&nbsp;<\/strong><a href=\"https:\/\/g1.globo.com\/politica\/politico\/jair-bolsonaro\/\" target=\"_blank\" rel=\"noopener\"><strong>Jair Bolsonaro<\/strong><\/a><strong>&nbsp;(PL) no Supremo Tribunal Federal (STF).&nbsp;<\/strong><\/p>\n\n\n\n<p>A Primeira Turma do STF&nbsp;<a href=\"https:\/\/g1.globo.com\/politica\/noticia\/2025\/08\/29\/que-dia-e-o-julgamento-de-bolsonaro-no-stf-veja-data-e-horarios-das-sessoes.ghtml\" target=\"_blank\" rel=\"noopener\">come\u00e7a a julgar na pr\u00f3xima ter\u00e7a-feira (2) os integrantes do n\u00facleo central dos acusados de tentativa de golpe de Estado.&nbsp;<\/a><\/p>\n\n\n\n<p>Bolsonaro&nbsp;<a href=\"https:\/\/g1.globo.com\/politica\/noticia\/2025\/02\/18\/veja-integra-da-denuncia-da-pgr-contra-bolsonaro-e-mais-33-por-tentativa-de-golpe-de-estado.ghtml\" target=\"_blank\" rel=\"noopener\">\u00e9 acusado pela Procuradoria-Geral da Rep\u00fablica (PGR) de ser o &#8220;principal articulador, maior benefici\u00e1rio e autor&#8221;&nbsp;<\/a>das a\u00e7\u00f5es voltadas para se manter no poder mesmo com a derrota na elei\u00e7\u00e3o de 2022.<\/p>\n\n\n\n<p>A situa\u00e7\u00e3o de Bolsonaro foi apontada pelo presidente dos EUA,&nbsp;<a href=\"https:\/\/g1.globo.com\/tudo-sobre\/donald-trump\/\" target=\"_blank\" rel=\"noopener\">Donald Trump<\/a>,&nbsp;<a href=\"https:\/\/g1.globo.com\/economia\/noticia\/2025\/07\/09\/carta-de-trump-leia-integra-do-texto-que-alega-motivos-politicos-e-comerciais-para-tarifa-de-50percent-brasil.ghtml\" target=\"_blank\" rel=\"noopener\">entre os motivos do tarifa\u00e7o de 50% para importa\u00e7\u00e3o de produtos brasileiros, em vigor desde 6 de agosto.&nbsp;<\/a><\/p>\n\n\n\n<blockquote class=\"wp-block-quote is-layout-flow wp-block-quote-is-layout-flow\">\n<p>Como Trump exigiu o encerramento dos processos de Bolsonaro, integrantes do governo Lula avaliam que a rela\u00e7\u00e3o com os EUA entra em uma &#8220;fase cr\u00edtica&#8221;, na qual uma eventual condena\u00e7\u00e3o do ex-presidente provocar\u00e1 novas san\u00e7\u00f5es econ\u00f4micas e contra ministros do STF.<\/p>\n<\/blockquote>\n\n\n\n<p><\/p>\n","protected":false},"excerpt":{"rendered":"<p>Ex-presidente come\u00e7a a ser julgado por tentativa de golpe na ter\u00e7a-feira (2). Trump citou o caso de Bolsonaro entre os [&hellip;]<\/p>\n","protected":false},"author":1,"featured_media":0,"comment_status":"closed","ping_status":"","sticky":false,"template":"","format":"image","meta":{"site-sidebar-layout":"default","site-content-layout":"","ast-site-content-layout":"default","site-content-style":"default","site-sidebar-style":"default","ast-global-header-display":"","ast-banner-title-visibility":"","ast-main-header-display":"","ast-hfb-above-header-display":"","ast-hfb-below-header-display":"","ast-hfb-mobile-header-display":"","site-post-title":"","ast-breadcrumbs-content":"","ast-featured-img":"","footer-sml-layout":"","ast-disable-related-posts":"","theme-transparent-header-meta":"","adv-header-id-meta":"","stick-header-meta":"","header-above-stick-meta":"","header-main-stick-meta":"","header-below-stick-meta":"","astra-migrate-meta-layouts":"default","ast-page-background-enabled":"default","ast-page-background-meta":{"desktop":{"background-color":"var(--ast-global-color-4)","background-image":"","background-repeat":"repeat","background-position":"center center","background-size":"auto","background-attachment":"scroll","background-type":"","background-media":"","overlay-type":"","overlay-color":"","overlay-opacity":"","overlay-gradient":""},"tablet":{"background-color":"","background-image":"","background-repeat":"repeat","background-position":"center center","background-size":"auto","background-attachment":"scroll","background-type":"","background-media":"","overlay-type":"","overlay-color":"","overlay-opacity":"","overlay-gradient":""},"mobile":{"background-color":"","background-image":"","background-repeat":"repeat","background-position":"center center","background-size":"auto","background-attachment":"scroll","background-type":"","background-media":"","overlay-type":"","overlay-color":"","overlay-opacity":"","overlay-gradient":""}},"ast-content-background-meta":{"desktop":{"background-color":"var(--ast-global-color-5)","background-image":"","background-repeat":"repeat","background-position":"center center","background-size":"auto","background-attachment":"scroll","background-type":"","background-media":"","overlay-type":"","overlay-color":"","overlay-opacity":"","overlay-gradient":""},"tablet":{"background-color":"var(--ast-global-color-5)","background-image":"","background-repeat":"repeat","background-position":"center center","background-size":"auto","background-attachment":"scroll","background-type":"","background-media":"","overlay-type":"","overlay-color":"","overlay-opacity":"","overlay-gradient":""},"mobile":{"background-color":"var(--ast-global-color-5)","background-image":"","background-repeat":"repeat","background-position":"center center","background-size":"auto","background-attachment":"scroll","background-type":"","background-media":"","overlay-type":"","overlay-color":"","overlay-opacity":"","overlay-gradient":""}},"footnotes":""},"categories":[517],"tags":[],"class_list":["post-29489","post","type-post","status-publish","format-image","hentry","category-aconteceu","post_format-post-format-image"],"_links":{"self":[{"href":"https:\/\/noticiasnoface.com.br\/index.php\/wp-json\/wp\/v2\/posts\/29489","targetHints":{"allow":["GET"]}}],"collection":[{"href":"https:\/\/noticiasnoface.com.br\/index.php\/wp-json\/wp\/v2\/posts"}],"about":[{"href":"https:\/\/noticiasnoface.com.br\/index.php\/wp-json\/wp\/v2\/types\/post"}],"author":[{"embeddable":true,"href":"https:\/\/noticiasnoface.com.br\/index.php\/wp-json\/wp\/v2\/users\/1"}],"replies":[{"embeddable":true,"href":"https:\/\/noticiasnoface.com.br\/index.php\/wp-json\/wp\/v2\/comments?post=29489"}],"version-history":[{"count":1,"href":"https:\/\/noticiasnoface.com.br\/index.php\/wp-json\/wp\/v2\/posts\/29489\/revisions"}],"predecessor-version":[{"id":29490,"href":"https:\/\/noticiasnoface.com.br\/index.php\/wp-json\/wp\/v2\/posts\/29489\/revisions\/29490"}],"wp:attachment":[{"href":"https:\/\/noticiasnoface.com.br\/index.php\/wp-json\/wp\/v2\/media?parent=29489"}],"wp:term":[{"taxonomy":"category","embeddable":true,"href":"https:\/\/noticiasnoface.com.br\/index.php\/wp-json\/wp\/v2\/categories?post=29489"},{"taxonomy":"post_tag","embeddable":true,"href":"https:\/\/noticiasnoface.com.br\/index.php\/wp-json\/wp\/v2\/tags?post=29489"}],"curies":[{"name":"wp","href":"https:\/\/api.w.org\/{rel}","templated":true}]}}