{"id":29495,"date":"2025-08-31T19:02:14","date_gmt":"2025-08-31T22:02:14","guid":{"rendered":"https:\/\/noticiasnoface.com.br\/?p=29495"},"modified":"2025-08-31T19:02:14","modified_gmt":"2025-08-31T22:02:14","slug":"bolsonaro-pode-ser-preso-por-quanto-tempo-veja-qual-e-a-pena-maxima","status":"publish","type":"post","link":"https:\/\/noticiasnoface.com.br\/index.php\/2025\/08\/31\/bolsonaro-pode-ser-preso-por-quanto-tempo-veja-qual-e-a-pena-maxima\/","title":{"rendered":"Bolsonaro pode ser preso? Por quanto tempo? Veja qual \u00e9 a pena m\u00e1xima"},"content":{"rendered":"\n<p>31\/08\/2025 05h30<\/p>\n\n\n\n<figure class=\"wp-block-image\"><img data-opt-id=1760694943  fetchpriority=\"high\" decoding=\"async\" src=\"https:\/\/conteudo.imguol.com.br\/c\/noticias\/90\/2025\/08\/15\/o-ex-presidente-jair-bolsonaro-em-prisao-domiciliar-na-casa-dele-em-brasilia-1755254701805_v2_900x506.jpg\" alt=\"O ex-presidente Jair Bolsonaro em pris\u00e3o domiciliar na casa dele em Bras\u00edlia\" title=\"O ex-presidente Jair Bolsonaro em pris\u00e3o domiciliar na casa dele em Bras\u00edlia\"\/><\/figure>\n\n\n\n<p>O ex-presidente Jair Bolsonaro em pris\u00e3o domiciliar na casa dele em Bras\u00edlia&nbsp;Imagem: Adriano Machado &#8211; 14.ago.2025\/Reuters<\/p>\n\n\n\n<p>O ex-presidente Jair Bolsonaro (PL) pode ser condenado a uma pena m\u00e1xima de 46 anos, caso seja considerado culpado por todos os crimes em que \u00e9 acusado no&nbsp;<a href=\"https:\/\/noticias.uol.com.br\/politica\/ultimas-noticias\/2025\/08\/26\/quando-e-o-julgamento-de-bolsonaro-no-stf-veja-data-das-audiencias.htm\" target=\"_blank\" rel=\"noopener\">julgamento da trama golpista no STF<\/a>.<\/p>\n\n\n\n<h2 class=\"wp-block-heading\">O que aconteceu<\/h2>\n\n\n\n<p><strong>PGR defende que Bolsonaro seja condenado por cinco crimes.&nbsp;<\/strong>Nas&nbsp;<a href=\"https:\/\/noticias.uol.com.br\/politica\/ultimas-noticias\/2025\/07\/14\/pgr-condenacao-bolsonaro-prisao-trama-golpista.htm\" target=\"_blank\" rel=\"noopener\">alega\u00e7\u00f5es finais apresentadas pela Procuradoria-Geral da Rep\u00fablica<\/a>, o \u00f3rg\u00e3o reafirmou as acusa\u00e7\u00f5es contra o r\u00e9u por:<\/p>\n\n\n\n<ol class=\"wp-block-list\">\n<li><strong>liderar organiza\u00e7\u00e3o criminosa armada:\u00a0<\/strong>at\u00e9 20 anos de reclus\u00e3o;<\/li>\n\n\n\n<li><strong>tentativa de aboli\u00e7\u00e3o violenta do Estado democr\u00e1tico de Direito:\u00a0<\/strong>at\u00e9 8 anos de pris\u00e3o;<\/li>\n\n\n\n<li><strong>golpe de Estado:\u00a0<\/strong>m\u00e1xima de 12 anos de reclus\u00e3o;<\/li>\n\n\n\n<li><strong>dano qualificado pela viol\u00eancia e grave amea\u00e7a, contra o patrim\u00f4nio da Uni\u00e3o, e com consider\u00e1vel preju\u00edzo para a v\u00edtima:\u00a0<\/strong>pena m\u00e1xima de 3 anos de pris\u00e3o;<\/li>\n\n\n\n<li><strong>deteriora\u00e7\u00e3o de patrim\u00f4nio tombado:\u00a0<\/strong>at\u00e9 3 anos de pris\u00e3o.<\/li>\n<\/ol>\n\n\n\n<p>Continua ap\u00f3s a publicidade<\/p>\n\n\n\n<p><strong>Apesar da soma das acusa\u00e7\u00f5es, Bolsonaro n\u00e3o poderia ficar 46 anos na pris\u00e3o.&nbsp;<\/strong>Isso porque, no Brasil, o tempo m\u00e1ximo de cumprimento de pena \u00e9 de 40 anos. Esse limite foi&nbsp;<a href=\"https:\/\/noticias.uol.com.br\/politica\/ultimas-noticias\/2019\/12\/11\/senado-aprova-pacote-anticrime-e-projeto-vai-a-sancao-de-bolsonaro.htm\" target=\"_blank\" rel=\"noopener\">ampliado de 30 para 40 anos com a aprova\u00e7\u00e3o do pacote anticrime<\/a>, apresentado pelo ent\u00e3o ministro da Justi\u00e7a, Sergio Moro,&nbsp;<a href=\"https:\/\/noticias.uol.com.br\/politica\/ultimas-noticias\/2019\/12\/25\/bolsonaro-sanciona-pacote-anticrime-com-vetos-mas-mantem-juiz-de-garantias.htm\" target=\"_blank\" rel=\"noopener\">durante o governo do pr\u00f3prio Bolsonaro<\/a>.<\/p>\n\n\n\n<p><strong>A defini\u00e7\u00e3o da pena caber\u00e1 ao STF.&nbsp;<\/strong>Caso seja condenado, os ministros poder\u00e3o considerar, por exemplo, que Bolsonaro n\u00e3o cometeu algum dos cinco crimes da den\u00fancia, o que reduziria o tempo de pris\u00e3o.<\/p>\n\n\n\n<p><strong>Al\u00e9m disso, h\u00e1 formas de progress\u00e3o de regime previstas na lei.&nbsp;<\/strong>Com elas, condenados criminalmente tentam recorrer para n\u00e3o ficarem encarcerados, indo do regime fechado para o semiaberto e aberto. \u00c9 raro, portanto, um cumprimento de pena t\u00e3o longo.<\/p>\n\n\n\n<p><strong>Para especialista, \u00e9 &#8220;improv\u00e1vel&#8221; que Bolsonaro seja condenado \u00e0 pena m\u00e1xima.&nbsp;<\/strong>O professor de direito penal da Uerj (Universidade Estadual do Rio de Janeiro) Davi Tangerino explica, por\u00e9m, que uma senten\u00e7a mais dura poderia ocorrer diante de poss\u00edveis agravantes. No caso do crime de organiza\u00e7\u00e3o criminosa, por exemplo, a pena poderia aumentar em at\u00e9 12 anos por Bolsonaro ser considerado l\u00edder do grupo.<\/p>\n\n\n\n<h2 class=\"wp-block-heading\">Possibilidade de pris\u00e3o domiciliar<\/h2>\n\n\n\n<p><strong>Bolsonaro pode ficar em pris\u00e3o domiciliar caso seja condenado pelo STF.&nbsp;<\/strong>A possibilidade do cumprimento da eventual pena em casa \u00e9 considerada nos bastidores de Bras\u00edlia segunda a<a href=\"https:\/\/noticias.uol.com.br\/colunas\/leticia-casado\/2025\/07\/15\/bolsonaro-condenado-prisao.htm\" target=\"_blank\" rel=\"noopener\">coluna de Let\u00edcia Casado, que ouviu lideran\u00e7as partid\u00e1rias e integrantes de tribunais superiores, sob anonimato<\/a>.Continua ap\u00f3s a publicidade<\/p>\n\n\n\n<p><strong>Bolsonaro tem 70 anos e problemas de sa\u00fade decorrentes da facada que levou no atentado durante a campanha eleitoral de 2018.&nbsp;<\/strong>O mais recente \u00e9 uma&nbsp;<a href=\"https:\/\/noticias.uol.com.br\/politica\/ultimas-noticias\/2025\/07\/01\/bolsonaro-cancela-compromissos-de-julho-por-questao-de-saudedizemmedicos.htm\" target=\"_blank\" rel=\"noopener\">esofagite intensa que o obrigou a ficar de repouso<\/a>&nbsp;durante o m\u00eas de julho, mas o ex-presidente j\u00e1 teve que usar bolsa de colostomia e ficou internado em UTI.<\/p>\n\n\n\n<h2 class=\"wp-block-heading\">Pris\u00e3o n\u00e3o seria imediata<\/h2>\n\n\n\n<p><strong>A eventual pris\u00e3o dos r\u00e9us, caso sejam condenados, n\u00e3o vai ocorrer de forma autom\u00e1tica.&nbsp;<\/strong>A deten\u00e7\u00e3o s\u00f3 poder\u00e1 ser efetivada ap\u00f3s julgamento dos recursos contra a condena\u00e7\u00e3o.&nbsp;<\/p>\n\n\n\n<p><strong>Em caso de condena\u00e7\u00e3o, os r\u00e9us n\u00e3o devem ficar em pres\u00eddios comuns.&nbsp;<\/strong>Oficiais do Ex\u00e9rcito t\u00eam direito \u00e0 pris\u00e3o especial, de acordo com o C\u00f3digo de Processo Penal (CPP). O n\u00facleo 1 tem cinco militares do Ex\u00e9rcito, um da Marinha e dois delegados da Pol\u00edcia Federal, que tamb\u00e9m podem ser beneficiados pela restri\u00e7\u00e3o.<\/p>\n","protected":false},"excerpt":{"rendered":"<p>31\/08\/2025 05h30 O ex-presidente Jair Bolsonaro em pris\u00e3o domiciliar na casa dele em Bras\u00edlia&nbsp;Imagem: Adriano Machado &#8211; 14.ago.2025\/Reuters O ex-presidente [&hellip;]<\/p>\n","protected":false},"author":1,"featured_media":0,"comment_status":"closed","ping_status":"","sticky":false,"template":"","format":"image","meta":{"site-sidebar-layout":"default","site-content-layout":"","ast-site-content-layout":"default","site-content-style":"default","site-sidebar-style":"default","ast-global-header-display":"","ast-banner-title-visibility":"","ast-main-header-display":"","ast-hfb-above-header-display":"","ast-hfb-below-header-display":"","ast-hfb-mobile-header-display":"","site-post-title":"","ast-breadcrumbs-content":"","ast-featured-img":"","footer-sml-layout":"","ast-disable-related-posts":"","theme-transparent-header-meta":"","adv-header-id-meta":"","stick-header-meta":"","header-above-stick-meta":"","header-main-stick-meta":"","header-below-stick-meta":"","astra-migrate-meta-layouts":"default","ast-page-background-enabled":"default","ast-page-background-meta":{"desktop":{"background-color":"var(--ast-global-color-4)","background-image":"","background-repeat":"repeat","background-position":"center center","background-size":"auto","background-attachment":"scroll","background-type":"","background-media":"","overlay-type":"","overlay-color":"","overlay-opacity":"","overlay-gradient":""},"tablet":{"background-color":"","background-image":"","background-repeat":"repeat","background-position":"center center","background-size":"auto","background-attachment":"scroll","background-type":"","background-media":"","overlay-type":"","overlay-color":"","overlay-opacity":"","overlay-gradient":""},"mobile":{"background-color":"","background-image":"","background-repeat":"repeat","background-position":"center center","background-size":"auto","background-attachment":"scroll","background-type":"","background-media":"","overlay-type":"","overlay-color":"","overlay-opacity":"","overlay-gradient":""}},"ast-content-background-meta":{"desktop":{"background-color":"var(--ast-global-color-5)","background-image":"","background-repeat":"repeat","background-position":"center center","background-size":"auto","background-attachment":"scroll","background-type":"","background-media":"","overlay-type":"","overlay-color":"","overlay-opacity":"","overlay-gradient":""},"tablet":{"background-color":"var(--ast-global-color-5)","background-image":"","background-repeat":"repeat","background-position":"center center","background-size":"auto","background-attachment":"scroll","background-type":"","background-media":"","overlay-type":"","overlay-color":"","overlay-opacity":"","overlay-gradient":""},"mobile":{"background-color":"var(--ast-global-color-5)","background-image":"","background-repeat":"repeat","background-position":"center center","background-size":"auto","background-attachment":"scroll","background-type":"","background-media":"","overlay-type":"","overlay-color":"","overlay-opacity":"","overlay-gradient":""}},"footnotes":""},"categories":[517],"tags":[],"class_list":["post-29495","post","type-post","status-publish","format-image","hentry","category-aconteceu","post_format-post-format-image"],"_links":{"self":[{"href":"https:\/\/noticiasnoface.com.br\/index.php\/wp-json\/wp\/v2\/posts\/29495","targetHints":{"allow":["GET"]}}],"collection":[{"href":"https:\/\/noticiasnoface.com.br\/index.php\/wp-json\/wp\/v2\/posts"}],"about":[{"href":"https:\/\/noticiasnoface.com.br\/index.php\/wp-json\/wp\/v2\/types\/post"}],"author":[{"embeddable":true,"href":"https:\/\/noticiasnoface.com.br\/index.php\/wp-json\/wp\/v2\/users\/1"}],"replies":[{"embeddable":true,"href":"https:\/\/noticiasnoface.com.br\/index.php\/wp-json\/wp\/v2\/comments?post=29495"}],"version-history":[{"count":1,"href":"https:\/\/noticiasnoface.com.br\/index.php\/wp-json\/wp\/v2\/posts\/29495\/revisions"}],"predecessor-version":[{"id":29496,"href":"https:\/\/noticiasnoface.com.br\/index.php\/wp-json\/wp\/v2\/posts\/29495\/revisions\/29496"}],"wp:attachment":[{"href":"https:\/\/noticiasnoface.com.br\/index.php\/wp-json\/wp\/v2\/media?parent=29495"}],"wp:term":[{"taxonomy":"category","embeddable":true,"href":"https:\/\/noticiasnoface.com.br\/index.php\/wp-json\/wp\/v2\/categories?post=29495"},{"taxonomy":"post_tag","embeddable":true,"href":"https:\/\/noticiasnoface.com.br\/index.php\/wp-json\/wp\/v2\/tags?post=29495"}],"curies":[{"name":"wp","href":"https:\/\/api.w.org\/{rel}","templated":true}]}}