{"id":29497,"date":"2025-08-31T21:14:47","date_gmt":"2025-09-01T00:14:47","guid":{"rendered":"https:\/\/noticiasnoface.com.br\/?p=29497"},"modified":"2025-08-31T21:14:47","modified_gmt":"2025-09-01T00:14:47","slug":"plano-plurianual-2026-2029-e-aprovado-na-comissao-de-financas-da-cmn-2","status":"publish","type":"post","link":"https:\/\/noticiasnoface.com.br\/index.php\/2025\/08\/31\/plano-plurianual-2026-2029-e-aprovado-na-comissao-de-financas-da-cmn-2\/","title":{"rendered":"Plano Plurianual 2026-2029 \u00e9 aprovado na Comiss\u00e3o de Finan\u00e7as da CMN&nbsp;"},"content":{"rendered":"\n<figure class=\"wp-block-image foto-noticia\"><img data-opt-id=539948271  fetchpriority=\"high\" decoding=\"async\" src=\"https:\/\/www.cmnat.rn.gov.br\/_ups\/noticias\/2025\/08\/27\/2e5dbebe1af70950f710c6d332e5c33a.jpeg\" alt=\"\"\/><\/figure>\n\n\n\n<p>O Plano Plurianual (PPA) para o quadri\u00eanio 2026-2029 foi aprovado na reuni\u00e3o desta quarta-feira (27) da Comiss\u00e3o de Finan\u00e7as, Or\u00e7amento, Controle e Fiscaliza\u00e7\u00e3o da C\u00e2mara Municipal de Natal. Encaminhado pelo Executivo, o PPA \u00e9 um instrumento de planejamento para a elabora\u00e7\u00e3o de projetos em diversas \u00e1reas de atua\u00e7\u00e3o da Prefeitura. O relator falou sobre a import\u00e2ncia do PPA que inclui as prioridades, os objetivos e as metas da administra\u00e7\u00e3o p\u00fablica, al\u00e9m dos investimentos e dos programas governamentais.&nbsp;<\/p>\n\n\n\n<p>&#8220;Hoje este parlamento deu um passo importante rumo ao planejamento e organiza\u00e7\u00e3o da cidade com a aprova\u00e7\u00e3o do Plano Plurianual, pe\u00e7a or\u00e7ament\u00e1ria extremamente importante. O PPA estabelece as principais metas da cidade para o pr\u00f3ximo quadri\u00eanio, sendo fundamental para a elabora\u00e7\u00e3o da LDO e da LOA. Por este motivo, \u00e9 bom que seja aprovado com agilidade para termos tempo de fazer ajustes a fim de aprimorar a mat\u00e9ria no Legislativo&#8221;, explicou o vereador Irapu\u00e3 Ara\u00fajo (Republicanos).&nbsp;<\/p>\n\n\n\n<p>Ao todo, 18 projetos foram votados pelo colegiado. Entre os aprovados, o PL 111\/2025, de autoria do vereador Kleber Fernandes (Republicanos), que cria o Programa de Atendimento Psicol\u00f3gico Preventivo \u00e0 S\u00edndrome de Burnout para servidores p\u00fablicos municipais de Natal, com o objetivo de prevenir a S\u00edndrome de Burnout e promover a sa\u00fade mental dos profissionais de diversas \u00e1reas laborais. De acordo com o texto, o programa ser\u00e1 desenvolvido pelo Poder Executivo, por meio da Secretaria Municipal de Sa\u00fade, em parceria com institui\u00e7\u00f5es p\u00fablicas e privadas especializadas na \u00e1rea da psicologia e sa\u00fade mental.<\/p>\n\n\n\n<p>As concession\u00e1rias dos servi\u00e7os p\u00fablicos de fornecimento de \u00e1gua e energia el\u00e9trica que atuam na capital potiguar dever\u00e3o, obrigatoriamente, oferecer ao consumidor a possibilidade de quitar d\u00e9bitos pendentes antes das empresas efetuarem a suspens\u00e3o do servi\u00e7o fornecido. \u00c9 o que determina o Projeto de Lei n\u00b0 618\/2024, apresentado pelo vereador Preto Aquino (Podemos), tamb\u00e9m aprovado pela Comiss\u00e3o de Finan\u00e7as.<\/p>\n\n\n\n<p>&#8220;O projeto foi pensado para notificar e oferecer aos consumidores a possibilidade de regularizar a situa\u00e7\u00e3o de inadimpl\u00eancia mediante pagamento na modalidade d\u00e9bito e cr\u00e9dito, antes da suspens\u00e3o do fornecimento de \u00e1gua e luz. Caso seja efetuado o pagamento, que o procedimento de corte seja cancelado. Acredito que ser\u00e1 bom para os dois lados: o consumidor ter\u00e1 a chance de pagar o d\u00e9bito sem qualquer preju\u00edzo e a empresa ter\u00e1 celeridade no recebimento das receitas&#8221;, pontuou Preto Aquino.<\/p>\n\n\n\n<p>A vereadora Samanda Alves (PT) e os vereadores Robson Carvalho (Uni\u00e3o Brasil), Subtenente Eliabe (PL), Daniell Rendall (Republicanos) e Pedro Henrique (PP) tamb\u00e9m participaram da reuni\u00e3o.<\/p>\n\n\n\n<p><em><strong>Texto: Junior Martins<br \/>Fotos: Ot\u00e1vio Augusto<\/strong><\/em><\/p>\n","protected":false},"excerpt":{"rendered":"<p>O Plano Plurianual (PPA) para o quadri\u00eanio 2026-2029 foi aprovado na reuni\u00e3o desta quarta-feira (27) da Comiss\u00e3o de Finan\u00e7as, Or\u00e7amento, [&hellip;]<\/p>\n","protected":false},"author":1,"featured_media":0,"comment_status":"closed","ping_status":"","sticky":false,"template":"","format":"image","meta":{"site-sidebar-layout":"default","site-content-layout":"","ast-site-content-layout":"default","site-content-style":"default","site-sidebar-style":"default","ast-global-header-display":"","ast-banner-title-visibility":"","ast-main-header-display":"","ast-hfb-above-header-display":"","ast-hfb-below-header-display":"","ast-hfb-mobile-header-display":"","site-post-title":"","ast-breadcrumbs-content":"","ast-featured-img":"","footer-sml-layout":"","ast-disable-related-posts":"","theme-transparent-header-meta":"","adv-header-id-meta":"","stick-header-meta":"","header-above-stick-meta":"","header-main-stick-meta":"","header-below-stick-meta":"","astra-migrate-meta-layouts":"default","ast-page-background-enabled":"default","ast-page-background-meta":{"desktop":{"background-color":"var(--ast-global-color-4)","background-image":"","background-repeat":"repeat","background-position":"center center","background-size":"auto","background-attachment":"scroll","background-type":"","background-media":"","overlay-type":"","overlay-color":"","overlay-opacity":"","overlay-gradient":""},"tablet":{"background-color":"","background-image":"","background-repeat":"repeat","background-position":"center center","background-size":"auto","background-attachment":"scroll","background-type":"","background-media":"","overlay-type":"","overlay-color":"","overlay-opacity":"","overlay-gradient":""},"mobile":{"background-color":"","background-image":"","background-repeat":"repeat","background-position":"center center","background-size":"auto","background-attachment":"scroll","background-type":"","background-media":"","overlay-type":"","overlay-color":"","overlay-opacity":"","overlay-gradient":""}},"ast-content-background-meta":{"desktop":{"background-color":"var(--ast-global-color-5)","background-image":"","background-repeat":"repeat","background-position":"center center","background-size":"auto","background-attachment":"scroll","background-type":"","background-media":"","overlay-type":"","overlay-color":"","overlay-opacity":"","overlay-gradient":""},"tablet":{"background-color":"var(--ast-global-color-5)","background-image":"","background-repeat":"repeat","background-position":"center center","background-size":"auto","background-attachment":"scroll","background-type":"","background-media":"","overlay-type":"","overlay-color":"","overlay-opacity":"","overlay-gradient":""},"mobile":{"background-color":"var(--ast-global-color-5)","background-image":"","background-repeat":"repeat","background-position":"center center","background-size":"auto","background-attachment":"scroll","background-type":"","background-media":"","overlay-type":"","overlay-color":"","overlay-opacity":"","overlay-gradient":""}},"footnotes":""},"categories":[3816],"tags":[],"class_list":["post-29497","post","type-post","status-publish","format-image","hentry","category-camara-municipal-de-natal","post_format-post-format-image"],"_links":{"self":[{"href":"https:\/\/noticiasnoface.com.br\/index.php\/wp-json\/wp\/v2\/posts\/29497","targetHints":{"allow":["GET"]}}],"collection":[{"href":"https:\/\/noticiasnoface.com.br\/index.php\/wp-json\/wp\/v2\/posts"}],"about":[{"href":"https:\/\/noticiasnoface.com.br\/index.php\/wp-json\/wp\/v2\/types\/post"}],"author":[{"embeddable":true,"href":"https:\/\/noticiasnoface.com.br\/index.php\/wp-json\/wp\/v2\/users\/1"}],"replies":[{"embeddable":true,"href":"https:\/\/noticiasnoface.com.br\/index.php\/wp-json\/wp\/v2\/comments?post=29497"}],"version-history":[{"count":1,"href":"https:\/\/noticiasnoface.com.br\/index.php\/wp-json\/wp\/v2\/posts\/29497\/revisions"}],"predecessor-version":[{"id":29498,"href":"https:\/\/noticiasnoface.com.br\/index.php\/wp-json\/wp\/v2\/posts\/29497\/revisions\/29498"}],"wp:attachment":[{"href":"https:\/\/noticiasnoface.com.br\/index.php\/wp-json\/wp\/v2\/media?parent=29497"}],"wp:term":[{"taxonomy":"category","embeddable":true,"href":"https:\/\/noticiasnoface.com.br\/index.php\/wp-json\/wp\/v2\/categories?post=29497"},{"taxonomy":"post_tag","embeddable":true,"href":"https:\/\/noticiasnoface.com.br\/index.php\/wp-json\/wp\/v2\/tags?post=29497"}],"curies":[{"name":"wp","href":"https:\/\/api.w.org\/{rel}","templated":true}]}}