{"id":29500,"date":"2025-08-31T21:17:36","date_gmt":"2025-09-01T00:17:36","guid":{"rendered":"https:\/\/noticiasnoface.com.br\/?p=29500"},"modified":"2025-08-31T21:17:36","modified_gmt":"2025-09-01T00:17:36","slug":"a-camaramunicipal-de-parnamirim-realizou-uma-sessao-solene-para-entrega-da-comenda-benedita-fernandes-saraiva","status":"publish","type":"post","link":"https:\/\/noticiasnoface.com.br\/index.php\/2025\/08\/31\/a-camaramunicipal-de-parnamirim-realizou-uma-sessao-solene-para-entrega-da-comenda-benedita-fernandes-saraiva\/","title":{"rendered":"A C\u00e2maraMunicipal de Parnamirim realizou uma Sess\u00e3o Solene para entrega da Comenda Benedita Fernandes Saraiva"},"content":{"rendered":"\n<figure class=\"wp-block-image size-large\"><img data-opt-id=400651115  fetchpriority=\"high\" decoding=\"async\" width=\"1024\" height=\"660\" src=\"https:\/\/mlbfrsat7ahr.i.optimole.com\/w:1024\/h:660\/q:mauto\/ig:avif\/https:\/\/noticiasnoface.com.br\/wp-content\/uploads\/2025\/08\/img_3547-1.jpg\" class=\"wp-image-29499\" srcset=\"https:\/\/mlbfrsat7ahr.i.optimole.com\/w:1024\/h:660\/q:mauto\/ig:avif\/https:\/\/noticiasnoface.com.br\/wp-content\/uploads\/2025\/08\/img_3547-1.jpg 1024w, https:\/\/mlbfrsat7ahr.i.optimole.com\/w:300\/h:193\/q:mauto\/ig:avif\/https:\/\/noticiasnoface.com.br\/wp-content\/uploads\/2025\/08\/img_3547-1.jpg 300w, https:\/\/mlbfrsat7ahr.i.optimole.com\/w:768\/h:495\/q:mauto\/ig:avif\/https:\/\/noticiasnoface.com.br\/wp-content\/uploads\/2025\/08\/img_3547-1.jpg 768w, https:\/\/mlbfrsat7ahr.i.optimole.com\/w:1320\/h:851\/q:mauto\/ig:avif\/https:\/\/noticiasnoface.com.br\/wp-content\/uploads\/2025\/08\/img_3547-1.jpg 1320w\" sizes=\"(max-width: 1000px) 100vw, 1000px\" \/><figcaption class=\"wp-element-caption\">Nesta \u00faltima segunda-feira (18), a C\u00e2mara<br>Municipal de Parnamirim realizou uma Sess\u00e3o Solene para entrega da Comenda Benedita Fernandes Saraiva. A honraria \u00e9 destinada a reconhecer a atua\u00e7\u00e3o destacada de advogados que contribuem significativamente para a cidadania, a justi\u00e7a e a defesa dos direitos, no munic\u00edpio.<br>&amp; De proposi\u00e7\u00e3o do vereador Dr. Jonas Godeiro, a Sess\u00e3o Solene foi institu\u00edda em 2018. Cada vereador indicou um advogado para receber a honraria, valorizando trajet\u00f3rias profissionais marcadas pela \u00e9tica, compet\u00eancia e compromisso com a sociedade.<br>a A Comenda Benedita Fernandes Saraiva \u00e9 uma das mais importantes homenagens concedidas pelo Legislativo municipal, sendo tamb\u00e9m um momento de confraterniza\u00e7\u00e3o da classe jur\u00eddica local, reunindo autoridades, representantes da OAB, familiares e convidados.<\/figcaption><\/figure>\n","protected":false},"excerpt":{"rendered":"","protected":false},"author":1,"featured_media":0,"comment_status":"closed","ping_status":"","sticky":false,"template":"","format":"image","meta":{"site-sidebar-layout":"default","site-content-layout":"","ast-site-content-layout":"default","site-content-style":"default","site-sidebar-style":"default","ast-global-header-display":"","ast-banner-title-visibility":"","ast-main-header-display":"","ast-hfb-above-header-display":"","ast-hfb-below-header-display":"","ast-hfb-mobile-header-display":"","site-post-title":"","ast-breadcrumbs-content":"","ast-featured-img":"","footer-sml-layout":"","ast-disable-related-posts":"","theme-transparent-header-meta":"","adv-header-id-meta":"","stick-header-meta":"","header-above-stick-meta":"","header-main-stick-meta":"","header-below-stick-meta":"","astra-migrate-meta-layouts":"default","ast-page-background-enabled":"default","ast-page-background-meta":{"desktop":{"background-color":"var(--ast-global-color-4)","background-image":"","background-repeat":"repeat","background-position":"center center","background-size":"auto","background-attachment":"scroll","background-type":"","background-media":"","overlay-type":"","overlay-color":"","overlay-opacity":"","overlay-gradient":""},"tablet":{"background-color":"","background-image":"","background-repeat":"repeat","background-position":"center center","background-size":"auto","background-attachment":"scroll","background-type":"","background-media":"","overlay-type":"","overlay-color":"","overlay-opacity":"","overlay-gradient":""},"mobile":{"background-color":"","background-image":"","background-repeat":"repeat","background-position":"center center","background-size":"auto","background-attachment":"scroll","background-type":"","background-media":"","overlay-type":"","overlay-color":"","overlay-opacity":"","overlay-gradient":""}},"ast-content-background-meta":{"desktop":{"background-color":"var(--ast-global-color-5)","background-image":"","background-repeat":"repeat","background-position":"center center","background-size":"auto","background-attachment":"scroll","background-type":"","background-media":"","overlay-type":"","overlay-color":"","overlay-opacity":"","overlay-gradient":""},"tablet":{"background-color":"var(--ast-global-color-5)","background-image":"","background-repeat":"repeat","background-position":"center center","background-size":"auto","background-attachment":"scroll","background-type":"","background-media":"","overlay-type":"","overlay-color":"","overlay-opacity":"","overlay-gradient":""},"mobile":{"background-color":"var(--ast-global-color-5)","background-image":"","background-repeat":"repeat","background-position":"center center","background-size":"auto","background-attachment":"scroll","background-type":"","background-media":"","overlay-type":"","overlay-color":"","overlay-opacity":"","overlay-gradient":""}},"footnotes":""},"categories":[3817],"tags":[],"class_list":["post-29500","post","type-post","status-publish","format-image","hentry","category-camara-municipal-de-parnamirim","post_format-post-format-image"],"_links":{"self":[{"href":"https:\/\/noticiasnoface.com.br\/index.php\/wp-json\/wp\/v2\/posts\/29500","targetHints":{"allow":["GET"]}}],"collection":[{"href":"https:\/\/noticiasnoface.com.br\/index.php\/wp-json\/wp\/v2\/posts"}],"about":[{"href":"https:\/\/noticiasnoface.com.br\/index.php\/wp-json\/wp\/v2\/types\/post"}],"author":[{"embeddable":true,"href":"https:\/\/noticiasnoface.com.br\/index.php\/wp-json\/wp\/v2\/users\/1"}],"replies":[{"embeddable":true,"href":"https:\/\/noticiasnoface.com.br\/index.php\/wp-json\/wp\/v2\/comments?post=29500"}],"version-history":[{"count":1,"href":"https:\/\/noticiasnoface.com.br\/index.php\/wp-json\/wp\/v2\/posts\/29500\/revisions"}],"predecessor-version":[{"id":29501,"href":"https:\/\/noticiasnoface.com.br\/index.php\/wp-json\/wp\/v2\/posts\/29500\/revisions\/29501"}],"wp:attachment":[{"href":"https:\/\/noticiasnoface.com.br\/index.php\/wp-json\/wp\/v2\/media?parent=29500"}],"wp:term":[{"taxonomy":"category","embeddable":true,"href":"https:\/\/noticiasnoface.com.br\/index.php\/wp-json\/wp\/v2\/categories?post=29500"},{"taxonomy":"post_tag","embeddable":true,"href":"https:\/\/noticiasnoface.com.br\/index.php\/wp-json\/wp\/v2\/tags?post=29500"}],"curies":[{"name":"wp","href":"https:\/\/api.w.org\/{rel}","templated":true}]}}