{"id":29519,"date":"2025-09-03T04:25:33","date_gmt":"2025-09-03T07:25:33","guid":{"rendered":"https:\/\/noticiasnoface.com.br\/?p=29519"},"modified":"2025-09-03T04:25:33","modified_gmt":"2025-09-03T07:25:33","slug":"kim-jong-un-diz-que-coreia-do-norte-apoiara-russia-em-dever-como-irmaos","status":"publish","type":"post","link":"https:\/\/noticiasnoface.com.br\/index.php\/2025\/09\/03\/kim-jong-un-diz-que-coreia-do-norte-apoiara-russia-em-dever-como-irmaos\/","title":{"rendered":"Kim Jong-un diz que Coreia do Norte apoiar\u00e1 R\u00fassia em dever &#8220;como irm\u00e3os&#8221;"},"content":{"rendered":"\n<h2 class=\"wp-block-heading subhead\">L\u00edder norte-coreano se reuniu com Vladimir Putin ap\u00f3s o desfile militar em Pequim<\/h2>\n\n\n\n<p>03\/09\/25 \u00e0s 04:15&nbsp;|&nbsp;Atualizado&nbsp;03\/09\/25 \u00e0s 04:15<\/p>\n\n\n\n<figure class=\"wp-block-image\"><img data-opt-id=111776261  fetchpriority=\"high\" decoding=\"async\" src=\"https:\/\/admin.cnnbrasil.com.br\/wp-content\/uploads\/sites\/12\/2025\/09\/2025-09-03T055647Z_1_LOP170603092025RP1_RTRMADP_BASEIMAGE-960X540_WW2-ANNIVERSARY-PUTIN-KIM-TALKS-ROUGH-CUT.jpg?w=419&amp;h=283&amp;crop=0\" alt=\"O l\u00edder norte-coreano, Kim Jong-un e o presidente russo, Vladimir Putin, em encontro ap\u00f3s o desfile militar chin\u00eas\"\/><figcaption class=\"wp-element-caption\">O l\u00edder norte-coreano, Kim Jong-un e o presidente russo, Vladimir Putin, em encontro ap\u00f3s o desfile militar chin\u00eas&nbsp; \u2022&nbsp;RUPTLY FOR RUSSIAN POOL \/ Reuters<\/figcaption><\/figure>\n\n\n\n<p>ouvir not\u00edcia<\/p>\n\n\n\n<p>0:00&nbsp;1.0x<\/p>\n\n\n\n<p>O l\u00edder norte-coreano, Kim Jong Un, conversou com o presidente russo, Vladimir Putin, ap\u00f3s o desfile militar e os eventos de hoje em Pequim, prometendo apoiar Moscou sempre que necess\u00e1rio.<\/p>\n\n\n\n<p>&#8220;Estou satisfeito por ter a oportunidade de falar diretamente com o presidente novamente sobre o desenvolvimento e as perspectivas futuras&#8221;, disse Kim, sentado ao lado de Putin e seus respectivos tradutores.<\/p>\n\n\n\n<p>&#8220;Lutamos ao lado do povo e dos militares russos&#8221;, disse ele, referindo-se \u00e0s&nbsp;<a href=\"https:\/\/www.cnnbrasil.com.br\/internacional\/kim-jong-un-se-emociona-em-homenagem-a-soldados-mortos-a-servico-da-russia\/\" target=\"_blank\" rel=\"noreferrer noopener\">tropas norte-coreanas que lutam por Moscou<\/a>&nbsp;na guerra contra a Ucr\u00e2nia.<\/p>\n\n\n\n<p>&#8220;O presidente reconheceu nosso papel em diversas ocasi\u00f5es e gostaria de expressar mais uma vez minha gratid\u00e3o pelos grandes elogios feitos hoje&#8221;, completou.<\/p>\n\n\n\n<p>&#8220;Se houver algo a ser feito pela R\u00fassia e seu povo no futuro, consideraremos isso como nosso dever como irm\u00e3os e estamos preparados para dar nosso total apoio&#8221;, concluiu o l\u00edder norte-coreano.<\/p>\n\n\n\n<h2 class=\"wp-block-heading\">Putin elogia tropas norte-coreanas<\/h2>\n\n\n\n<p>O presidente russo elogiou as tropas enviadas por Pyongyang para lutar na guerra contra a Ucr\u00e2nia ao se encontrar com Kim Jong-un depois do desfile militar chin\u00eas.<\/p>\n\n\n\n<p>&#8220;Suas for\u00e7as especiais participaram da liberta\u00e7\u00e3o da regi\u00e3o de&nbsp;<a href=\"https:\/\/www.cnnbrasil.com.br\/internacional\/russia-diz-que-recapturou-cidade-chave-na-regiao-de-kursk\/\" target=\"_blank\" rel=\"noreferrer noopener\">Kursk<\/a>&#8220;, disse Putin referindo-se aos esfor\u00e7os da R\u00fassia para repelir a contraofensiva ucraniana em territ\u00f3rio russo.<\/p>\n\n\n\n<blockquote class=\"wp-block-quote is-layout-flow wp-block-quote-is-layout-flow\">\n<p>&#8220;Gostaria de registrar que seus soldados lutaram com coragem e hero\u00edsmo. Jamais esqueceremos os sacrif\u00edcios feitos por suas for\u00e7as armadas e pelas fam\u00edlias de seus militares&#8221;Vladimir Putin, presidente da R\u00fassia, sobre as tropas norte-coreanas que atuaram na guerra contra a Ucr\u00e2nia<\/p>\n<\/blockquote>\n\n\n\n<p>H\u00e1 poucos dias, a Coreia do Norte lan\u00e7ou um filme de propaganda elogiando os esfor\u00e7os de suas tropas na luta pela R\u00fassia e homenageando os mortos. E em agosto, Kim realizou dois eventos para se encontrar com as fam\u00edlias enlutadas e prestar homenagem aos soldados falecidos.<\/p>\n\n\n\n<p>Autoridades ocidentais estimaram que um ter\u00e7o dos 12 mil soldados norte-coreanos mobilizados at\u00e9 o momento morreram ou foram feridos.<\/p>\n","protected":false},"excerpt":{"rendered":"<p>L\u00edder norte-coreano se reuniu com Vladimir Putin ap\u00f3s o desfile militar em Pequim 03\/09\/25 \u00e0s 04:15&nbsp;|&nbsp;Atualizado&nbsp;03\/09\/25 \u00e0s 04:15 ouvir not\u00edcia [&hellip;]<\/p>\n","protected":false},"author":1,"featured_media":0,"comment_status":"closed","ping_status":"","sticky":false,"template":"","format":"image","meta":{"site-sidebar-layout":"default","site-content-layout":"","ast-site-content-layout":"default","site-content-style":"default","site-sidebar-style":"default","ast-global-header-display":"","ast-banner-title-visibility":"","ast-main-header-display":"","ast-hfb-above-header-display":"","ast-hfb-below-header-display":"","ast-hfb-mobile-header-display":"","site-post-title":"","ast-breadcrumbs-content":"","ast-featured-img":"","footer-sml-layout":"","ast-disable-related-posts":"","theme-transparent-header-meta":"","adv-header-id-meta":"","stick-header-meta":"","header-above-stick-meta":"","header-main-stick-meta":"","header-below-stick-meta":"","astra-migrate-meta-layouts":"default","ast-page-background-enabled":"default","ast-page-background-meta":{"desktop":{"background-color":"var(--ast-global-color-4)","background-image":"","background-repeat":"repeat","background-position":"center center","background-size":"auto","background-attachment":"scroll","background-type":"","background-media":"","overlay-type":"","overlay-color":"","overlay-opacity":"","overlay-gradient":""},"tablet":{"background-color":"","background-image":"","background-repeat":"repeat","background-position":"center center","background-size":"auto","background-attachment":"scroll","background-type":"","background-media":"","overlay-type":"","overlay-color":"","overlay-opacity":"","overlay-gradient":""},"mobile":{"background-color":"","background-image":"","background-repeat":"repeat","background-position":"center center","background-size":"auto","background-attachment":"scroll","background-type":"","background-media":"","overlay-type":"","overlay-color":"","overlay-opacity":"","overlay-gradient":""}},"ast-content-background-meta":{"desktop":{"background-color":"var(--ast-global-color-5)","background-image":"","background-repeat":"repeat","background-position":"center center","background-size":"auto","background-attachment":"scroll","background-type":"","background-media":"","overlay-type":"","overlay-color":"","overlay-opacity":"","overlay-gradient":""},"tablet":{"background-color":"var(--ast-global-color-5)","background-image":"","background-repeat":"repeat","background-position":"center center","background-size":"auto","background-attachment":"scroll","background-type":"","background-media":"","overlay-type":"","overlay-color":"","overlay-opacity":"","overlay-gradient":""},"mobile":{"background-color":"var(--ast-global-color-5)","background-image":"","background-repeat":"repeat","background-position":"center center","background-size":"auto","background-attachment":"scroll","background-type":"","background-media":"","overlay-type":"","overlay-color":"","overlay-opacity":"","overlay-gradient":""}},"footnotes":""},"categories":[517],"tags":[],"class_list":["post-29519","post","type-post","status-publish","format-image","hentry","category-aconteceu","post_format-post-format-image"],"_links":{"self":[{"href":"https:\/\/noticiasnoface.com.br\/index.php\/wp-json\/wp\/v2\/posts\/29519","targetHints":{"allow":["GET"]}}],"collection":[{"href":"https:\/\/noticiasnoface.com.br\/index.php\/wp-json\/wp\/v2\/posts"}],"about":[{"href":"https:\/\/noticiasnoface.com.br\/index.php\/wp-json\/wp\/v2\/types\/post"}],"author":[{"embeddable":true,"href":"https:\/\/noticiasnoface.com.br\/index.php\/wp-json\/wp\/v2\/users\/1"}],"replies":[{"embeddable":true,"href":"https:\/\/noticiasnoface.com.br\/index.php\/wp-json\/wp\/v2\/comments?post=29519"}],"version-history":[{"count":1,"href":"https:\/\/noticiasnoface.com.br\/index.php\/wp-json\/wp\/v2\/posts\/29519\/revisions"}],"predecessor-version":[{"id":29520,"href":"https:\/\/noticiasnoface.com.br\/index.php\/wp-json\/wp\/v2\/posts\/29519\/revisions\/29520"}],"wp:attachment":[{"href":"https:\/\/noticiasnoface.com.br\/index.php\/wp-json\/wp\/v2\/media?parent=29519"}],"wp:term":[{"taxonomy":"category","embeddable":true,"href":"https:\/\/noticiasnoface.com.br\/index.php\/wp-json\/wp\/v2\/categories?post=29519"},{"taxonomy":"post_tag","embeddable":true,"href":"https:\/\/noticiasnoface.com.br\/index.php\/wp-json\/wp\/v2\/tags?post=29519"}],"curies":[{"name":"wp","href":"https:\/\/api.w.org\/{rel}","templated":true}]}}