{"id":29522,"date":"2025-09-03T04:27:03","date_gmt":"2025-09-03T07:27:03","guid":{"rendered":"https:\/\/noticiasnoface.com.br\/?p=29522"},"modified":"2025-09-03T04:27:03","modified_gmt":"2025-09-03T07:27:03","slug":"defesa-de-bolsonaro-apresenta-sustentacao-hoje-no-stf","status":"publish","type":"post","link":"https:\/\/noticiasnoface.com.br\/index.php\/2025\/09\/03\/defesa-de-bolsonaro-apresenta-sustentacao-hoje-no-stf\/","title":{"rendered":"Defesa de Bolsonaro apresenta sustenta\u00e7\u00e3o hoje no STF"},"content":{"rendered":"\n<figure class=\"wp-block-image size-large\"><img data-opt-id=280408232  fetchpriority=\"high\" decoding=\"async\" src=\"file:\/\/\/private\/var\/mobile\/Containers\/Data\/Application\/2B5F0EFA-9CD2-46DC-A2DC-74FE2949AB0E\/tmp\/org.automattic.MediaImageServiceSymlinks\/thumbnail-34278b8a-c2af-43ef-964d-6b9aea756efa-1075x544.jpeg\" class=\"wp-image-553582951\"\/><\/figure>\n\n\n\n<h2 class=\"wp-block-heading subhead\">Para evitar condena\u00e7\u00e3o, advogados devem contestar den\u00fancia da PGR e convencer pelo menos tr\u00eas ministros do STF<\/h2>\n\n\n\n<p>03\/09\/25 \u00e0s 04:00&nbsp;|&nbsp;Atualizado&nbsp;03\/09\/25 \u00e0s 04:00<\/p>\n\n\n\n<p>Caro leitor,<\/p>\n\n\n\n<p>O acesso ao conte\u00fado ser\u00e1 liberado imediatamente ap\u00f3s o an\u00fancio.<\/p>\n\n\n\n<p>ouvir not\u00edcia<\/p>\n\n\n\n<p>0:00&nbsp;1.0x<\/p>\n\n\n\n<p>Os advogados de defesa do ex-presidente&nbsp;<strong>Jair Bolsonaro<\/strong>&nbsp;(PL) v\u00e3o fazer sua sustenta\u00e7\u00e3o na manh\u00e3 desta quarta-feira (3) no plen\u00e1rio da&nbsp;<strong>Primeira Turma do STF (Supremo Tribunal Federal)&nbsp;<\/strong>no julgamento sobre um plano de&nbsp;<strong>golpe de Estado<\/strong>&nbsp;ap\u00f3s as elei\u00e7\u00f5es de 2022.<\/p>\n\n\n\n<p>Segundo apurou a&nbsp;<strong>CNN<\/strong>, os advogados<strong>&nbsp;Celso Vilardi<\/strong>&nbsp;e<strong>&nbsp;Paulo Bueno<\/strong>&nbsp;v\u00e3o dividir o tempo de uma hora entre eles para fazer a apresenta\u00e7\u00e3o aos ministros.<\/p>\n\n\n\n<p>Pela ordem das sustenta\u00e7\u00f5es das defesas dos r\u00e9us,&nbsp;<a href=\"https:\/\/www.cnnbrasil.com.br\/politica\/julgamento-do-plano-de-golpe-sera-retomado-nesta-quarta-feira\" target=\"_blank\" rel=\"noreferrer noopener\">os advogados do ex-presidente ser\u00e3o a sexta parte a fazer manifesta\u00e7\u00e3o<\/a>. No dia, a manifesta\u00e7\u00e3o ser\u00e1 a segunda, ap\u00f3s a defesa de<strong>Augusto Heleno<\/strong>.<\/p>\n\n\n\n<p>A&nbsp;<a href=\"https:\/\/www.cnnbrasil.com.br\/politica\/veja-os-crimes-atribuidos-aos-reus-do-julgamento-do-plano-de-golpe\/\" target=\"_blank\" rel=\"noreferrer noopener\"><strong>PGR (Procuradoria-Geral da Rep\u00fablica)<\/strong>acusa Bolsonaro de cinco crimes<\/a>: tentativa de aboli\u00e7\u00e3o violenta do Estado Democr\u00e1tico de Direito, tentativa de golpe de Estado, participa\u00e7\u00e3o em organiza\u00e7\u00e3o criminosa armada, dano qualificado e deteriora\u00e7\u00e3o de patrim\u00f4nio tombado.<\/p>\n\n\n\n<p>Segundo a den\u00fancia, a tentativa de golpe foi articulada para manter o ex-presidente no poder. Por sua vez,<a href=\"https:\/\/www.cnnbrasil.com.br\/politica\/na-linha-de-frente-como-tem-sido-a-estrategia-da-defesa-de-bolsonaro\/\" target=\"_blank\" rel=\"noreferrer noopener\">&nbsp;a defesa de Bolsonaro contesta a den\u00fancia, diz que a acusa\u00e7\u00e3o n\u00e3o apresenta provas contundentes e que a dela\u00e7\u00e3o do tenente-coronel Mauro Cid n\u00e3o tem credibilidade<\/a>.<\/p>\n\n\n\n<h2 class=\"wp-block-heading\">Como ser\u00e1 o segundo dia de julgamento<\/h2>\n\n\n\n<p>A sess\u00e3o de julgamento da Primeira Turma ser\u00e1 aberta pelo presidente do colegiado, ministro&nbsp;<strong>Cristiano Zanin<\/strong>.&nbsp;Em seguida, ser\u00e1 lida a ata da&nbsp;<a href=\"https:\/\/www.cnnbrasil.com.br\/politica\/veja-como-foi-o-primeiro-dia-de-julgamento-de-bolsonaro-e-outros-reus\/\" target=\"_blank\" rel=\"noreferrer noopener\">sess\u00e3o anterior<\/a>&nbsp;pela secretaria.<\/p>\n\n\n\n<p>Na sequ\u00eancia, o relator deve chamar a defesa do general Augusto Heleno para fazer sua sustenta\u00e7\u00e3o. Cada r\u00e9u tem o tempo de uma hora de manifesta\u00e7\u00e3o.<\/p>\n\n\n\n<p>Logo depois, a manifesta\u00e7\u00e3o ser\u00e1 dos advogados de Bolsonaro. Os outros r\u00e9us Paulo S\u00e9rgio Nogueira e Walter Braga Netto, tamb\u00e9m com uma hora cada defesa.<\/p>\n\n\n\n<p>Encerradas as manifesta\u00e7\u00f5es dos advogados de defesa, chega o momento do voto do relator. Existe a expectativa de que o ministro Alexandre de Moraes use mais de uma sess\u00e3o para ler seu voto.<\/p>\n\n\n\n<p>A din\u00e2mica de vota\u00e7\u00e3o seguir\u00e1 a ordem de antiguidade dos ministros no Tribunal. O relator iniciar\u00e1 os votos, seguido pelos demais integrantes da Turma, conforme sua posi\u00e7\u00e3o hier\u00e1rquica, e se encerra com o voto do presidente.<\/p>\n\n\n\n<p>Dessa forma, ap\u00f3s o relator, manifestar\u00e3o seus votos os ministros:&nbsp;<strong>Fl\u00e1vio Dino<\/strong>,&nbsp;<strong>Luiz Fux<\/strong>,&nbsp;<strong>C\u00e1rmen L\u00facia<\/strong>&nbsp;e, por \u00faltimo,&nbsp;<strong>Cristiano Zanin<\/strong>. A decis\u00e3o final, seja pela absolvi\u00e7\u00e3o ou condena\u00e7\u00e3o, ser\u00e1 definida pela maioria dos votos, ou seja, tr\u00eas votos.<\/p>\n\n\n\n<h2 class=\"wp-block-heading\">R\u00e9us do n\u00facleo 1<\/h2>\n\n\n\n<ul class=\"wp-block-list list-style-type-none\">\n<li><strong>Alexandre Ramagem<\/strong>, deputado federal e ex-diretor-geral da Ag\u00eancia Brasileira de Intelig\u00eancia<\/li>\n\n\n\n<li><strong>Almir Garnier<\/strong>, almirante e ex-comandante da Marinha<\/li>\n\n\n\n<li><strong>Anderson Torres<\/strong>, ex-ministro da Justi\u00e7a<\/li>\n\n\n\n<li><strong>Augusto Heleno<\/strong>, general da reserva e ex-ministro do GSI (Gabinete de Seguran\u00e7a Institucional)<\/li>\n\n\n\n<li><strong>Jair Bolsonaro<\/strong>, ex-presidente da Rep\u00fablica<\/li>\n\n\n\n<li><strong>Mauro Cid<\/strong>, tenente-coronel e ex-ajudante de ordens de Bolsonaro<\/li>\n\n\n\n<li><strong>Paulo S\u00e9rgio Nogueira<\/strong>, general e ex-ministro da Defesa<\/li>\n\n\n\n<li><strong>Walter Braga Netto<\/strong>, general da reserva e ex-ministro da Casa Civil e da Defesa<\/li>\n<\/ul>\n\n\n\n<p><\/p>\n","protected":false},"excerpt":{"rendered":"<p>Para evitar condena\u00e7\u00e3o, advogados devem contestar den\u00fancia da PGR e convencer pelo menos tr\u00eas ministros do STF 03\/09\/25 \u00e0s 04:00&nbsp;|&nbsp;Atualizado&nbsp;03\/09\/25 [&hellip;]<\/p>\n","protected":false},"author":1,"featured_media":0,"comment_status":"closed","ping_status":"","sticky":false,"template":"","format":"image","meta":{"site-sidebar-layout":"default","site-content-layout":"","ast-site-content-layout":"default","site-content-style":"default","site-sidebar-style":"default","ast-global-header-display":"","ast-banner-title-visibility":"","ast-main-header-display":"","ast-hfb-above-header-display":"","ast-hfb-below-header-display":"","ast-hfb-mobile-header-display":"","site-post-title":"","ast-breadcrumbs-content":"","ast-featured-img":"","footer-sml-layout":"","ast-disable-related-posts":"","theme-transparent-header-meta":"","adv-header-id-meta":"","stick-header-meta":"","header-above-stick-meta":"","header-main-stick-meta":"","header-below-stick-meta":"","astra-migrate-meta-layouts":"default","ast-page-background-enabled":"default","ast-page-background-meta":{"desktop":{"background-color":"var(--ast-global-color-4)","background-image":"","background-repeat":"repeat","background-position":"center center","background-size":"auto","background-attachment":"scroll","background-type":"","background-media":"","overlay-type":"","overlay-color":"","overlay-opacity":"","overlay-gradient":""},"tablet":{"background-color":"","background-image":"","background-repeat":"repeat","background-position":"center center","background-size":"auto","background-attachment":"scroll","background-type":"","background-media":"","overlay-type":"","overlay-color":"","overlay-opacity":"","overlay-gradient":""},"mobile":{"background-color":"","background-image":"","background-repeat":"repeat","background-position":"center center","background-size":"auto","background-attachment":"scroll","background-type":"","background-media":"","overlay-type":"","overlay-color":"","overlay-opacity":"","overlay-gradient":""}},"ast-content-background-meta":{"desktop":{"background-color":"var(--ast-global-color-5)","background-image":"","background-repeat":"repeat","background-position":"center center","background-size":"auto","background-attachment":"scroll","background-type":"","background-media":"","overlay-type":"","overlay-color":"","overlay-opacity":"","overlay-gradient":""},"tablet":{"background-color":"var(--ast-global-color-5)","background-image":"","background-repeat":"repeat","background-position":"center center","background-size":"auto","background-attachment":"scroll","background-type":"","background-media":"","overlay-type":"","overlay-color":"","overlay-opacity":"","overlay-gradient":""},"mobile":{"background-color":"var(--ast-global-color-5)","background-image":"","background-repeat":"repeat","background-position":"center center","background-size":"auto","background-attachment":"scroll","background-type":"","background-media":"","overlay-type":"","overlay-color":"","overlay-opacity":"","overlay-gradient":""}},"footnotes":""},"categories":[517],"tags":[],"class_list":["post-29522","post","type-post","status-publish","format-image","hentry","category-aconteceu","post_format-post-format-image"],"_links":{"self":[{"href":"https:\/\/noticiasnoface.com.br\/index.php\/wp-json\/wp\/v2\/posts\/29522","targetHints":{"allow":["GET"]}}],"collection":[{"href":"https:\/\/noticiasnoface.com.br\/index.php\/wp-json\/wp\/v2\/posts"}],"about":[{"href":"https:\/\/noticiasnoface.com.br\/index.php\/wp-json\/wp\/v2\/types\/post"}],"author":[{"embeddable":true,"href":"https:\/\/noticiasnoface.com.br\/index.php\/wp-json\/wp\/v2\/users\/1"}],"replies":[{"embeddable":true,"href":"https:\/\/noticiasnoface.com.br\/index.php\/wp-json\/wp\/v2\/comments?post=29522"}],"version-history":[{"count":1,"href":"https:\/\/noticiasnoface.com.br\/index.php\/wp-json\/wp\/v2\/posts\/29522\/revisions"}],"predecessor-version":[{"id":29523,"href":"https:\/\/noticiasnoface.com.br\/index.php\/wp-json\/wp\/v2\/posts\/29522\/revisions\/29523"}],"wp:attachment":[{"href":"https:\/\/noticiasnoface.com.br\/index.php\/wp-json\/wp\/v2\/media?parent=29522"}],"wp:term":[{"taxonomy":"category","embeddable":true,"href":"https:\/\/noticiasnoface.com.br\/index.php\/wp-json\/wp\/v2\/categories?post=29522"},{"taxonomy":"post_tag","embeddable":true,"href":"https:\/\/noticiasnoface.com.br\/index.php\/wp-json\/wp\/v2\/tags?post=29522"}],"curies":[{"name":"wp","href":"https:\/\/api.w.org\/{rel}","templated":true}]}}