{"id":29586,"date":"2025-09-06T20:44:43","date_gmt":"2025-09-06T23:44:43","guid":{"rendered":"https:\/\/noticiasnoface.com.br\/?p=29586"},"modified":"2025-09-06T20:44:43","modified_gmt":"2025-09-06T23:44:43","slug":"eriko-jacome-em-entrevista-anuncia-inauguracao-de-clinica-na-zona-norte-um-sonho-realizado","status":"publish","type":"post","link":"https:\/\/noticiasnoface.com.br\/index.php\/2025\/09\/06\/eriko-jacome-em-entrevista-anuncia-inauguracao-de-clinica-na-zona-norte-um-sonho-realizado\/","title":{"rendered":"Eriko J\u00e1come em entrevista anuncia inaugura\u00e7\u00e3o de cl\u00ednica na Zona Norte: \u201cUm sonho realizado\u201d"},"content":{"rendered":"\n<figure class=\"wp-block-image size-large\"><img data-opt-id=931707849  fetchpriority=\"high\" decoding=\"async\" width=\"1024\" height=\"682\" src=\"https:\/\/mlbfrsat7ahr.i.optimole.com\/w:1024\/h:682\/q:mauto\/ig:avif\/https:\/\/noticiasnoface.com.br\/wp-content\/uploads\/2025\/09\/5caa0725-1fc3-4197-a70c-fd7a191ae9d3-1.jpg\" class=\"wp-image-29585\" srcset=\"https:\/\/mlbfrsat7ahr.i.optimole.com\/w:1024\/h:682\/q:mauto\/ig:avif\/https:\/\/noticiasnoface.com.br\/wp-content\/uploads\/2025\/09\/5caa0725-1fc3-4197-a70c-fd7a191ae9d3-1.jpg 1024w, https:\/\/mlbfrsat7ahr.i.optimole.com\/w:300\/h:200\/q:mauto\/ig:avif\/https:\/\/noticiasnoface.com.br\/wp-content\/uploads\/2025\/09\/5caa0725-1fc3-4197-a70c-fd7a191ae9d3-1.jpg 300w, https:\/\/mlbfrsat7ahr.i.optimole.com\/w:768\/h:512\/q:mauto\/ig:avif\/https:\/\/noticiasnoface.com.br\/wp-content\/uploads\/2025\/09\/5caa0725-1fc3-4197-a70c-fd7a191ae9d3-1.jpg 768w, https:\/\/mlbfrsat7ahr.i.optimole.com\/w:1536\/h:1024\/q:mauto\/ig:avif\/https:\/\/noticiasnoface.com.br\/wp-content\/uploads\/2025\/09\/5caa0725-1fc3-4197-a70c-fd7a191ae9d3-1.jpg 1536w, https:\/\/mlbfrsat7ahr.i.optimole.com\/w:1620\/h:1080\/q:mauto\/ig:avif\/https:\/\/noticiasnoface.com.br\/wp-content\/uploads\/2025\/09\/5caa0725-1fc3-4197-a70c-fd7a191ae9d3-1.jpg 2000w\" sizes=\"(max-width: 1000px) 100vw, 1000px\" \/><\/figure>\n\n\n\n<p>&#8220;Sonho realizado e promessa cumprida.&#8221; Foi assim que o vereador de Natal, Eriko J\u00e1come, definiu a inaugura\u00e7\u00e3o da cl\u00ednica com servi\u00e7os gratuitos que ser\u00e1 aberta neste s\u00e1bado (6), a partir das 8h, na Rua Luiz Moura, no conjunto Cidade Praia, Zona Norte da capital.<\/p>\n\n\n\n<p>Em entrevista concedida nesta quinta-feira (5), Eriko celebrou a realiza\u00e7\u00e3o de um dos principais compromissos firmados durante sua campanha eleitoral.<\/p>\n\n\n\n<p>\u201cSem d\u00favidas, ser\u00e1 um dos dias mais marcantes da minha vida p\u00fablica. Essa cl\u00ednica representa um sonho que nasceu muito antes de eu entrar para a pol\u00edtica. Vivi na pele a import\u00e2ncia da preven\u00e7\u00e3o na sa\u00fade. Minha m\u00e3e n\u00e3o conseguiu detectar um c\u00e2ncer em est\u00e1gio inicial e, por isso, infelizmente, n\u00e3o est\u00e1 mais entre n\u00f3s. Mas a li\u00e7\u00e3o que ela deixou permanece viva em mim e agora, concretizada nessa cl\u00ednica, a primeira de muitas\u201d, afirmou emocionado.<\/p>\n\n\n\n<p>Vereador mais votado da Zona Norte nas \u00faltimas elei\u00e7\u00f5es, Eriko destacou que a iniciativa vai al\u00e9m de uma promessa de campanha: \u00e9 um gesto de gratid\u00e3o.<\/p>\n\n\n\n<p>\u201cEssa \u00e9 a forma que encontrei de dizer muito obrigado \u00e0 Zona Norte por ter acreditado no nosso projeto. Sempre disse que minha miss\u00e3o era retribuir cada voto com trabalho e hoje estou cumprindo isso. A cl\u00ednica \u00e9 s\u00f3 o come\u00e7o. Vamos seguir lutando por mais sa\u00fade, mais qualidade de vida e mais aten\u00e7\u00e3o para toda Natal e, quem sabe, para outras cidades do nosso Rio Grande do Norte\u201d, completou.<\/p>\n\n\n\n<p>A abertura do espa\u00e7o ser\u00e1 marcada por uma grande a\u00e7\u00e3o social, com atendimentos m\u00e9dicos, pequenas cirurgias, servi\u00e7os odontol\u00f3gicos, al\u00e9m de atividades de lazer e bem-estar para a comunidade. A expectativa \u00e9 que moradores de diversos bairros da Zona Norte participem do evento, que se estender\u00e1 ao longo do dia.<\/p>\n\n\n\n<p><\/p>\n","protected":false},"excerpt":{"rendered":"<p>&#8220;Sonho realizado e promessa cumprida.&#8221; Foi assim que o vereador de Natal, Eriko J\u00e1come, definiu a inaugura\u00e7\u00e3o da cl\u00ednica com [&hellip;]<\/p>\n","protected":false},"author":1,"featured_media":0,"comment_status":"closed","ping_status":"","sticky":false,"template":"","format":"image","meta":{"site-sidebar-layout":"default","site-content-layout":"","ast-site-content-layout":"default","site-content-style":"default","site-sidebar-style":"default","ast-global-header-display":"","ast-banner-title-visibility":"","ast-main-header-display":"","ast-hfb-above-header-display":"","ast-hfb-below-header-display":"","ast-hfb-mobile-header-display":"","site-post-title":"","ast-breadcrumbs-content":"","ast-featured-img":"","footer-sml-layout":"","ast-disable-related-posts":"","theme-transparent-header-meta":"","adv-header-id-meta":"","stick-header-meta":"","header-above-stick-meta":"","header-main-stick-meta":"","header-below-stick-meta":"","astra-migrate-meta-layouts":"default","ast-page-background-enabled":"default","ast-page-background-meta":{"desktop":{"background-color":"var(--ast-global-color-4)","background-image":"","background-repeat":"repeat","background-position":"center center","background-size":"auto","background-attachment":"scroll","background-type":"","background-media":"","overlay-type":"","overlay-color":"","overlay-opacity":"","overlay-gradient":""},"tablet":{"background-color":"","background-image":"","background-repeat":"repeat","background-position":"center center","background-size":"auto","background-attachment":"scroll","background-type":"","background-media":"","overlay-type":"","overlay-color":"","overlay-opacity":"","overlay-gradient":""},"mobile":{"background-color":"","background-image":"","background-repeat":"repeat","background-position":"center center","background-size":"auto","background-attachment":"scroll","background-type":"","background-media":"","overlay-type":"","overlay-color":"","overlay-opacity":"","overlay-gradient":""}},"ast-content-background-meta":{"desktop":{"background-color":"var(--ast-global-color-5)","background-image":"","background-repeat":"repeat","background-position":"center center","background-size":"auto","background-attachment":"scroll","background-type":"","background-media":"","overlay-type":"","overlay-color":"","overlay-opacity":"","overlay-gradient":""},"tablet":{"background-color":"var(--ast-global-color-5)","background-image":"","background-repeat":"repeat","background-position":"center center","background-size":"auto","background-attachment":"scroll","background-type":"","background-media":"","overlay-type":"","overlay-color":"","overlay-opacity":"","overlay-gradient":""},"mobile":{"background-color":"var(--ast-global-color-5)","background-image":"","background-repeat":"repeat","background-position":"center center","background-size":"auto","background-attachment":"scroll","background-type":"","background-media":"","overlay-type":"","overlay-color":"","overlay-opacity":"","overlay-gradient":""}},"footnotes":""},"categories":[517],"tags":[],"class_list":["post-29586","post","type-post","status-publish","format-image","hentry","category-aconteceu","post_format-post-format-image"],"_links":{"self":[{"href":"https:\/\/noticiasnoface.com.br\/index.php\/wp-json\/wp\/v2\/posts\/29586","targetHints":{"allow":["GET"]}}],"collection":[{"href":"https:\/\/noticiasnoface.com.br\/index.php\/wp-json\/wp\/v2\/posts"}],"about":[{"href":"https:\/\/noticiasnoface.com.br\/index.php\/wp-json\/wp\/v2\/types\/post"}],"author":[{"embeddable":true,"href":"https:\/\/noticiasnoface.com.br\/index.php\/wp-json\/wp\/v2\/users\/1"}],"replies":[{"embeddable":true,"href":"https:\/\/noticiasnoface.com.br\/index.php\/wp-json\/wp\/v2\/comments?post=29586"}],"version-history":[{"count":1,"href":"https:\/\/noticiasnoface.com.br\/index.php\/wp-json\/wp\/v2\/posts\/29586\/revisions"}],"predecessor-version":[{"id":29587,"href":"https:\/\/noticiasnoface.com.br\/index.php\/wp-json\/wp\/v2\/posts\/29586\/revisions\/29587"}],"wp:attachment":[{"href":"https:\/\/noticiasnoface.com.br\/index.php\/wp-json\/wp\/v2\/media?parent=29586"}],"wp:term":[{"taxonomy":"category","embeddable":true,"href":"https:\/\/noticiasnoface.com.br\/index.php\/wp-json\/wp\/v2\/categories?post=29586"},{"taxonomy":"post_tag","embeddable":true,"href":"https:\/\/noticiasnoface.com.br\/index.php\/wp-json\/wp\/v2\/tags?post=29586"}],"curies":[{"name":"wp","href":"https:\/\/api.w.org\/{rel}","templated":true}]}}