{"id":29595,"date":"2025-09-07T21:13:34","date_gmt":"2025-09-08T00:13:34","guid":{"rendered":"https:\/\/noticiasnoface.com.br\/?p=29595"},"modified":"2025-09-07T21:13:34","modified_gmt":"2025-09-08T00:13:34","slug":"em-ato-malafaia-defende-bolsonaro-contra-alternativas-para-2026","status":"publish","type":"post","link":"https:\/\/noticiasnoface.com.br\/index.php\/2025\/09\/07\/em-ato-malafaia-defende-bolsonaro-contra-alternativas-para-2026\/","title":{"rendered":"Em ato, Malafaia defende Bolsonaro contra alternativas para 2026"},"content":{"rendered":"\n<h2 class=\"wp-block-heading subhead\">Pastor, que organiza manifesta\u00e7\u00f5es em defesa da anistia e contra o STF, diz que Michelle, Fl\u00e1vio e Carlos s\u00e3o &#8220;quem tem falar por Bolsonaro&#8221;<\/h2>\n\n\n\n<p>07\/09\/25 \u00e0s 21:05&nbsp;|&nbsp;Atualizado&nbsp;07\/09\/25 \u00e0s 21:05<\/p>\n\n\n\n<figure class=\"wp-block-image\"><img data-opt-id=279463524  fetchpriority=\"high\" decoding=\"async\" src=\"https:\/\/admin.cnnbrasil.com.br\/wp-content\/uploads\/sites\/12\/2025\/09\/malafaia_7_setembro-e1757289531393.jpg?w=419&amp;h=283&amp;crop=0\" alt=\"Silas Malafaia, pastor e l\u00edder da Assembleia de Deus Vit\u00f3ria em Cristo, em manifesta\u00e7\u00e3o de direita na Avenida Paulista, em S\u00e3o Paulo, no 7 de Setembro de 2025\"\/><figcaption class=\"wp-element-caption\">Silas Malafaia, pastor e l\u00edder da Assembleia de Deus Vit\u00f3ria em Cristo, em manifesta\u00e7\u00e3o de direita na Avenida Paulista, em S\u00e3o Paulo, no 7 de Setembro de 2025&nbsp; \u2022&nbsp;Reprodu\u00e7\u00e3o\/YouTube (Silas Malafaia Oficial)<\/figcaption><\/figure>\n\n\n\n<p>Organizador de atos pr\u00f3-anistia, o pastor Silas Malafaia saiu em defesa do nome do ex-presidente Jair Bolsonaro (PL) em meio a especula\u00e7\u00f5es sobre candidaturas alternativas para a elei\u00e7\u00e3o presidencial de 2026.<\/p>\n\n\n\n<p>Bolsonaro est\u00e1 ineleg\u00edvel pelo Tribunal Superior Eleitoral (TSE) e, no momento, no Supremo Tribunal Federal (STF), \u00e9 r\u00e9u em um processo sobre o que seria um plano de golpe contra o resultado da elei\u00e7\u00e3o de 2022.<\/p>\n\n\n\n<p>&#8220;Estou ouvindo uma conversa por a\u00ed&#8230; &#8216;fulano \u00e9 o candidato da direita no lugar de Bolsonaro&#8217;, &#8216;beltrano \u00e9 o candidato da direita'&#8221;, iniciou o pastor, l\u00edder da Assembleia de Deus Vit\u00f3ria em Cristo, neste 7 de Setembro.<\/p>\n\n\n\n<p>&#8220;Nem um filho de Bolsonaro, nem ningu\u00e9m da direita, tem que dizer &#8216;se Bolsonaro n\u00e3o for candidato, eu estou aqui&#8217;. Isso \u00e9 imaturidade pol\u00edtica&#8221;, acrescentou.<\/p>\n\n\n\n<p>Segundo Malafaia, apenas tr\u00eas pessoas podem &#8220;falar&#8221; por Bolsonaro enquanto o ex-presidente &#8220;n\u00e3o puder&#8221;: os filhos Carlos (vereador no Rio de Janeiro, pelo PL) e Fl\u00e1vio Bolsonaro (senador pelo PL-RJ) e a esposa Michelle Bolsonaro.<\/p>\n\n\n\n<p>O nome de Eduardo, que est\u00e1 nos Estados Unidos alegando buscar sensibilizar o governo Donald Trump para aplica\u00e7\u00f5es de medidas contra o ministro Alexandre de Moraes, do Supremo Tribunal Federal (STF), n\u00e3o foi citado.<\/p>\n\n\n\n<p>A fala sobre a &#8220;imaturidade pol\u00edtica&#8221; tamb\u00e9m vem ap\u00f3s Eduardo dizer que, caso seu pai n\u00e3o possa disputar a elei\u00e7\u00e3o de 2026,&nbsp;<a href=\"https:\/\/www.cnnbrasil.com.br\/politica\/eduardo-candidatura-2026\/\" target=\"_blank\" rel=\"noopener\">ele &#8220;gostaria&#8221; de sair candidato<\/a>.<\/p>\n\n\n\n<p>O ex-presidente tamb\u00e9m est\u00e1 em pris\u00e3o domiciliar, em Bras\u00edlia. A medida foi decretada por Moraes, relator da a\u00e7\u00e3o sobre o que seria o plano de golpe, em outro caso:&nbsp;<a href=\"https:\/\/www.cnnbrasil.com.br\/blogs\/luisa-martins\/politica\/pf-indicia-bolsonaro-e-eduardo-por-atuacao-nos-eua\/\" target=\"_blank\" rel=\"noopener\">no inqu\u00e9rito que investiga a atua\u00e7\u00e3o de Eduardo nos Estados Unidos<\/a>.<\/p>\n\n\n\n<p>Pr\u00f3ximos a Bolsonaro, os governadores de&nbsp;<a href=\"https:\/\/www.cnnbrasil.com.br\/politica\/zema-lanca-pre-candidatura-ao-planalto-e-fala-em-varrer-pt-do-mapa\/\" target=\"_blank\" rel=\"noopener\">Minas Gerais (Romeu Zema, do Novo)<\/a>, do Paran\u00e1 (Ratinho J\u00fanior, do PSD) e de&nbsp;<a href=\"https:\/\/www.cnnbrasil.com.br\/politica\/caiado-agendas-bh\/\" target=\"_blank\" rel=\"noopener\">Goi\u00e1s (Ronaldo Caiado, do Uni\u00e3o Brasil)<\/a>&nbsp;s\u00e3o pr\u00e9-candidatos declarados \u00e0 Presid\u00eancia em 2026.<\/p>\n\n\n\n<p>Nas \u00faltimas semanas, tamb\u00e9m t\u00eam ocorrido press\u00f5es para que o&nbsp;<a href=\"https:\/\/www.cnnbrasil.com.br\/politica\/deixa-bolsonaro-ir-pra-urna-diz-tarcisio-em-ato-na-paulista\/\" target=\"_blank\" rel=\"noopener\">governador de S\u00e3o Paulo, Tarc\u00edsio de Freitas (Republicanos)<\/a>, seja o nome a ser apontado por Bolsonaro em 2026.<\/p>\n\n\n\n<p>Tarc\u00edsio e Zema estiveram presentes na Avenida Paulista. O primeiro discursou afirmando que&nbsp;<a href=\"https:\/\/www.cnnbrasil.com.br\/politica\/tarcisio-ninguem-aguenta-mais-tirania-de-moraes\/\" target=\"_blank\" rel=\"noopener\">\u201cningu\u00e9m aguenta mais a tirania de Moraes\u201d<\/a>, enquanto o segundo alegou estar com problemas na voz e n\u00e3o falou.<\/p>\n","protected":false},"excerpt":{"rendered":"<p>Pastor, que organiza manifesta\u00e7\u00f5es em defesa da anistia e contra o STF, diz que Michelle, Fl\u00e1vio e Carlos s\u00e3o &#8220;quem [&hellip;]<\/p>\n","protected":false},"author":1,"featured_media":0,"comment_status":"closed","ping_status":"","sticky":false,"template":"","format":"image","meta":{"site-sidebar-layout":"default","site-content-layout":"","ast-site-content-layout":"default","site-content-style":"default","site-sidebar-style":"default","ast-global-header-display":"","ast-banner-title-visibility":"","ast-main-header-display":"","ast-hfb-above-header-display":"","ast-hfb-below-header-display":"","ast-hfb-mobile-header-display":"","site-post-title":"","ast-breadcrumbs-content":"","ast-featured-img":"","footer-sml-layout":"","ast-disable-related-posts":"","theme-transparent-header-meta":"","adv-header-id-meta":"","stick-header-meta":"","header-above-stick-meta":"","header-main-stick-meta":"","header-below-stick-meta":"","astra-migrate-meta-layouts":"default","ast-page-background-enabled":"default","ast-page-background-meta":{"desktop":{"background-color":"var(--ast-global-color-4)","background-image":"","background-repeat":"repeat","background-position":"center center","background-size":"auto","background-attachment":"scroll","background-type":"","background-media":"","overlay-type":"","overlay-color":"","overlay-opacity":"","overlay-gradient":""},"tablet":{"background-color":"","background-image":"","background-repeat":"repeat","background-position":"center center","background-size":"auto","background-attachment":"scroll","background-type":"","background-media":"","overlay-type":"","overlay-color":"","overlay-opacity":"","overlay-gradient":""},"mobile":{"background-color":"","background-image":"","background-repeat":"repeat","background-position":"center center","background-size":"auto","background-attachment":"scroll","background-type":"","background-media":"","overlay-type":"","overlay-color":"","overlay-opacity":"","overlay-gradient":""}},"ast-content-background-meta":{"desktop":{"background-color":"var(--ast-global-color-5)","background-image":"","background-repeat":"repeat","background-position":"center center","background-size":"auto","background-attachment":"scroll","background-type":"","background-media":"","overlay-type":"","overlay-color":"","overlay-opacity":"","overlay-gradient":""},"tablet":{"background-color":"var(--ast-global-color-5)","background-image":"","background-repeat":"repeat","background-position":"center center","background-size":"auto","background-attachment":"scroll","background-type":"","background-media":"","overlay-type":"","overlay-color":"","overlay-opacity":"","overlay-gradient":""},"mobile":{"background-color":"var(--ast-global-color-5)","background-image":"","background-repeat":"repeat","background-position":"center center","background-size":"auto","background-attachment":"scroll","background-type":"","background-media":"","overlay-type":"","overlay-color":"","overlay-opacity":"","overlay-gradient":""}},"footnotes":""},"categories":[517],"tags":[],"class_list":["post-29595","post","type-post","status-publish","format-image","hentry","category-aconteceu","post_format-post-format-image"],"_links":{"self":[{"href":"https:\/\/noticiasnoface.com.br\/index.php\/wp-json\/wp\/v2\/posts\/29595","targetHints":{"allow":["GET"]}}],"collection":[{"href":"https:\/\/noticiasnoface.com.br\/index.php\/wp-json\/wp\/v2\/posts"}],"about":[{"href":"https:\/\/noticiasnoface.com.br\/index.php\/wp-json\/wp\/v2\/types\/post"}],"author":[{"embeddable":true,"href":"https:\/\/noticiasnoface.com.br\/index.php\/wp-json\/wp\/v2\/users\/1"}],"replies":[{"embeddable":true,"href":"https:\/\/noticiasnoface.com.br\/index.php\/wp-json\/wp\/v2\/comments?post=29595"}],"version-history":[{"count":1,"href":"https:\/\/noticiasnoface.com.br\/index.php\/wp-json\/wp\/v2\/posts\/29595\/revisions"}],"predecessor-version":[{"id":29596,"href":"https:\/\/noticiasnoface.com.br\/index.php\/wp-json\/wp\/v2\/posts\/29595\/revisions\/29596"}],"wp:attachment":[{"href":"https:\/\/noticiasnoface.com.br\/index.php\/wp-json\/wp\/v2\/media?parent=29595"}],"wp:term":[{"taxonomy":"category","embeddable":true,"href":"https:\/\/noticiasnoface.com.br\/index.php\/wp-json\/wp\/v2\/categories?post=29595"},{"taxonomy":"post_tag","embeddable":true,"href":"https:\/\/noticiasnoface.com.br\/index.php\/wp-json\/wp\/v2\/tags?post=29595"}],"curies":[{"name":"wp","href":"https:\/\/api.w.org\/{rel}","templated":true}]}}