{"id":29604,"date":"2025-09-08T07:48:46","date_gmt":"2025-09-08T10:48:46","guid":{"rendered":"https:\/\/noticiasnoface.com.br\/?p=29604"},"modified":"2025-09-08T07:48:46","modified_gmt":"2025-09-08T10:48:46","slug":"em-derrota-para-milei-oposicao-vence-eleicao-provincial-de-buenos-aires","status":"publish","type":"post","link":"https:\/\/noticiasnoface.com.br\/index.php\/2025\/09\/08\/em-derrota-para-milei-oposicao-vence-eleicao-provincial-de-buenos-aires\/","title":{"rendered":"Em derrota para Milei, oposi\u00e7\u00e3o vence elei\u00e7\u00e3o provincial de Buenos Aires"},"content":{"rendered":"\n<h2 class=\"wp-block-heading subhead\">Candidato Axel Kicillof, do Partido Justicialista, venceu com 47,12% dos votos, contra 33,8% do partido governista<\/h2>\n\n\n\n<p>08\/09\/25 \u00e0s 01:46&nbsp;|&nbsp;Atualizado&nbsp;08\/09\/25 \u00e0s 01:46<\/p>\n\n\n\n<figure class=\"wp-block-image\"><img data-opt-id=421809612  fetchpriority=\"high\" decoding=\"async\" src=\"https:\/\/admin.cnnbrasil.com.br\/wp-content\/uploads\/sites\/12\/2024\/11\/2024-11-19T203544Z_1_LYNXMPEKAI0VZ_RTROPTP_4_G20-SUMMIT-e1739726076363.jpg?w=419&amp;h=283&amp;crop=0\" alt=\"O presidente da Argentina, Javier Milei, na c\u00fapula do G20 no Museu de Arte Moderna do Rio de Janeiro\"\/><figcaption class=\"wp-element-caption\">Presidente da Argentina, Javier Milei&nbsp; \u2022&nbsp;Reuters<\/figcaption><\/figure>\n\n\n\n<p>O partido de oposi\u00e7\u00e3o peronista da Argentina venceu as elei\u00e7\u00f5es legislativas na prov\u00edncia de Buenos Aires neste domingo (7), deixando o partido governista do presidente Javier Milei em um distante segundo lugar, segundo a contagem oficial provis\u00f3ria.<\/p>\n\n\n\n<p>O candidato de centro-esquerda Axel Kicillof, governador da prov\u00edncia de Buenos Aires e membro do Partido Justicialista, conseguiu superar o Partido Libert\u00e1rio de Milei nas elei\u00e7\u00f5es.<\/p>\n\n\n\n<p>Com base na contagem provis\u00f3ria, com 93,21% dos votos (23h00, em Bras\u00edlia), o peronismo alcan\u00e7ou 47,12% em toda a prov\u00edncia com a frente &#8220;Fuerza Patria&#8221;, contra 33,80% do partido governista &#8220;La Libertad Avanza&#8221;.<\/p>\n\n\n\n<p>A diferen\u00e7a foi muito maior do que as pesquisas privadas previam em uma prov\u00edncia que \u00e9 um reduto hist\u00f3rico do peronismo e representa 40% do total dos votos nacionais.<\/p>\n\n\n\n<p>&#8220;As pesquisas, Milei, gritaram que n\u00e3o se pode desfinanciar a sa\u00fade, a educa\u00e7\u00e3o, as universidades, a ci\u00eancia ou a cultura na Argentina&#8221;, disse Kicillof ap\u00f3s a apura\u00e7\u00e3o.<\/p>\n\n\n\n<p>Milei vem enfrentando&nbsp;<a href=\"https:\/\/www.cnnbrasil.com.br\/internacional\/milei-enfrenta-pressao-crescente-em-meio-a-eleicoes-na-argentina\/\" target=\"_blank\" rel=\"noreferrer noopener\">crescente press\u00e3o<\/a>&nbsp;por causa de um&nbsp;<a href=\"https:\/\/www.cnnbrasil.com.br\/internacional\/entenda-escandalo-de-corrupcao-em-que-irma-de-milei-e-acusada-na-argentina\/\" target=\"_blank\" rel=\"noreferrer noopener\">esc\u00e2ndalo de corrup\u00e7\u00e3o<\/a>&nbsp;e crescente inquieta\u00e7\u00e3o com os gastos p\u00fablicos, \u00e0 medida que entra em um per\u00edodo eleitoral crucial que pode definir o poder de seu governo.<\/p>\n\n\n\n<p>Milei reafirmou suas pol\u00edticas libert\u00e1rias ainda neste domingo, ap\u00f3s reconhecer a derrota na prov\u00edncia.<\/p>\n\n\n\n<p>&#8220;Continuaremos defendendo ferozmente o equil\u00edbrio fiscal. Continuaremos mantendo a forte restri\u00e7\u00e3o monet\u00e1ria&#8221;, disse o presidente argentino, falando da sede provincial de sua coaliz\u00e3o La Libertad Avanza, com foco no equil\u00edbrio fiscal, na abertura econ\u00f4mica e no controle da infla\u00e7\u00e3o.<\/p>\n\n\n\n<p>Embora esta tenha sido uma&nbsp;<a href=\"https:\/\/www.cnnbrasil.com.br\/internacional\/argentinos-votam-em-eleicao-legislativa-na-provincia-de-buenos-aires\/\" target=\"_blank\" rel=\"noreferrer noopener\">elei\u00e7\u00e3o para o parlamento provincial<\/a>&nbsp;liderado por Kicillof, seu resultado define o tom para as elei\u00e7\u00f5es de meio de mandato em 26 de outubro em todo o pa\u00eds, nas quais o partido governista buscar\u00e1 reverter sua atual minoria em ambas as casas do Congresso.<\/p>\n\n\n\n<p>Cerca de 14 milh\u00f5es de moradores de Buenos Aires elegeram 46 deputados e 23 senadores provinciais no domingo, divididos em oito se\u00e7\u00f5es.<\/p>\n","protected":false},"excerpt":{"rendered":"<p>Candidato Axel Kicillof, do Partido Justicialista, venceu com 47,12% dos votos, contra 33,8% do partido governista 08\/09\/25 \u00e0s 01:46&nbsp;|&nbsp;Atualizado&nbsp;08\/09\/25 \u00e0s [&hellip;]<\/p>\n","protected":false},"author":1,"featured_media":0,"comment_status":"closed","ping_status":"","sticky":false,"template":"","format":"image","meta":{"site-sidebar-layout":"default","site-content-layout":"","ast-site-content-layout":"default","site-content-style":"default","site-sidebar-style":"default","ast-global-header-display":"","ast-banner-title-visibility":"","ast-main-header-display":"","ast-hfb-above-header-display":"","ast-hfb-below-header-display":"","ast-hfb-mobile-header-display":"","site-post-title":"","ast-breadcrumbs-content":"","ast-featured-img":"","footer-sml-layout":"","ast-disable-related-posts":"","theme-transparent-header-meta":"","adv-header-id-meta":"","stick-header-meta":"","header-above-stick-meta":"","header-main-stick-meta":"","header-below-stick-meta":"","astra-migrate-meta-layouts":"default","ast-page-background-enabled":"default","ast-page-background-meta":{"desktop":{"background-color":"var(--ast-global-color-4)","background-image":"","background-repeat":"repeat","background-position":"center center","background-size":"auto","background-attachment":"scroll","background-type":"","background-media":"","overlay-type":"","overlay-color":"","overlay-opacity":"","overlay-gradient":""},"tablet":{"background-color":"","background-image":"","background-repeat":"repeat","background-position":"center center","background-size":"auto","background-attachment":"scroll","background-type":"","background-media":"","overlay-type":"","overlay-color":"","overlay-opacity":"","overlay-gradient":""},"mobile":{"background-color":"","background-image":"","background-repeat":"repeat","background-position":"center center","background-size":"auto","background-attachment":"scroll","background-type":"","background-media":"","overlay-type":"","overlay-color":"","overlay-opacity":"","overlay-gradient":""}},"ast-content-background-meta":{"desktop":{"background-color":"var(--ast-global-color-5)","background-image":"","background-repeat":"repeat","background-position":"center center","background-size":"auto","background-attachment":"scroll","background-type":"","background-media":"","overlay-type":"","overlay-color":"","overlay-opacity":"","overlay-gradient":""},"tablet":{"background-color":"var(--ast-global-color-5)","background-image":"","background-repeat":"repeat","background-position":"center center","background-size":"auto","background-attachment":"scroll","background-type":"","background-media":"","overlay-type":"","overlay-color":"","overlay-opacity":"","overlay-gradient":""},"mobile":{"background-color":"var(--ast-global-color-5)","background-image":"","background-repeat":"repeat","background-position":"center center","background-size":"auto","background-attachment":"scroll","background-type":"","background-media":"","overlay-type":"","overlay-color":"","overlay-opacity":"","overlay-gradient":""}},"footnotes":""},"categories":[517],"tags":[],"class_list":["post-29604","post","type-post","status-publish","format-image","hentry","category-aconteceu","post_format-post-format-image"],"_links":{"self":[{"href":"https:\/\/noticiasnoface.com.br\/index.php\/wp-json\/wp\/v2\/posts\/29604","targetHints":{"allow":["GET"]}}],"collection":[{"href":"https:\/\/noticiasnoface.com.br\/index.php\/wp-json\/wp\/v2\/posts"}],"about":[{"href":"https:\/\/noticiasnoface.com.br\/index.php\/wp-json\/wp\/v2\/types\/post"}],"author":[{"embeddable":true,"href":"https:\/\/noticiasnoface.com.br\/index.php\/wp-json\/wp\/v2\/users\/1"}],"replies":[{"embeddable":true,"href":"https:\/\/noticiasnoface.com.br\/index.php\/wp-json\/wp\/v2\/comments?post=29604"}],"version-history":[{"count":1,"href":"https:\/\/noticiasnoface.com.br\/index.php\/wp-json\/wp\/v2\/posts\/29604\/revisions"}],"predecessor-version":[{"id":29605,"href":"https:\/\/noticiasnoface.com.br\/index.php\/wp-json\/wp\/v2\/posts\/29604\/revisions\/29605"}],"wp:attachment":[{"href":"https:\/\/noticiasnoface.com.br\/index.php\/wp-json\/wp\/v2\/media?parent=29604"}],"wp:term":[{"taxonomy":"category","embeddable":true,"href":"https:\/\/noticiasnoface.com.br\/index.php\/wp-json\/wp\/v2\/categories?post=29604"},{"taxonomy":"post_tag","embeddable":true,"href":"https:\/\/noticiasnoface.com.br\/index.php\/wp-json\/wp\/v2\/tags?post=29604"}],"curies":[{"name":"wp","href":"https:\/\/api.w.org\/{rel}","templated":true}]}}