{"id":29641,"date":"2025-09-11T20:33:03","date_gmt":"2025-09-11T23:33:03","guid":{"rendered":"https:\/\/noticiasnoface.com.br\/?p=29641"},"modified":"2025-09-11T20:33:03","modified_gmt":"2025-09-11T23:33:03","slug":"polonia-ativa-artigo-4-da-otan-apos-invasao-de-drones-da-russia","status":"publish","type":"post","link":"https:\/\/noticiasnoface.com.br\/index.php\/2025\/09\/11\/polonia-ativa-artigo-4-da-otan-apos-invasao-de-drones-da-russia\/","title":{"rendered":"Pol\u00f4nia ativa artigo 4 da Otan ap\u00f3s invas\u00e3o de drones da R\u00fassia"},"content":{"rendered":"\n<h2 class=\"wp-block-heading subhead\">Dispositivo prev\u00ea consultas em caso de amea\u00e7a e foi acionado sete vezes desde que a alian\u00e7a transatl\u00e2ntica foi criada em 1949<\/h2>\n\n\n\n<p>10\/09\/25 \u00e0s 14:57&nbsp;|&nbsp;Atualizado&nbsp;10\/09\/25 \u00e0s 14:57<\/p>\n\n\n\n<figure class=\"wp-block-image\"><img data-opt-id=1083816215  fetchpriority=\"high\" decoding=\"async\" src=\"https:\/\/admin.cnnbrasil.com.br\/wp-content\/uploads\/sites\/12\/2025\/09\/POLONIA-ABATE-DRONES.jpg?w=419&amp;h=283&amp;crop=0\" alt=\"Policial em local onde fragmento de drone foi abatido na Pol\u00f4nia\"\/><figcaption class=\"wp-element-caption\">Policial em local onde fragmento de drone foi abatido na Pol\u00f4nia&nbsp; \u2022&nbsp;Polsat News\/ REUTERS<\/figcaption><\/figure>\n\n\n\n<p>ouvir not\u00edcia<\/p>\n\n\n\n<p>0:00&nbsp;1.0x<\/p>\n\n\n\n<p>O primeiro-ministro da Pol\u00f4nia, Donald Tusk, afirmou nesta quarta-feira (10) que acionou o artigo 4 do Tratado da Otan depois que drones da R\u00fassia invadiram o espa\u00e7o a\u00e9reo polon\u00eas em ataques contra a Ucr\u00e2nia.<\/p>\n\n\n\n<p>O governo informou que 19 drones russos invadiram o espa\u00e7o a\u00e9reo polon\u00eas e aqueles que representavam amea\u00e7a foram abatidos. Aeronaves da Pol\u00f4nia e aliados da Otan foram mobilizadas na opera\u00e7\u00e3o.<\/p>\n\n\n\n<p>\u201cO fato de esses drones, que representavam uma amea\u00e7a \u00e0 seguran\u00e7a, terem sido abatidos muda a situa\u00e7\u00e3o pol\u00edtica. Portanto, as consultas entre aliados assumiram a forma de um pedido formal para ativar o Artigo 4 do Tratado da Otan\u201d, disse Tusk.<\/p>\n\n\n\n<p>O artigo prev\u00ea que as partes devem ser consultadas sempre que &#8220;a integridade territorial, a independ\u00eancia pol\u00edtica ou a seguran\u00e7a&#8221; de qualquer uma delas estiver amea\u00e7ada.<\/p>\n\n\n\n<p>Desde a cria\u00e7\u00e3o da Otan em 1949, o Artigo 4 foi invocado sete vezes, sendo a mais recente em fevereiro de 2022, ap\u00f3s a invas\u00e3o da Ucr\u00e2nia pela R\u00fassia.<\/p>\n\n\n\n<p>Pa\u00edses que fazem fronteira com a Ucr\u00e2nia j\u00e1 relataram anteriormente que m\u00edsseis ou drones russos entraram em seu espa\u00e7o a\u00e9reo durante a guerra, mas n\u00e3o em&nbsp;<a href=\"https:\/\/www.cnnbrasil.com.br\/internacional\/polonia-abate-drones-em-seu-espaco-aereo-e-acusa-moscou-de-agressao\/\" target=\"_blank\" rel=\"noreferrer noopener\">escala t\u00e3o grande<\/a>, e n\u00e3o h\u00e1 registro de que tenham sido abatidos.<\/p>\n\n\n\n<p>Falando ao parlamento, Donald Tusk classificou o incidente como uma &#8220;provoca\u00e7\u00e3o em larga escala&#8221;.&nbsp;<a href=\"https:\/\/www.cnnbrasil.com.br\/internacional\/premie-polones-diz-que-risco-de-conflito-e-o-maior-desde-a-segunda-guerra\/\" target=\"_blank\" rel=\"noreferrer noopener\">Ele afirmou que, desde a Segunda Guerra Mundial, a Pol\u00f4nia nunca esteve t\u00e3o perto de um conflito<\/a>.<\/p>\n\n\n\n<p>O Kremlin se recusou a comentar diretamente o incidente, mas o&nbsp;<a href=\"https:\/\/www.cnnbrasil.com.br\/internacional\/russia-diz-que-nao-tinha-alvos-na-polonia-apos-invasao-do-espaco-aereo\/\" target=\"_blank\" rel=\"noreferrer noopener\">porta-voz Dmitry Peskov<\/a>&nbsp;disse que a Uni\u00e3o Europeia e a OTAN \u201cacusam a R\u00fassia de provoca\u00e7\u00f5es diariamente, na maioria das vezes sem sequer tentar apresentar algum tipo de argumento\u201d.<\/p>\n\n\n\n<p>Durante o incidente, o Comando Operacional das For\u00e7as Armadas da Pol\u00f4nia instou os moradores a permanecerem em casa.<\/p>\n\n\n\n<p>V\u00e1rios aeroportos poloneses foram temporariamente fechados, incluindo o de Rzeszow, usado como principal ponto de acesso para autoridades ocidentais e suprimentos destinados \u00e0 Ucr\u00e2nia por via terrestre.<\/p>\n\n\n\n<p>*Com informa\u00e7\u00f5es da Reuters<\/p>\n","protected":false},"excerpt":{"rendered":"<p>Dispositivo prev\u00ea consultas em caso de amea\u00e7a e foi acionado sete vezes desde que a alian\u00e7a transatl\u00e2ntica foi criada em [&hellip;]<\/p>\n","protected":false},"author":1,"featured_media":0,"comment_status":"closed","ping_status":"","sticky":false,"template":"","format":"image","meta":{"site-sidebar-layout":"default","site-content-layout":"","ast-site-content-layout":"default","site-content-style":"default","site-sidebar-style":"default","ast-global-header-display":"","ast-banner-title-visibility":"","ast-main-header-display":"","ast-hfb-above-header-display":"","ast-hfb-below-header-display":"","ast-hfb-mobile-header-display":"","site-post-title":"","ast-breadcrumbs-content":"","ast-featured-img":"","footer-sml-layout":"","ast-disable-related-posts":"","theme-transparent-header-meta":"","adv-header-id-meta":"","stick-header-meta":"","header-above-stick-meta":"","header-main-stick-meta":"","header-below-stick-meta":"","astra-migrate-meta-layouts":"default","ast-page-background-enabled":"default","ast-page-background-meta":{"desktop":{"background-color":"var(--ast-global-color-4)","background-image":"","background-repeat":"repeat","background-position":"center center","background-size":"auto","background-attachment":"scroll","background-type":"","background-media":"","overlay-type":"","overlay-color":"","overlay-opacity":"","overlay-gradient":""},"tablet":{"background-color":"","background-image":"","background-repeat":"repeat","background-position":"center center","background-size":"auto","background-attachment":"scroll","background-type":"","background-media":"","overlay-type":"","overlay-color":"","overlay-opacity":"","overlay-gradient":""},"mobile":{"background-color":"","background-image":"","background-repeat":"repeat","background-position":"center center","background-size":"auto","background-attachment":"scroll","background-type":"","background-media":"","overlay-type":"","overlay-color":"","overlay-opacity":"","overlay-gradient":""}},"ast-content-background-meta":{"desktop":{"background-color":"var(--ast-global-color-5)","background-image":"","background-repeat":"repeat","background-position":"center center","background-size":"auto","background-attachment":"scroll","background-type":"","background-media":"","overlay-type":"","overlay-color":"","overlay-opacity":"","overlay-gradient":""},"tablet":{"background-color":"var(--ast-global-color-5)","background-image":"","background-repeat":"repeat","background-position":"center center","background-size":"auto","background-attachment":"scroll","background-type":"","background-media":"","overlay-type":"","overlay-color":"","overlay-opacity":"","overlay-gradient":""},"mobile":{"background-color":"var(--ast-global-color-5)","background-image":"","background-repeat":"repeat","background-position":"center center","background-size":"auto","background-attachment":"scroll","background-type":"","background-media":"","overlay-type":"","overlay-color":"","overlay-opacity":"","overlay-gradient":""}},"footnotes":""},"categories":[517],"tags":[],"class_list":["post-29641","post","type-post","status-publish","format-image","hentry","category-aconteceu","post_format-post-format-image"],"_links":{"self":[{"href":"https:\/\/noticiasnoface.com.br\/index.php\/wp-json\/wp\/v2\/posts\/29641","targetHints":{"allow":["GET"]}}],"collection":[{"href":"https:\/\/noticiasnoface.com.br\/index.php\/wp-json\/wp\/v2\/posts"}],"about":[{"href":"https:\/\/noticiasnoface.com.br\/index.php\/wp-json\/wp\/v2\/types\/post"}],"author":[{"embeddable":true,"href":"https:\/\/noticiasnoface.com.br\/index.php\/wp-json\/wp\/v2\/users\/1"}],"replies":[{"embeddable":true,"href":"https:\/\/noticiasnoface.com.br\/index.php\/wp-json\/wp\/v2\/comments?post=29641"}],"version-history":[{"count":1,"href":"https:\/\/noticiasnoface.com.br\/index.php\/wp-json\/wp\/v2\/posts\/29641\/revisions"}],"predecessor-version":[{"id":29642,"href":"https:\/\/noticiasnoface.com.br\/index.php\/wp-json\/wp\/v2\/posts\/29641\/revisions\/29642"}],"wp:attachment":[{"href":"https:\/\/noticiasnoface.com.br\/index.php\/wp-json\/wp\/v2\/media?parent=29641"}],"wp:term":[{"taxonomy":"category","embeddable":true,"href":"https:\/\/noticiasnoface.com.br\/index.php\/wp-json\/wp\/v2\/categories?post=29641"},{"taxonomy":"post_tag","embeddable":true,"href":"https:\/\/noticiasnoface.com.br\/index.php\/wp-json\/wp\/v2\/tags?post=29641"}],"curies":[{"name":"wp","href":"https:\/\/api.w.org\/{rel}","templated":true}]}}