{"id":29644,"date":"2025-09-11T20:33:58","date_gmt":"2025-09-11T23:33:58","guid":{"rendered":"https:\/\/noticiasnoface.com.br\/?p=29644"},"modified":"2025-09-11T20:33:58","modified_gmt":"2025-09-11T23:33:58","slug":"stf-condena-bolsonaro-a-27-anos-veja-a-repercussao-na-imprensa-internacional","status":"publish","type":"post","link":"https:\/\/noticiasnoface.com.br\/index.php\/2025\/09\/11\/stf-condena-bolsonaro-a-27-anos-veja-a-repercussao-na-imprensa-internacional\/","title":{"rendered":"STF condena Bolsonaro a 27 anos: veja a repercuss\u00e3o na imprensa internacional"},"content":{"rendered":"\n<figure class=\"wp-block-image size-large\"><img data-opt-id=30298685  fetchpriority=\"high\" decoding=\"async\" src=\"file:\/\/\/private\/var\/mobile\/Containers\/Data\/Application\/2B5F0EFA-9CD2-46DC-A2DC-74FE2949AB0E\/tmp\/org.automattic.MediaImageServiceSymlinks\/thumbnail-a4aef5fb-d2ca-4aca-b23a-d996c1c2a570-768x512.jpeg\" class=\"wp-image--1593899671\"\/><\/figure>\n\n\n\n<h2 class=\"wp-block-heading subhead\">Corte concluiu vota\u00e7\u00e3o do julgamento do ex-presidente e de outros sete r\u00e9us nesta quinta-feira (11). Jornais internacionais citaram decis\u00e3o hist\u00f3rica e &#8216;queda dram\u00e1tica&#8217; de Bolsonaro.<\/h2>\n\n\n\n<p>Por&nbsp;<a href=\"https:\/\/g1.globo.com\/autores\/redacao-g1\/\" target=\"_blank\" rel=\"noopener\">Reda\u00e7\u00e3o g1<\/a>&nbsp;<\/p>\n\n\n\n<p>11\/09\/2025 15h58&nbsp;Atualizado&nbsp;h\u00e1 um minuto<\/p>\n\n\n\n<hr class=\"wp-block-separator has-alpha-channel-opacity\"\/>\n\n\n\n<p>PLANT\u00c3O: STF forma maioria para condenar Bolsonaro por organiza\u00e7\u00e3o criminosa&nbsp;<\/p>\n\n\n\n<p>A Primeira Turma do Supremo Tribunal Federal (<a href=\"https:\/\/g1.globo.com\/tudo-sobre\/supremo-tribunal-federal\/\" target=\"_blank\" rel=\"noopener\">STF<\/a>) condenou, nesta quinta-feira (11),&nbsp;<a href=\"https:\/\/g1.globo.com\/politica\/noticia\/2025\/09\/11\/primeira-turma-do-stf-condena-jair-bolsonaro-e-outros-sete-reus-por-golpe-de-estado.ghtml\" target=\"_blank\" rel=\"noopener\">o ex-presidente Jair Bolsonaro (PL) a 27 anos e 3 meses pela trama golpista.&nbsp;<\/a><\/p>\n\n\n\n<ul class=\"wp-block-list\">\n<li><a href=\"https:\/\/www.whatsapp.com\/channel\/0029Va2ll12AInPbyd8p933r\" target=\"_blank\" rel=\"noreferrer noopener\">\u2705 Clique aqui para seguir o canal de not\u00edcias internacionais do g1 no WhatsApp<\/a><\/li>\n<\/ul>\n\n\n\n<p>Por 4 votos a 1, a Turma decidiu que Bolsonaro \u00e9 respons\u00e1vel por todos os cinco crimes apontados pela Procuradoria-Geral da Rep\u00fablica (PGR), ligados aos atos golpistas que buscaram derrubar a democracia e impedir a posse do presidente Luiz In\u00e1cio&nbsp;<a href=\"https:\/\/g1.globo.com\/politica\/politico\/lula\/\" target=\"_blank\" rel=\"noopener\">Lula<\/a>&nbsp;da Silva, entre o fim de 2022 e o come\u00e7o de 2023.<\/p>\n\n\n\n<p>A condena\u00e7\u00e3o de Bolsonaro repercutiu na imprensa internacional.<\/p>\n\n\n\n<ul class=\"wp-block-list\">\n<li><strong>The New York Times:\u00a0<\/strong>avaliou que a condena\u00e7\u00e3o deve intensificar o conflito entre Brasil e Estados Unidos.<\/li>\n\n\n\n<li><strong>Reuters:\u00a0<\/strong>destacou que Bolsonaro \u00e9 o primeiro ex-presidente condenado por atentado \u00e0 democracia.<\/li>\n\n\n\n<li><strong>The Guardian:\u00a0<\/strong>disse que ele pode pegar d\u00e9cadas de pris\u00e3o por liderar a conspira\u00e7\u00e3o.<\/li>\n\n\n\n<li><strong>Washington Post:<\/strong>\u00a0afirmou que defesa do ex-presidente vai recorrer.<\/li>\n\n\n\n<li><strong>Wall Street Journal:\u00a0<\/strong>afirmou que a condena\u00e7\u00e3o deve inflamar a disputa entre Trump e Lula.<\/li>\n\n\n\n<li><strong>Bloomberg:\u00a0<\/strong>ressaltou que Bolsonaro acusa o STF de persegui\u00e7\u00e3o pol\u00edtica.<\/li>\n\n\n\n<li><strong>The Economist:<\/strong>\u00a0lembrou fala do ex-presidente feita em 2022 e disse que o julgamento mostrou que &#8220;ele estava errado&#8221;.<\/li>\n\n\n\n<li><strong>El Pa\u00eds:<\/strong>\u00a0avaliou que o Brasil deu um passo importante contra a impunidade.<\/li>\n\n\n\n<li><strong>BBC:<\/strong>\u00a0explicou que o plano golpista culminou nos ataques de 8 de janeiro de 2023.<\/li>\n\n\n\n<li><strong>Clar\u00edn:<\/strong>\u00a0afirmou que o ex-presidente pode pegar at\u00e9 40 anos de pris\u00e3o.<\/li>\n<\/ul>\n","protected":false},"excerpt":{"rendered":"<p>Corte concluiu vota\u00e7\u00e3o do julgamento do ex-presidente e de outros sete r\u00e9us nesta quinta-feira (11). Jornais internacionais citaram decis\u00e3o hist\u00f3rica [&hellip;]<\/p>\n","protected":false},"author":1,"featured_media":0,"comment_status":"closed","ping_status":"","sticky":false,"template":"","format":"image","meta":{"site-sidebar-layout":"default","site-content-layout":"","ast-site-content-layout":"default","site-content-style":"default","site-sidebar-style":"default","ast-global-header-display":"","ast-banner-title-visibility":"","ast-main-header-display":"","ast-hfb-above-header-display":"","ast-hfb-below-header-display":"","ast-hfb-mobile-header-display":"","site-post-title":"","ast-breadcrumbs-content":"","ast-featured-img":"","footer-sml-layout":"","ast-disable-related-posts":"","theme-transparent-header-meta":"","adv-header-id-meta":"","stick-header-meta":"","header-above-stick-meta":"","header-main-stick-meta":"","header-below-stick-meta":"","astra-migrate-meta-layouts":"default","ast-page-background-enabled":"default","ast-page-background-meta":{"desktop":{"background-color":"var(--ast-global-color-4)","background-image":"","background-repeat":"repeat","background-position":"center center","background-size":"auto","background-attachment":"scroll","background-type":"","background-media":"","overlay-type":"","overlay-color":"","overlay-opacity":"","overlay-gradient":""},"tablet":{"background-color":"","background-image":"","background-repeat":"repeat","background-position":"center center","background-size":"auto","background-attachment":"scroll","background-type":"","background-media":"","overlay-type":"","overlay-color":"","overlay-opacity":"","overlay-gradient":""},"mobile":{"background-color":"","background-image":"","background-repeat":"repeat","background-position":"center center","background-size":"auto","background-attachment":"scroll","background-type":"","background-media":"","overlay-type":"","overlay-color":"","overlay-opacity":"","overlay-gradient":""}},"ast-content-background-meta":{"desktop":{"background-color":"var(--ast-global-color-5)","background-image":"","background-repeat":"repeat","background-position":"center center","background-size":"auto","background-attachment":"scroll","background-type":"","background-media":"","overlay-type":"","overlay-color":"","overlay-opacity":"","overlay-gradient":""},"tablet":{"background-color":"var(--ast-global-color-5)","background-image":"","background-repeat":"repeat","background-position":"center center","background-size":"auto","background-attachment":"scroll","background-type":"","background-media":"","overlay-type":"","overlay-color":"","overlay-opacity":"","overlay-gradient":""},"mobile":{"background-color":"var(--ast-global-color-5)","background-image":"","background-repeat":"repeat","background-position":"center center","background-size":"auto","background-attachment":"scroll","background-type":"","background-media":"","overlay-type":"","overlay-color":"","overlay-opacity":"","overlay-gradient":""}},"footnotes":""},"categories":[517],"tags":[],"class_list":["post-29644","post","type-post","status-publish","format-image","hentry","category-aconteceu","post_format-post-format-image"],"_links":{"self":[{"href":"https:\/\/noticiasnoface.com.br\/index.php\/wp-json\/wp\/v2\/posts\/29644","targetHints":{"allow":["GET"]}}],"collection":[{"href":"https:\/\/noticiasnoface.com.br\/index.php\/wp-json\/wp\/v2\/posts"}],"about":[{"href":"https:\/\/noticiasnoface.com.br\/index.php\/wp-json\/wp\/v2\/types\/post"}],"author":[{"embeddable":true,"href":"https:\/\/noticiasnoface.com.br\/index.php\/wp-json\/wp\/v2\/users\/1"}],"replies":[{"embeddable":true,"href":"https:\/\/noticiasnoface.com.br\/index.php\/wp-json\/wp\/v2\/comments?post=29644"}],"version-history":[{"count":1,"href":"https:\/\/noticiasnoface.com.br\/index.php\/wp-json\/wp\/v2\/posts\/29644\/revisions"}],"predecessor-version":[{"id":29645,"href":"https:\/\/noticiasnoface.com.br\/index.php\/wp-json\/wp\/v2\/posts\/29644\/revisions\/29645"}],"wp:attachment":[{"href":"https:\/\/noticiasnoface.com.br\/index.php\/wp-json\/wp\/v2\/media?parent=29644"}],"wp:term":[{"taxonomy":"category","embeddable":true,"href":"https:\/\/noticiasnoface.com.br\/index.php\/wp-json\/wp\/v2\/categories?post=29644"},{"taxonomy":"post_tag","embeddable":true,"href":"https:\/\/noticiasnoface.com.br\/index.php\/wp-json\/wp\/v2\/tags?post=29644"}],"curies":[{"name":"wp","href":"https:\/\/api.w.org\/{rel}","templated":true}]}}