{"id":29646,"date":"2025-09-11T20:34:50","date_gmt":"2025-09-11T23:34:50","guid":{"rendered":"https:\/\/noticiasnoface.com.br\/?p=29646"},"modified":"2025-09-11T20:34:50","modified_gmt":"2025-09-11T23:34:50","slug":"frente-parlamentar-promove-debate-sobre-reforma-administrativa","status":"publish","type":"post","link":"https:\/\/noticiasnoface.com.br\/index.php\/2025\/09\/11\/frente-parlamentar-promove-debate-sobre-reforma-administrativa\/","title":{"rendered":"Frente Parlamentar promove debate sobre Reforma Administrativa&nbsp;"},"content":{"rendered":"\n<figure class=\"wp-block-image foto-noticia\"><img data-opt-id=1362143377  fetchpriority=\"high\" decoding=\"async\" src=\"https:\/\/www.cmnat.rn.gov.br\/_ups\/noticias\/2025\/09\/11\/77fce117744ad41165d9cd713a342986.jpg\" alt=\"\"\/><\/figure>\n\n\n\n<p>A C\u00e2mara Municipal de Natal sediou, nesta quinta-feira (11), reuni\u00e3o da Frente Parlamentar em Defesa das Servidoras, dos Servidores e dos Servi\u00e7os P\u00fablicos do Munic\u00edpio de Natal, presidida pelo vereador Daniel Valen\u00e7a (PT). O encontro teve como tema a Reforma Administrativa em debate no Congresso Nacional e reuniu representantes de centrais sindicais, sindicatos e entidades de classe para analisar os poss\u00edveis impactos da proposta.<\/p>\n\n\n\n<p>O vereador Daniel Valen\u00e7a destacou que a Frente tem como objetivo abrir espa\u00e7o para o di\u00e1logo democr\u00e1tico com a classe trabalhadora, garantindo que as vozes de servidoras e servidores sejam ouvidas diante de uma pauta que amea\u00e7a a estrutura do servi\u00e7o p\u00fablico no Brasil. \u201cNosso papel \u00e9 promover o debate e fortalecer a mobiliza\u00e7\u00e3o em defesa dos direitos e da qualidade dos servi\u00e7os p\u00fablicos prestados \u00e0 popula\u00e7\u00e3o\u201d, afirmou.<\/p>\n\n\n\n<p>Valen\u00e7a refor\u00e7ou que o objetivo n\u00e3o \u00e9 defender apenas interesses corporativos, mas garantir que educa\u00e7\u00e3o, sa\u00fade e assist\u00eancia social continuem sendo prestados de forma universal e de qualidade. Segundo ele, a mobiliza\u00e7\u00e3o da classe trabalhadora \u00e9 decisiva para barrar propostas que transferem o \u00f4nus da crise para os servidores, em vez de cobrar a conta dos grandes grupos econ\u00f4micos.<\/p>\n\n\n\n<p>Sindicatos alertam para riscos e desinforma\u00e7\u00e3o<\/p>\n\n\n\n<p><br \/>Com a presen\u00e7a das principais centrais atuantes no Rio Grande do Norte \u2014 CUT, CTB, CSP-Conlutas, Intersindical e ADURN \u2014, os dirigentes sindicais alertaram para os riscos de enfraquecimento do funcionalismo p\u00fablico e para a necessidade de desconstruir narrativas falsas.<\/p>\n\n\n\n<p>O professor Oswaldo Negr\u00e3o, representante da ADURN, destacou o mito de que o Brasil teria servidores p\u00fablicos em excesso. \u201cIsso \u00e9 mentira. A m\u00e9dia da OCDE \u00e9 de 23% de trabalhadores p\u00fablicos, enquanto no Brasil esse \u00edndice \u00e9 de apenas 12,5%. At\u00e9 pa\u00edses neoliberais como os Estados Unidos t\u00eam mais servidores que n\u00f3s. \u00c9 preciso desconstruir esse discurso que criminaliza o funcionalismo\u201d, ressaltou.&nbsp;<\/p>\n\n\n\n<p>Ainda segundo Negr\u00e3o, a perda da estabilidade dos servidores significaria um retrocesso com consequ\u00eancias diretas para a popula\u00e7\u00e3o. Ele citou o exemplo da sa\u00fade. \u201cA qualidade do atendimento est\u00e1 vinculada \u00e0 longitudinalidade do cuidado, \u00e0 rela\u00e7\u00e3o de confian\u00e7a constru\u00edda ao longo do tempo entre m\u00e9dico, enfermeiro e paciente. Com v\u00ednculos prec\u00e1rios e profissionais rotativos, essa rela\u00e7\u00e3o se perde e a popula\u00e7\u00e3o \u00e9 a mais prejudicada\u201d, exemplificou.<\/p>\n\n\n\n<p>O sindicalista Marcelo Tinoco, da Intersindical, apontou a instabilidade como um dos pontos mais nebulosos do debate conduzido pelo grupo de trabalho criado pelo deputado Hugo Motta na C\u00e2mara Federal. \u201cEm alguns discursos se diz que a estabilidade n\u00e3o ser\u00e1 amea\u00e7ada, mas em outros trechos aparecem propostas de contratos tempor\u00e1rios e estabilidade apenas para cargos mais altos. Essa contradi\u00e7\u00e3o gera inseguran\u00e7a e refor\u00e7a a necessidade de um debate s\u00e9rio com a sociedade\u201d, alertou.<\/p>\n\n\n\n<p>Na mesma linha, o coordenador jur\u00eddico do Sintest\/RN, Wellington Soares, criticou a estrat\u00e9gia de acelera\u00e7\u00e3o do processo no Congresso. \u201cO receio \u00e9 que o grupo de trabalho divulgue o texto final em pouco tempo, sem espa\u00e7o para debate com a classe trabalhadora. Al\u00e9m disso, dizer que a reforma n\u00e3o afetar\u00e1 os atuais servidores \u00e9 enganoso: haver\u00e1 reflexos diretos nas novas contrata\u00e7\u00f5es e, consequentemente, na previd\u00eancia dos que j\u00e1 est\u00e3o na ativa e dos aposentados\u201d, pontuou.<\/p>\n\n\n\n<p>O representante da CTB\/RN, Moacir Morais, tamb\u00e9m alertou que todos \u2014 ativos, aposentados e pensionistas \u2014 podem ser atingidos. \u201cQuando se enfraquece o v\u00ednculo estabelecido pelo concurso p\u00fablico, toda a l\u00f3gica de financiamento intergeracional da previd\u00eancia se rompe. Menos servidores significam menos contribui\u00e7\u00f5es e, portanto, menos recursos para garantir os benef\u00edcios dos aposentados e pensionistas&#8221;, explicou.<\/p>\n\n\n\n<p>Espa\u00e7o para mobiliza\u00e7\u00e3o<\/p>\n\n\n\n<p><br \/>A mesa dos trabalhos contou ainda com a presen\u00e7a de D\u00e1rio Barbosa (CSP-Conlutas), Ira\u00edlson Nunes (CUT\/RN) e outras lideran\u00e7as sindicais, refor\u00e7ando a pluralidade do debate.<\/p>\n\n\n\n<p><br \/>Ao final, a Frente Parlamentar reafirmou seu papel de ser um espa\u00e7o de resist\u00eancia e qualifica\u00e7\u00e3o do debate.<\/p>\n\n\n\n<p><br \/>Texto: Ilana Albuquerque&nbsp;<br \/>Fotos: Elp\u00eddio Junior<\/p>\n","protected":false},"excerpt":{"rendered":"<p>A C\u00e2mara Municipal de Natal sediou, nesta quinta-feira (11), reuni\u00e3o da Frente Parlamentar em Defesa das Servidoras, dos Servidores e [&hellip;]<\/p>\n","protected":false},"author":1,"featured_media":0,"comment_status":"closed","ping_status":"","sticky":false,"template":"","format":"image","meta":{"site-sidebar-layout":"default","site-content-layout":"","ast-site-content-layout":"default","site-content-style":"default","site-sidebar-style":"default","ast-global-header-display":"","ast-banner-title-visibility":"","ast-main-header-display":"","ast-hfb-above-header-display":"","ast-hfb-below-header-display":"","ast-hfb-mobile-header-display":"","site-post-title":"","ast-breadcrumbs-content":"","ast-featured-img":"","footer-sml-layout":"","ast-disable-related-posts":"","theme-transparent-header-meta":"","adv-header-id-meta":"","stick-header-meta":"","header-above-stick-meta":"","header-main-stick-meta":"","header-below-stick-meta":"","astra-migrate-meta-layouts":"default","ast-page-background-enabled":"default","ast-page-background-meta":{"desktop":{"background-color":"var(--ast-global-color-4)","background-image":"","background-repeat":"repeat","background-position":"center center","background-size":"auto","background-attachment":"scroll","background-type":"","background-media":"","overlay-type":"","overlay-color":"","overlay-opacity":"","overlay-gradient":""},"tablet":{"background-color":"","background-image":"","background-repeat":"repeat","background-position":"center center","background-size":"auto","background-attachment":"scroll","background-type":"","background-media":"","overlay-type":"","overlay-color":"","overlay-opacity":"","overlay-gradient":""},"mobile":{"background-color":"","background-image":"","background-repeat":"repeat","background-position":"center center","background-size":"auto","background-attachment":"scroll","background-type":"","background-media":"","overlay-type":"","overlay-color":"","overlay-opacity":"","overlay-gradient":""}},"ast-content-background-meta":{"desktop":{"background-color":"var(--ast-global-color-5)","background-image":"","background-repeat":"repeat","background-position":"center center","background-size":"auto","background-attachment":"scroll","background-type":"","background-media":"","overlay-type":"","overlay-color":"","overlay-opacity":"","overlay-gradient":""},"tablet":{"background-color":"var(--ast-global-color-5)","background-image":"","background-repeat":"repeat","background-position":"center center","background-size":"auto","background-attachment":"scroll","background-type":"","background-media":"","overlay-type":"","overlay-color":"","overlay-opacity":"","overlay-gradient":""},"mobile":{"background-color":"var(--ast-global-color-5)","background-image":"","background-repeat":"repeat","background-position":"center center","background-size":"auto","background-attachment":"scroll","background-type":"","background-media":"","overlay-type":"","overlay-color":"","overlay-opacity":"","overlay-gradient":""}},"footnotes":""},"categories":[3816],"tags":[],"class_list":["post-29646","post","type-post","status-publish","format-image","hentry","category-camara-municipal-de-natal","post_format-post-format-image"],"_links":{"self":[{"href":"https:\/\/noticiasnoface.com.br\/index.php\/wp-json\/wp\/v2\/posts\/29646","targetHints":{"allow":["GET"]}}],"collection":[{"href":"https:\/\/noticiasnoface.com.br\/index.php\/wp-json\/wp\/v2\/posts"}],"about":[{"href":"https:\/\/noticiasnoface.com.br\/index.php\/wp-json\/wp\/v2\/types\/post"}],"author":[{"embeddable":true,"href":"https:\/\/noticiasnoface.com.br\/index.php\/wp-json\/wp\/v2\/users\/1"}],"replies":[{"embeddable":true,"href":"https:\/\/noticiasnoface.com.br\/index.php\/wp-json\/wp\/v2\/comments?post=29646"}],"version-history":[{"count":1,"href":"https:\/\/noticiasnoface.com.br\/index.php\/wp-json\/wp\/v2\/posts\/29646\/revisions"}],"predecessor-version":[{"id":29647,"href":"https:\/\/noticiasnoface.com.br\/index.php\/wp-json\/wp\/v2\/posts\/29646\/revisions\/29647"}],"wp:attachment":[{"href":"https:\/\/noticiasnoface.com.br\/index.php\/wp-json\/wp\/v2\/media?parent=29646"}],"wp:term":[{"taxonomy":"category","embeddable":true,"href":"https:\/\/noticiasnoface.com.br\/index.php\/wp-json\/wp\/v2\/categories?post=29646"},{"taxonomy":"post_tag","embeddable":true,"href":"https:\/\/noticiasnoface.com.br\/index.php\/wp-json\/wp\/v2\/tags?post=29646"}],"curies":[{"name":"wp","href":"https:\/\/api.w.org\/{rel}","templated":true}]}}