{"id":29651,"date":"2025-09-11T21:42:29","date_gmt":"2025-09-12T00:42:29","guid":{"rendered":"https:\/\/noticiasnoface.com.br\/?p=29651"},"modified":"2025-09-11T21:42:29","modified_gmt":"2025-09-12T00:42:29","slug":"deputado-coronel-azevedo-exalta-voto-historico-do-ministro-luiz-fux-pela-absolvicao-de-jair-bolsonaro","status":"publish","type":"post","link":"https:\/\/noticiasnoface.com.br\/index.php\/2025\/09\/11\/deputado-coronel-azevedo-exalta-voto-historico-do-ministro-luiz-fux-pela-absolvicao-de-jair-bolsonaro\/","title":{"rendered":"Deputado Coronel Azevedo exalta voto hist\u00f3rico do ministro Luiz Fux pela absolvi\u00e7\u00e3o de Jair Bolsonaro"},"content":{"rendered":"\n<figure class=\"wp-block-image size-large\"><img data-opt-id=1619729350  fetchpriority=\"high\" decoding=\"async\" width=\"1024\" height=\"682\" src=\"https:\/\/mlbfrsat7ahr.i.optimole.com\/w:1024\/h:682\/q:mauto\/ig:avif\/https:\/\/noticiasnoface.com.br\/wp-content\/uploads\/2025\/09\/ac75ef82-adac-4906-902c-5410fe8b0507-1.jpg\" class=\"wp-image-29650\" srcset=\"https:\/\/mlbfrsat7ahr.i.optimole.com\/w:1024\/h:682\/q:mauto\/ig:avif\/https:\/\/noticiasnoface.com.br\/wp-content\/uploads\/2025\/09\/ac75ef82-adac-4906-902c-5410fe8b0507-1.jpg 1024w, https:\/\/mlbfrsat7ahr.i.optimole.com\/w:300\/h:200\/q:mauto\/ig:avif\/https:\/\/noticiasnoface.com.br\/wp-content\/uploads\/2025\/09\/ac75ef82-adac-4906-902c-5410fe8b0507-1.jpg 300w, https:\/\/mlbfrsat7ahr.i.optimole.com\/w:768\/h:512\/q:mauto\/ig:avif\/https:\/\/noticiasnoface.com.br\/wp-content\/uploads\/2025\/09\/ac75ef82-adac-4906-902c-5410fe8b0507-1.jpg 768w, https:\/\/mlbfrsat7ahr.i.optimole.com\/w:1280\/h:853\/q:mauto\/ig:avif\/https:\/\/noticiasnoface.com.br\/wp-content\/uploads\/2025\/09\/ac75ef82-adac-4906-902c-5410fe8b0507-1.jpg 1280w\" sizes=\"(max-width: 1000px) 100vw, 1000px\" \/><\/figure>\n\n\n\n<p>O deputado estadual Coronel Azevedo (PL-RN) usou a tribuna da Assembleia Legislativa do Rio Grande do Norte, nesta quinta-feira (11), para destacar e reconhecer o posicionamento do ministro Luiz Fux, do Supremo Tribunal Federal (STF), em julgamento recente envolvendo o ex-presidente Jair Bolsonaro.<\/p>\n\n\n\n<p>Em seu voto, Fux afirmou que o processo contra Bolsonaro foi ilegal, posicionando-se de maneira firme contra o que o parlamentar classificou como \u201cuma ca\u00e7ada institucionalizada e politicamente motivada\u201d.<\/p>\n\n\n\n<p>\u201cTrata-se de uma posi\u00e7\u00e3o corajosa, pois afronta o desejo de um perigoso grupo de esquerda que tenta calar Bolsonaro e impedir sua participa\u00e7\u00e3o nas elei\u00e7\u00f5es de 2026. O voto de Fux \u00e9 um sopro de justi\u00e7a em meio a tempos de persegui\u00e7\u00e3o pol\u00edtica\u201d, afirmou Azevedo.<\/p>\n\n\n\n<p>O deputado ressaltou que o ministro exp\u00f4s as inconsist\u00eancias jur\u00eddicas do processo e reafirmou a import\u00e2ncia do respeito ao devido processo legal, cl\u00e1usula p\u00e9trea da Constitui\u00e7\u00e3o.<\/p>\n\n\n\n<p>\u201cN\u00e3o cabe a ministros inventarem crimes ou se colocarem como parte acusadora. O que se viu contra Bolsonaro foram atropelos, vazamentos seletivos e condena\u00e7\u00f5es antecipadas. O voto de Fux mostra que ainda h\u00e1, no Supremo, quem compreenda o verdadeiro papel do Judici\u00e1rio\u201d, acrescentou.<\/p>\n\n\n\n<p>Azevedo destacou ainda que o posicionamento de Fux n\u00e3o se limita \u00e0 defesa de Bolsonaro, mas defende a pr\u00f3pria democracia brasileira, ao reafirmar que n\u00e3o h\u00e1 liberdade sem seguran\u00e7a jur\u00eddica, nem justi\u00e7a sem imparcialidade.<\/p>\n\n\n\n<p>Para o parlamentar, a coragem do ministro deve inspirar outros magistrados a reverem posturas parciais e a resgatarem o equil\u00edbrio entre os Poderes.<\/p>\n\n\n\n<p>\u201cO Brasil precisa de pacifica\u00e7\u00e3o, n\u00e3o de persegui\u00e7\u00e3o. Luiz Fux deu exemplo de fidelidade \u00e0 Constitui\u00e7\u00e3o. Defender Bolsonaro \u00e9 tamb\u00e9m defender a liberdade de todos os brasileiros\u201d, concluiu Coronel Azevedo.<\/p>\n\n\n\n<p><\/p>\n","protected":false},"excerpt":{"rendered":"<p>O deputado estadual Coronel Azevedo (PL-RN) usou a tribuna da Assembleia Legislativa do Rio Grande do Norte, nesta quinta-feira (11), [&hellip;]<\/p>\n","protected":false},"author":1,"featured_media":0,"comment_status":"closed","ping_status":"","sticky":false,"template":"","format":"image","meta":{"site-sidebar-layout":"default","site-content-layout":"","ast-site-content-layout":"default","site-content-style":"default","site-sidebar-style":"default","ast-global-header-display":"","ast-banner-title-visibility":"","ast-main-header-display":"","ast-hfb-above-header-display":"","ast-hfb-below-header-display":"","ast-hfb-mobile-header-display":"","site-post-title":"","ast-breadcrumbs-content":"","ast-featured-img":"","footer-sml-layout":"","ast-disable-related-posts":"","theme-transparent-header-meta":"","adv-header-id-meta":"","stick-header-meta":"","header-above-stick-meta":"","header-main-stick-meta":"","header-below-stick-meta":"","astra-migrate-meta-layouts":"default","ast-page-background-enabled":"default","ast-page-background-meta":{"desktop":{"background-color":"var(--ast-global-color-4)","background-image":"","background-repeat":"repeat","background-position":"center center","background-size":"auto","background-attachment":"scroll","background-type":"","background-media":"","overlay-type":"","overlay-color":"","overlay-opacity":"","overlay-gradient":""},"tablet":{"background-color":"","background-image":"","background-repeat":"repeat","background-position":"center center","background-size":"auto","background-attachment":"scroll","background-type":"","background-media":"","overlay-type":"","overlay-color":"","overlay-opacity":"","overlay-gradient":""},"mobile":{"background-color":"","background-image":"","background-repeat":"repeat","background-position":"center center","background-size":"auto","background-attachment":"scroll","background-type":"","background-media":"","overlay-type":"","overlay-color":"","overlay-opacity":"","overlay-gradient":""}},"ast-content-background-meta":{"desktop":{"background-color":"var(--ast-global-color-5)","background-image":"","background-repeat":"repeat","background-position":"center center","background-size":"auto","background-attachment":"scroll","background-type":"","background-media":"","overlay-type":"","overlay-color":"","overlay-opacity":"","overlay-gradient":""},"tablet":{"background-color":"var(--ast-global-color-5)","background-image":"","background-repeat":"repeat","background-position":"center center","background-size":"auto","background-attachment":"scroll","background-type":"","background-media":"","overlay-type":"","overlay-color":"","overlay-opacity":"","overlay-gradient":""},"mobile":{"background-color":"var(--ast-global-color-5)","background-image":"","background-repeat":"repeat","background-position":"center center","background-size":"auto","background-attachment":"scroll","background-type":"","background-media":"","overlay-type":"","overlay-color":"","overlay-opacity":"","overlay-gradient":""}},"footnotes":""},"categories":[517],"tags":[],"class_list":["post-29651","post","type-post","status-publish","format-image","hentry","category-aconteceu","post_format-post-format-image"],"_links":{"self":[{"href":"https:\/\/noticiasnoface.com.br\/index.php\/wp-json\/wp\/v2\/posts\/29651","targetHints":{"allow":["GET"]}}],"collection":[{"href":"https:\/\/noticiasnoface.com.br\/index.php\/wp-json\/wp\/v2\/posts"}],"about":[{"href":"https:\/\/noticiasnoface.com.br\/index.php\/wp-json\/wp\/v2\/types\/post"}],"author":[{"embeddable":true,"href":"https:\/\/noticiasnoface.com.br\/index.php\/wp-json\/wp\/v2\/users\/1"}],"replies":[{"embeddable":true,"href":"https:\/\/noticiasnoface.com.br\/index.php\/wp-json\/wp\/v2\/comments?post=29651"}],"version-history":[{"count":1,"href":"https:\/\/noticiasnoface.com.br\/index.php\/wp-json\/wp\/v2\/posts\/29651\/revisions"}],"predecessor-version":[{"id":29652,"href":"https:\/\/noticiasnoface.com.br\/index.php\/wp-json\/wp\/v2\/posts\/29651\/revisions\/29652"}],"wp:attachment":[{"href":"https:\/\/noticiasnoface.com.br\/index.php\/wp-json\/wp\/v2\/media?parent=29651"}],"wp:term":[{"taxonomy":"category","embeddable":true,"href":"https:\/\/noticiasnoface.com.br\/index.php\/wp-json\/wp\/v2\/categories?post=29651"},{"taxonomy":"post_tag","embeddable":true,"href":"https:\/\/noticiasnoface.com.br\/index.php\/wp-json\/wp\/v2\/tags?post=29651"}],"curies":[{"name":"wp","href":"https:\/\/api.w.org\/{rel}","templated":true}]}}