{"id":29658,"date":"2025-09-12T21:20:13","date_gmt":"2025-09-13T00:20:13","guid":{"rendered":"https:\/\/noticiasnoface.com.br\/?p=29658"},"modified":"2025-09-12T21:20:13","modified_gmt":"2025-09-13T00:20:13","slug":"tv-camara-parnamirim","status":"publish","type":"post","link":"https:\/\/noticiasnoface.com.br\/index.php\/2025\/09\/12\/tv-camara-parnamirim\/","title":{"rendered":"TV CAMARA PARNAMIRIM"},"content":{"rendered":"\n<figure class=\"wp-block-image size-large\"><img data-opt-id=1220413102  fetchpriority=\"high\" decoding=\"async\" width=\"763\" height=\"1024\" src=\"https:\/\/mlbfrsat7ahr.i.optimole.com\/w:763\/h:1024\/q:mauto\/ig:avif\/https:\/\/noticiasnoface.com.br\/wp-content\/uploads\/2025\/09\/img_4712-1.jpg\" class=\"wp-image-29657\" srcset=\"https:\/\/mlbfrsat7ahr.i.optimole.com\/w:763\/h:1024\/q:mauto\/ig:avif\/https:\/\/noticiasnoface.com.br\/wp-content\/uploads\/2025\/09\/img_4712-1.jpg 763w, https:\/\/mlbfrsat7ahr.i.optimole.com\/w:223\/h:300\/q:mauto\/ig:avif\/https:\/\/noticiasnoface.com.br\/wp-content\/uploads\/2025\/09\/img_4712-1.jpg 223w, https:\/\/mlbfrsat7ahr.i.optimole.com\/w:768\/h:1031\/q:mauto\/ig:avif\/https:\/\/noticiasnoface.com.br\/wp-content\/uploads\/2025\/09\/img_4712-1.jpg 768w, https:\/\/mlbfrsat7ahr.i.optimole.com\/w:804\/h:1080\/q:mauto\/ig:avif\/https:\/\/noticiasnoface.com.br\/wp-content\/uploads\/2025\/09\/img_4712-1.jpg 1144w, https:\/\/mlbfrsat7ahr.i.optimole.com\/w:804\/h:1080\/q:mauto\/ig:avif\/https:\/\/noticiasnoface.com.br\/wp-content\/uploads\/2025\/09\/img_4712-1.jpg 1320w\" sizes=\"(max-width: 763px) 100vw, 763px\" \/><figcaption class=\"wp-element-caption\">Confira a mat\u00e9ria especial da #TVC\u00e2mara<br>sobre a campanha Cidad\u00e3o Sangue Bom.<br>A cada segundo, algu\u00e9m precisa de sangue e voc\u00ea pode ser a diferen\u00e7a. Nesta sexta (12), das 8h30 \u00e0s 16h, a C\u00e2mara de Parnamirim, em parceria com o @hemonorte, vira ponto de coleta de doa\u00e7\u00f5es.<br>Av. Castor Vieira R\u00e9gis, Cohabinal.<br>Seja um Cidad\u00e3o Sangue Bom e ajude a salvar vidas!<\/figcaption><\/figure>\n","protected":false},"excerpt":{"rendered":"","protected":false},"author":1,"featured_media":0,"comment_status":"closed","ping_status":"","sticky":false,"template":"","format":"image","meta":{"site-sidebar-layout":"default","site-content-layout":"","ast-site-content-layout":"default","site-content-style":"default","site-sidebar-style":"default","ast-global-header-display":"","ast-banner-title-visibility":"","ast-main-header-display":"","ast-hfb-above-header-display":"","ast-hfb-below-header-display":"","ast-hfb-mobile-header-display":"","site-post-title":"","ast-breadcrumbs-content":"","ast-featured-img":"","footer-sml-layout":"","ast-disable-related-posts":"","theme-transparent-header-meta":"","adv-header-id-meta":"","stick-header-meta":"","header-above-stick-meta":"","header-main-stick-meta":"","header-below-stick-meta":"","astra-migrate-meta-layouts":"default","ast-page-background-enabled":"default","ast-page-background-meta":{"desktop":{"background-color":"var(--ast-global-color-4)","background-image":"","background-repeat":"repeat","background-position":"center center","background-size":"auto","background-attachment":"scroll","background-type":"","background-media":"","overlay-type":"","overlay-color":"","overlay-opacity":"","overlay-gradient":""},"tablet":{"background-color":"","background-image":"","background-repeat":"repeat","background-position":"center center","background-size":"auto","background-attachment":"scroll","background-type":"","background-media":"","overlay-type":"","overlay-color":"","overlay-opacity":"","overlay-gradient":""},"mobile":{"background-color":"","background-image":"","background-repeat":"repeat","background-position":"center center","background-size":"auto","background-attachment":"scroll","background-type":"","background-media":"","overlay-type":"","overlay-color":"","overlay-opacity":"","overlay-gradient":""}},"ast-content-background-meta":{"desktop":{"background-color":"var(--ast-global-color-5)","background-image":"","background-repeat":"repeat","background-position":"center center","background-size":"auto","background-attachment":"scroll","background-type":"","background-media":"","overlay-type":"","overlay-color":"","overlay-opacity":"","overlay-gradient":""},"tablet":{"background-color":"var(--ast-global-color-5)","background-image":"","background-repeat":"repeat","background-position":"center center","background-size":"auto","background-attachment":"scroll","background-type":"","background-media":"","overlay-type":"","overlay-color":"","overlay-opacity":"","overlay-gradient":""},"mobile":{"background-color":"var(--ast-global-color-5)","background-image":"","background-repeat":"repeat","background-position":"center center","background-size":"auto","background-attachment":"scroll","background-type":"","background-media":"","overlay-type":"","overlay-color":"","overlay-opacity":"","overlay-gradient":""}},"footnotes":""},"categories":[3817],"tags":[],"class_list":["post-29658","post","type-post","status-publish","format-image","hentry","category-camara-municipal-de-parnamirim","post_format-post-format-image"],"_links":{"self":[{"href":"https:\/\/noticiasnoface.com.br\/index.php\/wp-json\/wp\/v2\/posts\/29658","targetHints":{"allow":["GET"]}}],"collection":[{"href":"https:\/\/noticiasnoface.com.br\/index.php\/wp-json\/wp\/v2\/posts"}],"about":[{"href":"https:\/\/noticiasnoface.com.br\/index.php\/wp-json\/wp\/v2\/types\/post"}],"author":[{"embeddable":true,"href":"https:\/\/noticiasnoface.com.br\/index.php\/wp-json\/wp\/v2\/users\/1"}],"replies":[{"embeddable":true,"href":"https:\/\/noticiasnoface.com.br\/index.php\/wp-json\/wp\/v2\/comments?post=29658"}],"version-history":[{"count":1,"href":"https:\/\/noticiasnoface.com.br\/index.php\/wp-json\/wp\/v2\/posts\/29658\/revisions"}],"predecessor-version":[{"id":29659,"href":"https:\/\/noticiasnoface.com.br\/index.php\/wp-json\/wp\/v2\/posts\/29658\/revisions\/29659"}],"wp:attachment":[{"href":"https:\/\/noticiasnoface.com.br\/index.php\/wp-json\/wp\/v2\/media?parent=29658"}],"wp:term":[{"taxonomy":"category","embeddable":true,"href":"https:\/\/noticiasnoface.com.br\/index.php\/wp-json\/wp\/v2\/categories?post=29658"},{"taxonomy":"post_tag","embeddable":true,"href":"https:\/\/noticiasnoface.com.br\/index.php\/wp-json\/wp\/v2\/tags?post=29658"}],"curies":[{"name":"wp","href":"https:\/\/api.w.org\/{rel}","templated":true}]}}