{"id":29663,"date":"2025-09-13T20:59:50","date_gmt":"2025-09-13T23:59:50","guid":{"rendered":"https:\/\/noticiasnoface.com.br\/?p=29663"},"modified":"2025-09-13T20:59:50","modified_gmt":"2025-09-13T23:59:50","slug":"campanha-cidadao-sangue-bom-recebe-quase-100-doacoes-de-sangue","status":"publish","type":"post","link":"https:\/\/noticiasnoface.com.br\/index.php\/2025\/09\/13\/campanha-cidadao-sangue-bom-recebe-quase-100-doacoes-de-sangue\/","title":{"rendered":"Campanha &#8220;Cidad\u00e3o Sangue Bom&#8221; recebe quase 100 doa\u00e7\u00f5es de sangue"},"content":{"rendered":"\n<figure class=\"wp-block-image size-large\"><img data-opt-id=347704564  fetchpriority=\"high\" decoding=\"async\" width=\"1024\" height=\"683\" src=\"https:\/\/mlbfrsat7ahr.i.optimole.com\/w:1024\/h:683\/q:mauto\/ig:avif\/https:\/\/noticiasnoface.com.br\/wp-content\/uploads\/2025\/09\/77dd34d2-9375-41e9-bde6-d9c77109bc9c-1.jpg\" class=\"wp-image-29662\" srcset=\"https:\/\/mlbfrsat7ahr.i.optimole.com\/w:1024\/h:683\/q:mauto\/ig:avif\/https:\/\/noticiasnoface.com.br\/wp-content\/uploads\/2025\/09\/77dd34d2-9375-41e9-bde6-d9c77109bc9c-1.jpg 1024w, https:\/\/mlbfrsat7ahr.i.optimole.com\/w:300\/h:200\/q:mauto\/ig:avif\/https:\/\/noticiasnoface.com.br\/wp-content\/uploads\/2025\/09\/77dd34d2-9375-41e9-bde6-d9c77109bc9c-1.jpg 300w, https:\/\/mlbfrsat7ahr.i.optimole.com\/w:768\/h:512\/q:mauto\/ig:avif\/https:\/\/noticiasnoface.com.br\/wp-content\/uploads\/2025\/09\/77dd34d2-9375-41e9-bde6-d9c77109bc9c-1.jpg 768w, https:\/\/mlbfrsat7ahr.i.optimole.com\/w:1080\/h:720\/q:mauto\/ig:avif\/https:\/\/noticiasnoface.com.br\/wp-content\/uploads\/2025\/09\/77dd34d2-9375-41e9-bde6-d9c77109bc9c-1.jpg 1080w\" sizes=\"(max-width: 1000px) 100vw, 1000px\" \/><\/figure>\n\n\n\n<p>Nesta sexta-feira (12) ocorreu, na C\u00e2mara Municipal de Parnamirim, a campanha &#8220;Cidad\u00e3o Sangue Bom&#8221;. Em parceria com o Hemocentro do Rio Grande do Norte (Hemonorte), a Casa Legislativa abriu suas portas para que parnamirinenses pudessem fazer este ato c\u00edvico e humanit\u00e1rio de doa\u00e7\u00e3o de sangue. Ao todo 126 pessoas participaram da capta\u00e7\u00e3o, dos quais 94 foram considerados aptos \u00e0 doa\u00e7\u00e3o de sangue. Tamb\u00e9m alguns vereadores, inclusive o vereador Thiago Fernandes, fizeram sua contribui\u00e7\u00e3o para ajudar a salvar vidas.<\/p>\n\n\n\n<p>O presidente da Casa, vereador Dr. C\u00e9sar Maia, ressaltou o papel da C\u00e2mara em promover uma a\u00e7\u00e3o com tamanha relev\u00e2ncia: &#8220;A C\u00e2mara Municipal de Parnamirim busca inovar mais uma vez, trazendo o Hemonorte at\u00e9 o nosso munic\u00edpio com toda a estrutura f\u00edsica e log\u00edstica, para refor\u00e7ar o apoio nesse momento importante,&nbsp; no qual o estoque de bolsas de sangue est\u00e1 em estado cr\u00edtico&#8221;, afirmou.&nbsp;<\/p>\n\n\n\n<p>A diretora do Departamento de Apoio T\u00e9cnico (DAT) do Hemonorte, Miriam Mafra, elogiou a campanha de divulga\u00e7\u00e3o da C\u00e2mara, j\u00e1 que &#8220;foi uma surpresa, pois esper\u00e1vamos apenas umas 60 pessoas e tivemos mais do dobro&#8221; de volunt\u00e1rios. &#8220;Al\u00e9m disso, essa boa resposta da popula\u00e7\u00e3o, mostra o grau de esclarecimento dos que vieram&#8221;, completou ela ao comentar sobre o baixo \u00edndice de volunt\u00e1rios inaptos. E foram apenas duas desist\u00eancias.<\/p>\n\n\n\n<p>A a\u00e7\u00e3o ocorreu das 08:30h \u00e0s 17h, envolveu 15 profissionais do Hemonorte, e teve como p\u00fablico alvo tanto os servidores da C\u00e2mara Municipal de Parnamirim bem como todos os parnamirinenses, refor\u00e7ando a import\u00e2ncia da doa\u00e7\u00e3o de sangue como ato de cidadania e cuidado coletivo. A iniciativa buscou ampliar o n\u00famero de doadores volunt\u00e1rios, garantindo o abastecimento dos bancos de sangue e ajudando pacientes que necessitam de transfus\u00f5es regularmente.<\/p>\n\n\n\n<p><em>EXAMES DE SANGUE<\/em><br \/>Todos cidad\u00e3os que doaram sangue ter\u00e3o acesso ao resultado dos exames que ser\u00e3o realizados em at\u00e9 10 dias \u00fateis, diretamente no Hemonorte.<\/p>\n\n\n\n<p><em>QUEM QUISER DOAR<\/em><br \/>Para quem n\u00e3o veio \u00e0 C\u00e2mara hoje, mas tiver o desejo c\u00edvico e humanit\u00e1rio de doar, poder\u00e3o dirigir-se \u00e0 sede do Hemonorte, na Av. Alte. Alexandrino de Alencar, 1.800, Tirol, em Natal, de segunda a s\u00e1bado, das 7h \u00e0s 18h; ou no Partage Shopping, na Zona Norte, de segunda a sexta-feira, das 8h \u00e0s 17h. Para mais informa\u00e7\u00f5es, acesse o site do Hemonorte: http:\/\/www.hemonorte.rn.gov.br\/<\/p>\n\n\n\n<p><em>FOTOS<\/em><br \/>A galeria de fotos da Campanha &#8220;Cidad\u00e3o Sangue Bom&#8221; est\u00e1 dispon\u00edvel no link https:\/\/camaraparnamirim.rn.gov.br\/galerias\/220<\/p>\n\n\n\n<p><\/p>\n","protected":false},"excerpt":{"rendered":"<p>Nesta sexta-feira (12) ocorreu, na C\u00e2mara Municipal de Parnamirim, a campanha &#8220;Cidad\u00e3o Sangue Bom&#8221;. Em parceria com o Hemocentro do [&hellip;]<\/p>\n","protected":false},"author":1,"featured_media":0,"comment_status":"closed","ping_status":"","sticky":false,"template":"","format":"image","meta":{"site-sidebar-layout":"default","site-content-layout":"","ast-site-content-layout":"default","site-content-style":"default","site-sidebar-style":"default","ast-global-header-display":"","ast-banner-title-visibility":"","ast-main-header-display":"","ast-hfb-above-header-display":"","ast-hfb-below-header-display":"","ast-hfb-mobile-header-display":"","site-post-title":"","ast-breadcrumbs-content":"","ast-featured-img":"","footer-sml-layout":"","ast-disable-related-posts":"","theme-transparent-header-meta":"","adv-header-id-meta":"","stick-header-meta":"","header-above-stick-meta":"","header-main-stick-meta":"","header-below-stick-meta":"","astra-migrate-meta-layouts":"default","ast-page-background-enabled":"default","ast-page-background-meta":{"desktop":{"background-color":"var(--ast-global-color-4)","background-image":"","background-repeat":"repeat","background-position":"center center","background-size":"auto","background-attachment":"scroll","background-type":"","background-media":"","overlay-type":"","overlay-color":"","overlay-opacity":"","overlay-gradient":""},"tablet":{"background-color":"","background-image":"","background-repeat":"repeat","background-position":"center center","background-size":"auto","background-attachment":"scroll","background-type":"","background-media":"","overlay-type":"","overlay-color":"","overlay-opacity":"","overlay-gradient":""},"mobile":{"background-color":"","background-image":"","background-repeat":"repeat","background-position":"center center","background-size":"auto","background-attachment":"scroll","background-type":"","background-media":"","overlay-type":"","overlay-color":"","overlay-opacity":"","overlay-gradient":""}},"ast-content-background-meta":{"desktop":{"background-color":"var(--ast-global-color-5)","background-image":"","background-repeat":"repeat","background-position":"center center","background-size":"auto","background-attachment":"scroll","background-type":"","background-media":"","overlay-type":"","overlay-color":"","overlay-opacity":"","overlay-gradient":""},"tablet":{"background-color":"var(--ast-global-color-5)","background-image":"","background-repeat":"repeat","background-position":"center center","background-size":"auto","background-attachment":"scroll","background-type":"","background-media":"","overlay-type":"","overlay-color":"","overlay-opacity":"","overlay-gradient":""},"mobile":{"background-color":"var(--ast-global-color-5)","background-image":"","background-repeat":"repeat","background-position":"center center","background-size":"auto","background-attachment":"scroll","background-type":"","background-media":"","overlay-type":"","overlay-color":"","overlay-opacity":"","overlay-gradient":""}},"footnotes":""},"categories":[3817],"tags":[],"class_list":["post-29663","post","type-post","status-publish","format-image","hentry","category-camara-municipal-de-parnamirim","post_format-post-format-image"],"_links":{"self":[{"href":"https:\/\/noticiasnoface.com.br\/index.php\/wp-json\/wp\/v2\/posts\/29663","targetHints":{"allow":["GET"]}}],"collection":[{"href":"https:\/\/noticiasnoface.com.br\/index.php\/wp-json\/wp\/v2\/posts"}],"about":[{"href":"https:\/\/noticiasnoface.com.br\/index.php\/wp-json\/wp\/v2\/types\/post"}],"author":[{"embeddable":true,"href":"https:\/\/noticiasnoface.com.br\/index.php\/wp-json\/wp\/v2\/users\/1"}],"replies":[{"embeddable":true,"href":"https:\/\/noticiasnoface.com.br\/index.php\/wp-json\/wp\/v2\/comments?post=29663"}],"version-history":[{"count":1,"href":"https:\/\/noticiasnoface.com.br\/index.php\/wp-json\/wp\/v2\/posts\/29663\/revisions"}],"predecessor-version":[{"id":29664,"href":"https:\/\/noticiasnoface.com.br\/index.php\/wp-json\/wp\/v2\/posts\/29663\/revisions\/29664"}],"wp:attachment":[{"href":"https:\/\/noticiasnoface.com.br\/index.php\/wp-json\/wp\/v2\/media?parent=29663"}],"wp:term":[{"taxonomy":"category","embeddable":true,"href":"https:\/\/noticiasnoface.com.br\/index.php\/wp-json\/wp\/v2\/categories?post=29663"},{"taxonomy":"post_tag","embeddable":true,"href":"https:\/\/noticiasnoface.com.br\/index.php\/wp-json\/wp\/v2\/tags?post=29663"}],"curies":[{"name":"wp","href":"https:\/\/api.w.org\/{rel}","templated":true}]}}