{"id":29665,"date":"2025-09-13T21:26:00","date_gmt":"2025-09-14T00:26:00","guid":{"rendered":"https:\/\/noticiasnoface.com.br\/?p=29665"},"modified":"2025-09-13T21:26:00","modified_gmt":"2025-09-14T00:26:00","slug":"mendonca-obrigar-ida-a-cpmi-do-inss-equivale-a-conducao-coercitiva-ilegal","status":"publish","type":"post","link":"https:\/\/noticiasnoface.com.br\/index.php\/2025\/09\/13\/mendonca-obrigar-ida-a-cpmi-do-inss-equivale-a-conducao-coercitiva-ilegal\/","title":{"rendered":"Mendon\u00e7a: Obrigar ida \u00e0 CPMI do INSS equivale \u00e0 condu\u00e7\u00e3o coercitiva ilegal"},"content":{"rendered":"\n<h2 class=\"wp-block-heading subhead\">Ministro facultou ao &#8220;Careca do INSS&#8221; a decis\u00e3o de comparecer \u00e0 comiss\u00e3o na segunda-feira<\/h2>\n\n\n\n<p>13\/09\/25 \u00e0s 21:24&nbsp;|&nbsp;Atualizado&nbsp;13\/09\/25 \u00e0s 21:24<\/p>\n\n\n\n<figure class=\"wp-block-image\"><img data-opt-id=1597114770  fetchpriority=\"high\" decoding=\"async\" src=\"https:\/\/admin.cnnbrasil.com.br\/wp-content\/uploads\/sites\/12\/2024\/06\/53693373652_118ef35e2f_c.jpg?w=419&amp;h=283&amp;crop=0\" alt=\"Ministro Andr\u00e9 Mendon\u00e7a na sess\u00e3o plen\u00e1ria do STF\"\/><figcaption class=\"wp-element-caption\">Ministro Andr\u00e9 Mendon\u00e7a na sess\u00e3o plen\u00e1ria do STF&nbsp; \u2022&nbsp;02\/05\/2024 &#8211; Rosinei Coutinho\/SCO\/STF<\/figcaption><\/figure>\n\n\n\n<p>ouvir not\u00edcia<\/p>\n\n\n\n<p>0:00&nbsp;1.0x<\/p>\n\n\n\n<p>Ao facultar ao empres\u00e1rio &#8220;Careca do INSS&#8221; a decis\u00e3o de comparecer \u00e0 CPMI, o ministro Andr\u00e9 Mendon\u00e7a, do STF (Supremo Tribunal Federal), disse que a obrigatoriedade equivaleria \u00e0 condu\u00e7\u00e3o coercitiva, pr\u00e1tica considerada ilegal desde 2018.<\/p>\n\n\n\n<p>Mendon\u00e7a levantou o sigilo da decis\u00e3o que desobrigou os empres\u00e1rios Ant\u00f4nio Carlos Camilo Antunes, o &#8220;Careca do INSS&#8221;, e Maur\u00edcio Camisotti, presos na sexta-feira, de comparecerem \u00e0 comiss\u00e3o na pr\u00f3xima semana. A CPMI anunciou que vai recorrer.<\/p>\n\n\n\n<p>O ministro autorizou que a PF (Pol\u00edcia Federal) os apresente \u00e0 comiss\u00e3o, mas observou que a ida n\u00e3o \u00e9 compuls\u00f3ria. &#8220;A n\u00e3o obrigatoriedade de participar do ato decorre do direito \u00e0 n\u00e3o incrimina\u00e7\u00e3o e do princ\u00edpio da dignidade humana&#8221;, escreveu.<\/p>\n\n\n\n<p>Mendon\u00e7a disse que as defesas dos investigados devem formalizar nos autos, com certa anteced\u00eancia, suas obje\u00e7\u00f5es quanto \u00e0 convoca\u00e7\u00e3o pela CPMI, &#8220;de modo a evitar deslocamentos desnecess\u00e1rios dos custodiados&#8221;.<\/p>\n\n\n\n<p>Na decis\u00e3o, o ministro diz que compreende a relev\u00e2ncia dos depoimentos para a CPMI e que a comiss\u00e3o tem &#8220;import\u00e2ncia superlativa&#8221; na apura\u00e7\u00e3o das fraudes envolvendo descontos irregulares nos benef\u00edcios de aposentados e pensionistas.<\/p>\n\n\n\n<p>Contudo, diz que a jurisprud\u00eancia do Supremo \u00e9 firme no sentido de que &#8220;o direito de um investigado \u00e0 n\u00e3o autoincrimina\u00e7\u00e3o abrange a faculdade de comparecer ou n\u00e3o ao ato, entendendo que inexiste obrigatoriedade ou san\u00e7\u00e3o pelo n\u00e3o comparecimento&#8221;.<\/p>\n\n\n\n<p>O pr\u00f3prio ministro tem adotado esse entendimento em diversos casos envolvendo convoca\u00e7\u00e3o de investigados por outras comiss\u00f5es, como a das &#8220;bets&#8221; e a da Covid-19. Ele afirma que isso n\u00e3o significa viola\u00e7\u00e3o \u00e0 separa\u00e7\u00e3o dos poderes.<\/p>\n\n\n\n<p>A CPMI havia enviado ao Supremo um pedido para que as oitivas dos dois empres\u00e1rios, previstas para esta segunda e quinta-feiras, fossem mantidas. O presidente da CPMI, Carlos Viana (Podemos-MG), disse que n\u00e3o concordou com a decis\u00e3o de Mendon\u00e7a.<\/p>\n\n\n\n<p>Ele disse que acionou a Advocacia do Senado e vai ajuizar um mandado de seguran\u00e7a para tentar reverter a decis\u00e3o. &#8220;Entendemos que \u00e9 fundamental a presen\u00e7a dos dois indiciados, dos dois investigados, porque j\u00e1 estavam comprometidos a comparecer\u201d, declarou.<\/p>\n\n\n\n<p>Tanto Camisotti quanto o &#8220;Careca do INSS&#8221; foram alvos de requerimentos de convoca\u00e7\u00e3o aprovados pela CPMI &#8211; o que, em tese, tornaria compuls\u00f3rias as suas presen\u00e7as, ainda que garantido o exerc\u00edcio do direito ao sil\u00eancio.<\/p>\n\n\n\n<p>Por\u00e9m, no STF, pelos mesmos motivos elencados por Mendon\u00e7a, a avalia\u00e7\u00e3o \u00e9 de que essa obrigatoriedade n\u00e3o existe nem para depoimentos \u00e0 Justi\u00e7a &#8211; portanto, o entendimento n\u00e3o seria diferente em rela\u00e7\u00e3o \u00e0 CPMI.<\/p>\n\n\n\n<p>O &#8220;Careca do INSS&#8221; \u00e9 apontado como um intermedi\u00e1rio das associa\u00e7\u00f5es que perpetravam as fraudes nos descontos dos aposentados, enquanto Camisotti \u00e9 suspeito de ser um dos benefici\u00e1rios finais do esquema. Ambos negam ilegalidades.<\/p>\n\n\n\n<p>As pris\u00f5es preventivas dos empres\u00e1rios ocorreu na sexta-feira, em mais uma fase da Opera\u00e7\u00e3o Sem Desconto, autorizada por Mendon\u00e7a, relator do caso no STF. O \u201cCareca do INSS\u201d foi preso em Bras\u00edlia e Camisotti, em S\u00e3o Paulo.<\/p>\n","protected":false},"excerpt":{"rendered":"<p>Ministro facultou ao &#8220;Careca do INSS&#8221; a decis\u00e3o de comparecer \u00e0 comiss\u00e3o na segunda-feira 13\/09\/25 \u00e0s 21:24&nbsp;|&nbsp;Atualizado&nbsp;13\/09\/25 \u00e0s 21:24 ouvir [&hellip;]<\/p>\n","protected":false},"author":1,"featured_media":0,"comment_status":"closed","ping_status":"","sticky":false,"template":"","format":"image","meta":{"site-sidebar-layout":"default","site-content-layout":"","ast-site-content-layout":"default","site-content-style":"default","site-sidebar-style":"default","ast-global-header-display":"","ast-banner-title-visibility":"","ast-main-header-display":"","ast-hfb-above-header-display":"","ast-hfb-below-header-display":"","ast-hfb-mobile-header-display":"","site-post-title":"","ast-breadcrumbs-content":"","ast-featured-img":"","footer-sml-layout":"","ast-disable-related-posts":"","theme-transparent-header-meta":"","adv-header-id-meta":"","stick-header-meta":"","header-above-stick-meta":"","header-main-stick-meta":"","header-below-stick-meta":"","astra-migrate-meta-layouts":"default","ast-page-background-enabled":"default","ast-page-background-meta":{"desktop":{"background-color":"var(--ast-global-color-4)","background-image":"","background-repeat":"repeat","background-position":"center center","background-size":"auto","background-attachment":"scroll","background-type":"","background-media":"","overlay-type":"","overlay-color":"","overlay-opacity":"","overlay-gradient":""},"tablet":{"background-color":"","background-image":"","background-repeat":"repeat","background-position":"center center","background-size":"auto","background-attachment":"scroll","background-type":"","background-media":"","overlay-type":"","overlay-color":"","overlay-opacity":"","overlay-gradient":""},"mobile":{"background-color":"","background-image":"","background-repeat":"repeat","background-position":"center center","background-size":"auto","background-attachment":"scroll","background-type":"","background-media":"","overlay-type":"","overlay-color":"","overlay-opacity":"","overlay-gradient":""}},"ast-content-background-meta":{"desktop":{"background-color":"var(--ast-global-color-5)","background-image":"","background-repeat":"repeat","background-position":"center center","background-size":"auto","background-attachment":"scroll","background-type":"","background-media":"","overlay-type":"","overlay-color":"","overlay-opacity":"","overlay-gradient":""},"tablet":{"background-color":"var(--ast-global-color-5)","background-image":"","background-repeat":"repeat","background-position":"center center","background-size":"auto","background-attachment":"scroll","background-type":"","background-media":"","overlay-type":"","overlay-color":"","overlay-opacity":"","overlay-gradient":""},"mobile":{"background-color":"var(--ast-global-color-5)","background-image":"","background-repeat":"repeat","background-position":"center center","background-size":"auto","background-attachment":"scroll","background-type":"","background-media":"","overlay-type":"","overlay-color":"","overlay-opacity":"","overlay-gradient":""}},"footnotes":""},"categories":[517],"tags":[],"class_list":["post-29665","post","type-post","status-publish","format-image","hentry","category-aconteceu","post_format-post-format-image"],"_links":{"self":[{"href":"https:\/\/noticiasnoface.com.br\/index.php\/wp-json\/wp\/v2\/posts\/29665","targetHints":{"allow":["GET"]}}],"collection":[{"href":"https:\/\/noticiasnoface.com.br\/index.php\/wp-json\/wp\/v2\/posts"}],"about":[{"href":"https:\/\/noticiasnoface.com.br\/index.php\/wp-json\/wp\/v2\/types\/post"}],"author":[{"embeddable":true,"href":"https:\/\/noticiasnoface.com.br\/index.php\/wp-json\/wp\/v2\/users\/1"}],"replies":[{"embeddable":true,"href":"https:\/\/noticiasnoface.com.br\/index.php\/wp-json\/wp\/v2\/comments?post=29665"}],"version-history":[{"count":1,"href":"https:\/\/noticiasnoface.com.br\/index.php\/wp-json\/wp\/v2\/posts\/29665\/revisions"}],"predecessor-version":[{"id":29666,"href":"https:\/\/noticiasnoface.com.br\/index.php\/wp-json\/wp\/v2\/posts\/29665\/revisions\/29666"}],"wp:attachment":[{"href":"https:\/\/noticiasnoface.com.br\/index.php\/wp-json\/wp\/v2\/media?parent=29665"}],"wp:term":[{"taxonomy":"category","embeddable":true,"href":"https:\/\/noticiasnoface.com.br\/index.php\/wp-json\/wp\/v2\/categories?post=29665"},{"taxonomy":"post_tag","embeddable":true,"href":"https:\/\/noticiasnoface.com.br\/index.php\/wp-json\/wp\/v2\/tags?post=29665"}],"curies":[{"name":"wp","href":"https:\/\/api.w.org\/{rel}","templated":true}]}}