{"id":29670,"date":"2025-09-15T06:58:51","date_gmt":"2025-09-15T09:58:51","guid":{"rendered":"https:\/\/noticiasnoface.com.br\/?p=29670"},"modified":"2025-09-15T08:26:00","modified_gmt":"2025-09-15T11:26:00","slug":"cesar-maia-diz-que-foi-consultado-por-katia-pires-sobre-possibilidade-de-cassar-mandato-de-nilda","status":"publish","type":"post","link":"https:\/\/noticiasnoface.com.br\/index.php\/2025\/09\/15\/cesar-maia-diz-que-foi-consultado-por-katia-pires-sobre-possibilidade-de-cassar-mandato-de-nilda\/","title":{"rendered":"C\u00e9sar Maia nega ter sido procurado por K\u00e1tia Pires para tramar cassa\u00e7\u00e3o de Nilda em Parnamirim"},"content":{"rendered":"\n<figure class=\"wp-block-image size-large\"><img data-opt-id=151264064  fetchpriority=\"high\" decoding=\"async\" width=\"900\" height=\"615\" src=\"https:\/\/mlbfrsat7ahr.i.optimole.com\/w:auto\/h:auto\/q:mauto\/ig:avif\/https:\/\/noticiasnoface.com.br\/wp-content\/uploads\/2025\/09\/img_4797.jpg\" alt=\"\" class=\"wp-image-29669\" srcset=\"https:\/\/mlbfrsat7ahr.i.optimole.com\/w:900\/h:615\/q:mauto\/ig:avif\/https:\/\/noticiasnoface.com.br\/wp-content\/uploads\/2025\/09\/img_4797.jpg 900w, https:\/\/mlbfrsat7ahr.i.optimole.com\/w:300\/h:205\/q:mauto\/ig:avif\/https:\/\/noticiasnoface.com.br\/wp-content\/uploads\/2025\/09\/img_4797.jpg 300w, https:\/\/mlbfrsat7ahr.i.optimole.com\/w:768\/h:525\/q:mauto\/ig:avif\/https:\/\/noticiasnoface.com.br\/wp-content\/uploads\/2025\/09\/img_4797.jpg 768w\" sizes=\"(max-width: 900px) 100vw, 900px\" \/><figcaption class=\"wp-element-caption\"><br \/>No m\u00eas passado, Nilda e K\u00e1tia romperam politicamente ap\u00f3s vir \u00e0 tona a revela\u00e7\u00e3o de que a vice estaria supostamente articulando a cassa\u00e7\u00e3o da prefeita. Segundo os relatos, K\u00e1tia teria procurado vereadores para buscar apoio para que uma den\u00fancia contra a gest\u00e3o municipal avan\u00e7asse na C\u00e2mara. Com o rompimento, Nilda exonerou Carol Pires e F\u00e1bio Falc\u00e3o, filha e marido de K\u00e1tia, das duas secretarias que eles ocupavam. Outros cargos ligados ao grupo da vice-prefeita foram eliminados da gest\u00e3o.<br \/>O presidente da C\u00e2mara fez quest\u00e3o de refor\u00e7ar que n\u00e3o manteve contato sobre o tema. \u201cEu n\u00e3o tive nenhum contato com a vice-prefeita K\u00e1tia Pires. \u00c9 at\u00e9 importante falar isso, sobre esse processo. Nossa rela\u00e7\u00e3o \u00e9 a n\u00edvel institucional. Tenho amizade, tenho uma boa conversa com K\u00e1tia Pires, respeito a pessoa dela, inclusive a sua hist\u00f3ria pol\u00edtica, mas n\u00e3o conversamos sobre isso\u201d, declarou.<br \/>Den\u00fancia arquivada<br \/>C\u00e9sar Maia tamb\u00e9m comentou sobre a den\u00fancia que estaria no centro da discuss\u00e3o sobre a poss\u00edvel cassa\u00e7\u00e3o. Ele disse que o documento foi protocolado na C\u00e2mara por um cidad\u00e3o comum. O vereador explicou que o processo foi analisado, mas acabou arquivado por falta de requisitos formais.<br \/>\u201cFoi protocolado na C\u00e2mara Municipal um processo que tramitou dentro da C\u00e2mara, e a gente n\u00e3o pautou porque o Regimento Interno manda que, para pautar um processo desse, a gente precisa cumprir alguns requisitos. Como n\u00e3o cumpria esses requisitos, a gente precisou arquivar\u201d, disse C\u00e9sar Maia.<br \/>Ele lembrou que K\u00e1tia foi vereadora e conhece o Regimento Interno. Por isso, segundo ele, n\u00e3o faria sentido a vice-prefeita procur\u00e1-lo para tratar da cassa\u00e7\u00e3o porque ela saberia que a den\u00fancia n\u00e3o teria como seguir adiante. \u201cSe fosse o caso (de ela ter procurado), K\u00e1tia foi vereadora por cinco mandatos. Ela \u00e9 detentora do conhecimento do Regimento Interno da C\u00e2mara Municipal\u201d, declarou C\u00e9sar Maia.<\/figcaption><\/figure>\n\n\n\n<p><em><strong>\u201cEu quero deixar claro a todos, sem rodeios, n\u00e3o articulei, n\u00e3o autorizei e&nbsp;jamais compactuei com qualquer tratativa de articula\u00e7\u00e3o para dar&nbsp;prosseguimento a processo contra a prefeita Nilda, mas fui consultado em um&nbsp;caf\u00e9 da manh\u00e3, inclusive na presen\u00e7a de um parlamentar desta&nbsp;Casa Legislativa, na Casa da vice-prefeita, fui consultado, se caso&nbsp;chegasse um processo desse na C\u00e2mara Municipal, como o presidente da&nbsp;Casa ia conduzir esse processo. C\u00e9sar Maia n\u00e3o tramou contra a prefeita, mas houve sim a trama\u201d, disse.<\/strong><\/em><\/p>\n\n\n\n<p>Sobre seu procedimento, ele contou ainda que pautaria a solicita\u00e7\u00e3o caso existissem elementos que justificassem uma cassa\u00e7\u00e3o.&nbsp;<em><strong>\u201cA minha resposta, tendo como testemunho um&nbsp;parlamentar desta C\u00e2mara Municipal, foi: ser\u00e1 tratado e ter\u00e1 o seguimento que o&nbsp;regimento interno da C\u00e2mara Municipal manda. Ser\u00e1 pautado, se tiver materialidade,&nbsp;ser\u00e1 pautado nas comiss\u00f5es, se de fato tiver material suficiente para isso\u201d.&nbsp;<\/strong><\/em><\/p>\n\n\n\n<p>Procurada pela reportagem da 98 FM Natal, a vice-prefeita afirmou que ir\u00e1 se manifestar oficialmente em breve sobre o caso. VIA 98 FM <\/p>\n","protected":false},"excerpt":{"rendered":"<p>\u201cEu quero deixar claro a todos, sem rodeios, n\u00e3o articulei, n\u00e3o autorizei e&nbsp;jamais compactuei com qualquer tratativa de articula\u00e7\u00e3o para [&hellip;]<\/p>\n","protected":false},"author":1,"featured_media":0,"comment_status":"closed","ping_status":"","sticky":false,"template":"","format":"image","meta":{"site-sidebar-layout":"default","site-content-layout":"","ast-site-content-layout":"default","site-content-style":"default","site-sidebar-style":"default","ast-global-header-display":"","ast-banner-title-visibility":"","ast-main-header-display":"","ast-hfb-above-header-display":"","ast-hfb-below-header-display":"","ast-hfb-mobile-header-display":"","site-post-title":"","ast-breadcrumbs-content":"","ast-featured-img":"","footer-sml-layout":"","ast-disable-related-posts":"","theme-transparent-header-meta":"","adv-header-id-meta":"","stick-header-meta":"","header-above-stick-meta":"","header-main-stick-meta":"","header-below-stick-meta":"","astra-migrate-meta-layouts":"default","ast-page-background-enabled":"default","ast-page-background-meta":{"desktop":{"background-color":"var(--ast-global-color-4)","background-image":"","background-repeat":"repeat","background-position":"center center","background-size":"auto","background-attachment":"scroll","background-type":"","background-media":"","overlay-type":"","overlay-color":"","overlay-opacity":"","overlay-gradient":""},"tablet":{"background-color":"","background-image":"","background-repeat":"repeat","background-position":"center center","background-size":"auto","background-attachment":"scroll","background-type":"","background-media":"","overlay-type":"","overlay-color":"","overlay-opacity":"","overlay-gradient":""},"mobile":{"background-color":"","background-image":"","background-repeat":"repeat","background-position":"center center","background-size":"auto","background-attachment":"scroll","background-type":"","background-media":"","overlay-type":"","overlay-color":"","overlay-opacity":"","overlay-gradient":""}},"ast-content-background-meta":{"desktop":{"background-color":"var(--ast-global-color-5)","background-image":"","background-repeat":"repeat","background-position":"center center","background-size":"auto","background-attachment":"scroll","background-type":"","background-media":"","overlay-type":"","overlay-color":"","overlay-opacity":"","overlay-gradient":""},"tablet":{"background-color":"var(--ast-global-color-5)","background-image":"","background-repeat":"repeat","background-position":"center center","background-size":"auto","background-attachment":"scroll","background-type":"","background-media":"","overlay-type":"","overlay-color":"","overlay-opacity":"","overlay-gradient":""},"mobile":{"background-color":"var(--ast-global-color-5)","background-image":"","background-repeat":"repeat","background-position":"center center","background-size":"auto","background-attachment":"scroll","background-type":"","background-media":"","overlay-type":"","overlay-color":"","overlay-opacity":"","overlay-gradient":""}},"footnotes":""},"categories":[3817],"tags":[],"class_list":["post-29670","post","type-post","status-publish","format-image","hentry","category-camara-municipal-de-parnamirim","post_format-post-format-image"],"_links":{"self":[{"href":"https:\/\/noticiasnoface.com.br\/index.php\/wp-json\/wp\/v2\/posts\/29670","targetHints":{"allow":["GET"]}}],"collection":[{"href":"https:\/\/noticiasnoface.com.br\/index.php\/wp-json\/wp\/v2\/posts"}],"about":[{"href":"https:\/\/noticiasnoface.com.br\/index.php\/wp-json\/wp\/v2\/types\/post"}],"author":[{"embeddable":true,"href":"https:\/\/noticiasnoface.com.br\/index.php\/wp-json\/wp\/v2\/users\/1"}],"replies":[{"embeddable":true,"href":"https:\/\/noticiasnoface.com.br\/index.php\/wp-json\/wp\/v2\/comments?post=29670"}],"version-history":[{"count":3,"href":"https:\/\/noticiasnoface.com.br\/index.php\/wp-json\/wp\/v2\/posts\/29670\/revisions"}],"predecessor-version":[{"id":29673,"href":"https:\/\/noticiasnoface.com.br\/index.php\/wp-json\/wp\/v2\/posts\/29670\/revisions\/29673"}],"wp:attachment":[{"href":"https:\/\/noticiasnoface.com.br\/index.php\/wp-json\/wp\/v2\/media?parent=29670"}],"wp:term":[{"taxonomy":"category","embeddable":true,"href":"https:\/\/noticiasnoface.com.br\/index.php\/wp-json\/wp\/v2\/categories?post=29670"},{"taxonomy":"post_tag","embeddable":true,"href":"https:\/\/noticiasnoface.com.br\/index.php\/wp-json\/wp\/v2\/tags?post=29670"}],"curies":[{"name":"wp","href":"https:\/\/api.w.org\/{rel}","templated":true}]}}