{"id":29681,"date":"2025-09-15T19:30:13","date_gmt":"2025-09-15T22:30:13","guid":{"rendered":"https:\/\/noticiasnoface.com.br\/?p=29681"},"modified":"2025-09-15T19:30:13","modified_gmt":"2025-09-15T22:30:13","slug":"stf-nao-vai-aceitar-impeachment-de-ministro-diz-gilmar-mendes","status":"publish","type":"post","link":"https:\/\/noticiasnoface.com.br\/index.php\/2025\/09\/15\/stf-nao-vai-aceitar-impeachment-de-ministro-diz-gilmar-mendes\/","title":{"rendered":"STF n\u00e3o vai aceitar impeachment de ministro, diz Gilmar Mendes"},"content":{"rendered":"\n<h2 class=\"wp-block-heading subhead\">Ministro participou ato pela soberania e contra a anistia em S\u00e3o Paulo<\/h2>\n\n\n\n<p>15\/09\/25 \u00e0s 19:21&nbsp;|&nbsp;Atualizado&nbsp;15\/09\/25 \u00e0s 19:26<\/p>\n\n\n\n<figure class=\"wp-block-image\"><img data-opt-id=1848527311  fetchpriority=\"high\" decoding=\"async\" src=\"https:\/\/admin.cnnbrasil.com.br\/wp-content\/uploads\/sites\/12\/2024\/12\/54185588254_d326bb0b2c_3k-e1733438487875.jpg?w=419&amp;h=283&amp;crop=0\" alt=\"O ministro do STF Gilmar Mendes\"\/><figcaption class=\"wp-element-caption\">Gilmar Mendes, ministro do STF&nbsp; \u2022&nbsp;05\/12\/2024 &#8211; Antonio Augusto\/STF<\/figcaption><\/figure>\n\n\n\n<p>ouvir not\u00edcia<\/p>\n\n\n\n<p>0:00&nbsp;1.0x<\/p>\n\n\n\n<p>Quatro dias depois do julgamento do n\u00facleo 1 da trama golpista no STF (Supremo Tribunal Federal) que condenou o ex-presidente Jair Bolsonaro (PL) a 27 anos e 3 meses de pris\u00e3o, o ministro Gilmar Mendes apareceu de surpresa nesta segunda-feira (15) em um ato em defesa da soberania e contra a anistia realizado em S\u00e3o Paulo.<\/p>\n\n\n\n<p>Um dos objetivos dos motivos do ato, que contou com a presen\u00e7a de representantes de 11 partidos, foi deflagrar um movimento para contrapor o avan\u00e7o de candidaturas bolsonaristas ao Senado, dentro de uma estrat\u00e9gia desse grupo pol\u00edtico de articular impeachments de ministros do STF.<\/p>\n\n\n\n<p>\u201cN\u00e3o espero que o Senado venha a agir para buscar vindita em rela\u00e7\u00e3o ao STF. Impeachment deve ser um processo regular. Se for por conta de voto de ministro, seria irregular. O STF n\u00e3o vai aceitar\u201d, disse Gilmar Mendes.<\/p>\n\n\n\n<p>O decano da Corte defendeu o movimento pela soberania, organizado pelo grupo F\u00f3rum Direitos J\u00e1.<\/p>\n\n\n\n<p>\u201c\u00c9 fundamental que se fa\u00e7a esse movimento em defesa da democracia e da soberania nacional. N\u00f3s vimos o qu\u00e3o amea\u00e7ada ela ficou nesse contexto, no qual exigiram que se interrompesse um julgamento em nome de interesses pol\u00edticos estranhos\u201d, afirmou o ministro.<\/p>\n\n\n\n<p>Gilmar Mendes afirmou que seria um \u201cabsurdo\u201d que, numa pauta de negocia\u00e7\u00e3o comercial, o Brasil, por exemplo, exigisse que os Estados Unidos revelassem os \u201cEpstein files\u201d.<\/p>\n\n\n\n<p>Questionado pela&nbsp;<strong>CNN<\/strong>&nbsp;sobre o simbolismo da presen\u00e7a dele no plen\u00e1rio da Primeria Turma do STF no julgamento da trama golpista, o ministro afirmou que o Tribunal est\u00e1 unido.<\/p>\n\n\n\n<p>\u201cPode-se entender de v\u00e1rias maneiras, mas o fundamental \u00e9 perceber que estamos unidos na defesa da democracia.\u201d<\/p>\n","protected":false},"excerpt":{"rendered":"<p>Ministro participou ato pela soberania e contra a anistia em S\u00e3o Paulo 15\/09\/25 \u00e0s 19:21&nbsp;|&nbsp;Atualizado&nbsp;15\/09\/25 \u00e0s 19:26 ouvir not\u00edcia 0:00&nbsp;1.0x [&hellip;]<\/p>\n","protected":false},"author":1,"featured_media":0,"comment_status":"closed","ping_status":"","sticky":false,"template":"","format":"image","meta":{"site-sidebar-layout":"default","site-content-layout":"","ast-site-content-layout":"default","site-content-style":"default","site-sidebar-style":"default","ast-global-header-display":"","ast-banner-title-visibility":"","ast-main-header-display":"","ast-hfb-above-header-display":"","ast-hfb-below-header-display":"","ast-hfb-mobile-header-display":"","site-post-title":"","ast-breadcrumbs-content":"","ast-featured-img":"","footer-sml-layout":"","ast-disable-related-posts":"","theme-transparent-header-meta":"","adv-header-id-meta":"","stick-header-meta":"","header-above-stick-meta":"","header-main-stick-meta":"","header-below-stick-meta":"","astra-migrate-meta-layouts":"default","ast-page-background-enabled":"default","ast-page-background-meta":{"desktop":{"background-color":"var(--ast-global-color-4)","background-image":"","background-repeat":"repeat","background-position":"center center","background-size":"auto","background-attachment":"scroll","background-type":"","background-media":"","overlay-type":"","overlay-color":"","overlay-opacity":"","overlay-gradient":""},"tablet":{"background-color":"","background-image":"","background-repeat":"repeat","background-position":"center center","background-size":"auto","background-attachment":"scroll","background-type":"","background-media":"","overlay-type":"","overlay-color":"","overlay-opacity":"","overlay-gradient":""},"mobile":{"background-color":"","background-image":"","background-repeat":"repeat","background-position":"center center","background-size":"auto","background-attachment":"scroll","background-type":"","background-media":"","overlay-type":"","overlay-color":"","overlay-opacity":"","overlay-gradient":""}},"ast-content-background-meta":{"desktop":{"background-color":"var(--ast-global-color-5)","background-image":"","background-repeat":"repeat","background-position":"center center","background-size":"auto","background-attachment":"scroll","background-type":"","background-media":"","overlay-type":"","overlay-color":"","overlay-opacity":"","overlay-gradient":""},"tablet":{"background-color":"var(--ast-global-color-5)","background-image":"","background-repeat":"repeat","background-position":"center center","background-size":"auto","background-attachment":"scroll","background-type":"","background-media":"","overlay-type":"","overlay-color":"","overlay-opacity":"","overlay-gradient":""},"mobile":{"background-color":"var(--ast-global-color-5)","background-image":"","background-repeat":"repeat","background-position":"center center","background-size":"auto","background-attachment":"scroll","background-type":"","background-media":"","overlay-type":"","overlay-color":"","overlay-opacity":"","overlay-gradient":""}},"footnotes":""},"categories":[517],"tags":[],"class_list":["post-29681","post","type-post","status-publish","format-image","hentry","category-aconteceu","post_format-post-format-image"],"_links":{"self":[{"href":"https:\/\/noticiasnoface.com.br\/index.php\/wp-json\/wp\/v2\/posts\/29681","targetHints":{"allow":["GET"]}}],"collection":[{"href":"https:\/\/noticiasnoface.com.br\/index.php\/wp-json\/wp\/v2\/posts"}],"about":[{"href":"https:\/\/noticiasnoface.com.br\/index.php\/wp-json\/wp\/v2\/types\/post"}],"author":[{"embeddable":true,"href":"https:\/\/noticiasnoface.com.br\/index.php\/wp-json\/wp\/v2\/users\/1"}],"replies":[{"embeddable":true,"href":"https:\/\/noticiasnoface.com.br\/index.php\/wp-json\/wp\/v2\/comments?post=29681"}],"version-history":[{"count":1,"href":"https:\/\/noticiasnoface.com.br\/index.php\/wp-json\/wp\/v2\/posts\/29681\/revisions"}],"predecessor-version":[{"id":29682,"href":"https:\/\/noticiasnoface.com.br\/index.php\/wp-json\/wp\/v2\/posts\/29681\/revisions\/29682"}],"wp:attachment":[{"href":"https:\/\/noticiasnoface.com.br\/index.php\/wp-json\/wp\/v2\/media?parent=29681"}],"wp:term":[{"taxonomy":"category","embeddable":true,"href":"https:\/\/noticiasnoface.com.br\/index.php\/wp-json\/wp\/v2\/categories?post=29681"},{"taxonomy":"post_tag","embeddable":true,"href":"https:\/\/noticiasnoface.com.br\/index.php\/wp-json\/wp\/v2\/tags?post=29681"}],"curies":[{"name":"wp","href":"https:\/\/api.w.org\/{rel}","templated":true}]}}