{"id":29687,"date":"2025-09-16T05:26:46","date_gmt":"2025-09-16T08:26:46","guid":{"rendered":"https:\/\/noticiasnoface.com.br\/?p=29687"},"modified":"2025-09-16T05:26:46","modified_gmt":"2025-09-16T08:26:46","slug":"moraes-mantem-prisao-domiciliar-de-debora-do-batom-apos-transito-em-julgado-de-condenacao","status":"publish","type":"post","link":"https:\/\/noticiasnoface.com.br\/index.php\/2025\/09\/16\/moraes-mantem-prisao-domiciliar-de-debora-do-batom-apos-transito-em-julgado-de-condenacao\/","title":{"rendered":"Moraes mant\u00e9m pris\u00e3o domiciliar de D\u00e9bora do Batom ap\u00f3s tr\u00e2nsito em julgado de condena\u00e7\u00e3o"},"content":{"rendered":"\n<figure class=\"wp-block-image size-large\"><img data-opt-id=1100844353  fetchpriority=\"high\" decoding=\"async\" src=\"file:\/\/\/private\/var\/mobile\/Containers\/Data\/Application\/2B5F0EFA-9CD2-46DC-A2DC-74FE2949AB0E\/tmp\/org.automattic.MediaImageServiceSymlinks\/thumbnail-70cfb8c0-2bd4-4c1d-b2d7-c60d72fbf2e5-576x324.jpeg\" class=\"wp-image-1627325808\"\/><\/figure>\n\n\n\n<h2 class=\"wp-block-heading subhead\">Mulher que pichou a est\u00e1tua \u201cA Justi\u00e7a\u201d foi condenada a 14 anos e vai usar tornozeleira eletr\u00f4nica<\/h2>\n\n\n\n<figure class=\"wp-block-image\"><img data-opt-id=1685653640  fetchpriority=\"high\" decoding=\"async\" src=\"https:\/\/s2-oglobo.glbimg.com\/Zf-OKt4Nh7nJyp4zgHznAWBXxgg=\/0x0:3792x2573\/888x0\/smart\/filters:strip_icc()\/i.s3.glbimg.com\/v1\/AUTH_da025474c0c44edd99332dddb09cabe8\/internal_photos\/bs\/2025\/I\/J\/AkwjAaQjGsEzvjl0GVzA\/101853029-mariz-brasilia-25-01-2023-supremo-tribunal-federal-lavagem-estatua-justica-stf-m.jpg\" alt=\"Funcion\u00e1rio lava a est\u00e1tua A Justi\u00e7a, pichada pela bolsonarista D\u00e9bora Rodrigues dos Santos\"\/><figcaption class=\"wp-element-caption\">Funcion\u00e1rio lava a est\u00e1tua A Justi\u00e7a, pichada pela bolsonarista D\u00e9bora Rodrigues dos Santos \u2014 Foto: Cristiano Mariz \/ O Globo<\/figcaption><\/figure>\n\n\n\n<p>O ministro Alexandre de Moraes, do Supremo Tribunal Federal (STF), determinou nesta segunda-feira que a cabeleireira D\u00e9bora Rodrigues, conhecida como \u201cD\u00e9bora do batom\u201d, continue cumprindo em pris\u00e3o domiciliar a pena de 14 anos a que foi condenada pelos atos de 8 de janeiro. A decis\u00e3o ocorre ap\u00f3s o tr\u00e2nsito em julgado do ac\u00f3rd\u00e3o que a condenou, no fim de agosto.&nbsp;<\/p>\n\n\n\n<p>A mulher havia sido condenada pela Primeira Turma do Supremo pelos crimes de aboli\u00e7\u00e3o violenta do Estado Democr\u00e1tico de Direito, golpe de Estado, associa\u00e7\u00e3o criminosa armada, dano qualificado e deteriora\u00e7\u00e3o de patrim\u00f4nio tombado. Al\u00e9m da pena de reclus\u00e3o e deten\u00e7\u00e3o, ela tamb\u00e9m foi condenada ao pagamento solid\u00e1rio de R$ 30 milh\u00f5es por danos morais coletivos.&nbsp;<\/p>\n\n\n\n<p>Segundo a decis\u00e3o, embora a execu\u00e7\u00e3o da pena deva come\u00e7ar em regime fechado, Moraes autorizou a manuten\u00e7\u00e3o da pris\u00e3o domiciliar aplicada em mar\u00e7o, quando substituiu a preventiva. A medida est\u00e1 condicionada ao uso de tornozeleira eletr\u00f4nica e a restri\u00e7\u00f5es como proibi\u00e7\u00e3o de uso de redes sociais, de contato com outros investigados e de conceder entrevistas.&nbsp;<\/p>\n\n\n\n<p>Desde a condena\u00e7\u00e3o, a defesa tentou reverter a decis\u00e3o com recursos. Em maio, apresentou embargos de declara\u00e7\u00e3o, rejeitados \u00e0 unanimidade pelos ministros. Na sequ\u00eancia, em julho, apresentou embargos infringentes, que foram negados em agosto. Com o esgotamento das possibilidades de recurso, o caso chegou ao tr\u00e2nsito em julgado no fim daquele m\u00eas.&nbsp;<\/p>\n\n\n\n<p>D\u00e9bora foi flagrada depredando a escultura \u201cA Justi\u00e7a\u201d, de Alfredo Ceschiatti, instalada em frente ao Supremo, onde escreveu a frase \u201cPerdeu, Man\u00e9\u201d. O laudo pericial e a pr\u00f3pria confiss\u00e3o da acusada foram usados como prova no julgamento.&nbsp;<\/p>\n\n\n\n<p>O caso seguir\u00e1 agora para execu\u00e7\u00e3o penal, que ficar\u00e1 sob responsabilidade da Vara de Execu\u00e7\u00f5es Penais de Paul\u00ednia, no interior de S\u00e3o Paulo, sua cidade de resid\u00eancia.<\/p>\n\n\n\n<p><\/p>\n","protected":false},"excerpt":{"rendered":"<p>Mulher que pichou a est\u00e1tua \u201cA Justi\u00e7a\u201d foi condenada a 14 anos e vai usar tornozeleira eletr\u00f4nica O ministro Alexandre [&hellip;]<\/p>\n","protected":false},"author":1,"featured_media":0,"comment_status":"closed","ping_status":"","sticky":false,"template":"","format":"image","meta":{"site-sidebar-layout":"default","site-content-layout":"","ast-site-content-layout":"default","site-content-style":"default","site-sidebar-style":"default","ast-global-header-display":"","ast-banner-title-visibility":"","ast-main-header-display":"","ast-hfb-above-header-display":"","ast-hfb-below-header-display":"","ast-hfb-mobile-header-display":"","site-post-title":"","ast-breadcrumbs-content":"","ast-featured-img":"","footer-sml-layout":"","ast-disable-related-posts":"","theme-transparent-header-meta":"","adv-header-id-meta":"","stick-header-meta":"","header-above-stick-meta":"","header-main-stick-meta":"","header-below-stick-meta":"","astra-migrate-meta-layouts":"default","ast-page-background-enabled":"default","ast-page-background-meta":{"desktop":{"background-color":"var(--ast-global-color-4)","background-image":"","background-repeat":"repeat","background-position":"center center","background-size":"auto","background-attachment":"scroll","background-type":"","background-media":"","overlay-type":"","overlay-color":"","overlay-opacity":"","overlay-gradient":""},"tablet":{"background-color":"","background-image":"","background-repeat":"repeat","background-position":"center center","background-size":"auto","background-attachment":"scroll","background-type":"","background-media":"","overlay-type":"","overlay-color":"","overlay-opacity":"","overlay-gradient":""},"mobile":{"background-color":"","background-image":"","background-repeat":"repeat","background-position":"center center","background-size":"auto","background-attachment":"scroll","background-type":"","background-media":"","overlay-type":"","overlay-color":"","overlay-opacity":"","overlay-gradient":""}},"ast-content-background-meta":{"desktop":{"background-color":"var(--ast-global-color-5)","background-image":"","background-repeat":"repeat","background-position":"center center","background-size":"auto","background-attachment":"scroll","background-type":"","background-media":"","overlay-type":"","overlay-color":"","overlay-opacity":"","overlay-gradient":""},"tablet":{"background-color":"var(--ast-global-color-5)","background-image":"","background-repeat":"repeat","background-position":"center center","background-size":"auto","background-attachment":"scroll","background-type":"","background-media":"","overlay-type":"","overlay-color":"","overlay-opacity":"","overlay-gradient":""},"mobile":{"background-color":"var(--ast-global-color-5)","background-image":"","background-repeat":"repeat","background-position":"center center","background-size":"auto","background-attachment":"scroll","background-type":"","background-media":"","overlay-type":"","overlay-color":"","overlay-opacity":"","overlay-gradient":""}},"footnotes":""},"categories":[517],"tags":[],"class_list":["post-29687","post","type-post","status-publish","format-image","hentry","category-aconteceu","post_format-post-format-image"],"_links":{"self":[{"href":"https:\/\/noticiasnoface.com.br\/index.php\/wp-json\/wp\/v2\/posts\/29687","targetHints":{"allow":["GET"]}}],"collection":[{"href":"https:\/\/noticiasnoface.com.br\/index.php\/wp-json\/wp\/v2\/posts"}],"about":[{"href":"https:\/\/noticiasnoface.com.br\/index.php\/wp-json\/wp\/v2\/types\/post"}],"author":[{"embeddable":true,"href":"https:\/\/noticiasnoface.com.br\/index.php\/wp-json\/wp\/v2\/users\/1"}],"replies":[{"embeddable":true,"href":"https:\/\/noticiasnoface.com.br\/index.php\/wp-json\/wp\/v2\/comments?post=29687"}],"version-history":[{"count":1,"href":"https:\/\/noticiasnoface.com.br\/index.php\/wp-json\/wp\/v2\/posts\/29687\/revisions"}],"predecessor-version":[{"id":29688,"href":"https:\/\/noticiasnoface.com.br\/index.php\/wp-json\/wp\/v2\/posts\/29687\/revisions\/29688"}],"wp:attachment":[{"href":"https:\/\/noticiasnoface.com.br\/index.php\/wp-json\/wp\/v2\/media?parent=29687"}],"wp:term":[{"taxonomy":"category","embeddable":true,"href":"https:\/\/noticiasnoface.com.br\/index.php\/wp-json\/wp\/v2\/categories?post=29687"},{"taxonomy":"post_tag","embeddable":true,"href":"https:\/\/noticiasnoface.com.br\/index.php\/wp-json\/wp\/v2\/tags?post=29687"}],"curies":[{"name":"wp","href":"https:\/\/api.w.org\/{rel}","templated":true}]}}