{"id":29697,"date":"2025-09-17T21:03:07","date_gmt":"2025-09-18T00:03:07","guid":{"rendered":"https:\/\/noticiasnoface.com.br\/?p=29697"},"modified":"2025-09-17T21:03:07","modified_gmt":"2025-09-18T00:03:07","slug":"hugo-motta-inclui-urgencia-da-anistia-na-pauta-votacao-ocorre-nesta-quarta","status":"publish","type":"post","link":"https:\/\/noticiasnoface.com.br\/index.php\/2025\/09\/17\/hugo-motta-inclui-urgencia-da-anistia-na-pauta-votacao-ocorre-nesta-quarta\/","title":{"rendered":"Hugo Motta inclui urg\u00eancia da anistia na pauta; vota\u00e7\u00e3o ocorre nesta quarta"},"content":{"rendered":"\n<h2 class=\"wp-block-heading subhead\">Ap\u00f3s extensa press\u00e3o pela oposi\u00e7\u00e3o, o presidente Hugo Motta incluiu na pauta a urg\u00eancia do projeto da anistia aos envolvidos no 8 de Janeiro<\/h2>\n\n\n\n<p>17\/09\/25 \u00e0s 20:45&nbsp;|&nbsp;Atualizado&nbsp;17\/09\/25 \u00e0s 20:45<\/p>\n\n\n\n<figure class=\"wp-block-image\"><img data-opt-id=904207906  fetchpriority=\"high\" decoding=\"async\" src=\"https:\/\/admin.cnnbrasil.com.br\/wp-content\/uploads\/sites\/12\/2025\/08\/img20250826160833957.jpg?w=419&amp;h=283&amp;crop=0\" alt=\"\"\/><figcaption class=\"wp-element-caption\">Hugo Motta (Republicanos-PB), presidente da C\u00e2mara dos Deputados&nbsp; \u2022&nbsp;Marina Ramos \/ C\u00e2mara dos Deputados<\/figcaption><\/figure>\n\n\n\n<p>ouvir not\u00edcia<\/p>\n\n\n\n<p>0:00&nbsp;1.0x<\/p>\n\n\n\n<p>O presidente da C\u00e2mara dos Deputados,&nbsp;<strong>Hugo Motta<\/strong>&nbsp;(Republicanos-PB), decidiu incluir na pauta do plen\u00e1rio desta quarta-feira (17) a urg\u00eancia do projeto da anistia.<\/p>\n\n\n\n<p>Em publica\u00e7\u00e3o no X (antigo Twitter), Motta comunicou a decis\u00e3o e afirmou que o Brasil \u201cprecisa de pacifica\u00e7\u00e3o e de um futuro constru\u00eddo em bases de di\u00e1logo e respeito\u201d. \u201cO pa\u00eds precisa andar\u201d, completou.<\/p>\n\n\n\n<p>\u201cTemos na Casa vis\u00f5es distintas e interesses divergentes sobre os acontecimentos de 8 de janeiro de 2023. Cabe ao Plen\u00e1rio, soberano, decidir\u201d, completou ainda o presidente da C\u00e2mara.<\/p>\n\n\n\n<p>Para votar a mat\u00e9ria, Motta convocou sess\u00e3o deliberativa extraordin\u00e1ria para a noite desta quarta-feira. A urg\u00eancia do projeto n\u00ba 2162\/2023, de autoria do deputado Marcelo Crivella (Republicanos-RJ), \u00e9 o \u00fanico item da pauta.<\/p>\n\n\n\n<p>A decis\u00e3o do presidente da C\u00e2mara ocorreu ap\u00f3s longa press\u00e3o da oposi\u00e7\u00e3o. Nas \u00faltimas semanas, entretanto, com a condena\u00e7\u00e3o do ex-presidente Jair Bolsonaro (PL) e a intensifica\u00e7\u00e3o das articula\u00e7\u00f5es, Motta passou a sinalizar que pautaria a mat\u00e9ria.<\/p>\n","protected":false},"excerpt":{"rendered":"<p>Ap\u00f3s extensa press\u00e3o pela oposi\u00e7\u00e3o, o presidente Hugo Motta incluiu na pauta a urg\u00eancia do projeto da anistia aos envolvidos [&hellip;]<\/p>\n","protected":false},"author":1,"featured_media":0,"comment_status":"closed","ping_status":"","sticky":false,"template":"","format":"image","meta":{"site-sidebar-layout":"default","site-content-layout":"","ast-site-content-layout":"default","site-content-style":"default","site-sidebar-style":"default","ast-global-header-display":"","ast-banner-title-visibility":"","ast-main-header-display":"","ast-hfb-above-header-display":"","ast-hfb-below-header-display":"","ast-hfb-mobile-header-display":"","site-post-title":"","ast-breadcrumbs-content":"","ast-featured-img":"","footer-sml-layout":"","ast-disable-related-posts":"","theme-transparent-header-meta":"","adv-header-id-meta":"","stick-header-meta":"","header-above-stick-meta":"","header-main-stick-meta":"","header-below-stick-meta":"","astra-migrate-meta-layouts":"default","ast-page-background-enabled":"default","ast-page-background-meta":{"desktop":{"background-color":"var(--ast-global-color-4)","background-image":"","background-repeat":"repeat","background-position":"center center","background-size":"auto","background-attachment":"scroll","background-type":"","background-media":"","overlay-type":"","overlay-color":"","overlay-opacity":"","overlay-gradient":""},"tablet":{"background-color":"","background-image":"","background-repeat":"repeat","background-position":"center center","background-size":"auto","background-attachment":"scroll","background-type":"","background-media":"","overlay-type":"","overlay-color":"","overlay-opacity":"","overlay-gradient":""},"mobile":{"background-color":"","background-image":"","background-repeat":"repeat","background-position":"center center","background-size":"auto","background-attachment":"scroll","background-type":"","background-media":"","overlay-type":"","overlay-color":"","overlay-opacity":"","overlay-gradient":""}},"ast-content-background-meta":{"desktop":{"background-color":"var(--ast-global-color-5)","background-image":"","background-repeat":"repeat","background-position":"center center","background-size":"auto","background-attachment":"scroll","background-type":"","background-media":"","overlay-type":"","overlay-color":"","overlay-opacity":"","overlay-gradient":""},"tablet":{"background-color":"var(--ast-global-color-5)","background-image":"","background-repeat":"repeat","background-position":"center center","background-size":"auto","background-attachment":"scroll","background-type":"","background-media":"","overlay-type":"","overlay-color":"","overlay-opacity":"","overlay-gradient":""},"mobile":{"background-color":"var(--ast-global-color-5)","background-image":"","background-repeat":"repeat","background-position":"center center","background-size":"auto","background-attachment":"scroll","background-type":"","background-media":"","overlay-type":"","overlay-color":"","overlay-opacity":"","overlay-gradient":""}},"footnotes":""},"categories":[517],"tags":[],"class_list":["post-29697","post","type-post","status-publish","format-image","hentry","category-aconteceu","post_format-post-format-image"],"_links":{"self":[{"href":"https:\/\/noticiasnoface.com.br\/index.php\/wp-json\/wp\/v2\/posts\/29697","targetHints":{"allow":["GET"]}}],"collection":[{"href":"https:\/\/noticiasnoface.com.br\/index.php\/wp-json\/wp\/v2\/posts"}],"about":[{"href":"https:\/\/noticiasnoface.com.br\/index.php\/wp-json\/wp\/v2\/types\/post"}],"author":[{"embeddable":true,"href":"https:\/\/noticiasnoface.com.br\/index.php\/wp-json\/wp\/v2\/users\/1"}],"replies":[{"embeddable":true,"href":"https:\/\/noticiasnoface.com.br\/index.php\/wp-json\/wp\/v2\/comments?post=29697"}],"version-history":[{"count":1,"href":"https:\/\/noticiasnoface.com.br\/index.php\/wp-json\/wp\/v2\/posts\/29697\/revisions"}],"predecessor-version":[{"id":29698,"href":"https:\/\/noticiasnoface.com.br\/index.php\/wp-json\/wp\/v2\/posts\/29697\/revisions\/29698"}],"wp:attachment":[{"href":"https:\/\/noticiasnoface.com.br\/index.php\/wp-json\/wp\/v2\/media?parent=29697"}],"wp:term":[{"taxonomy":"category","embeddable":true,"href":"https:\/\/noticiasnoface.com.br\/index.php\/wp-json\/wp\/v2\/categories?post=29697"},{"taxonomy":"post_tag","embeddable":true,"href":"https:\/\/noticiasnoface.com.br\/index.php\/wp-json\/wp\/v2\/tags?post=29697"}],"curies":[{"name":"wp","href":"https:\/\/api.w.org\/{rel}","templated":true}]}}