{"id":29699,"date":"2025-09-17T21:03:47","date_gmt":"2025-09-18T00:03:47","guid":{"rendered":"https:\/\/noticiasnoface.com.br\/?p=29699"},"modified":"2025-09-17T21:03:47","modified_gmt":"2025-09-18T00:03:47","slug":"durigan-regulacao-das-big-techs-mira-mercado-nao-moderacao-de-conteudo","status":"publish","type":"post","link":"https:\/\/noticiasnoface.com.br\/index.php\/2025\/09\/17\/durigan-regulacao-das-big-techs-mira-mercado-nao-moderacao-de-conteudo\/","title":{"rendered":"Durigan: regula\u00e7\u00e3o das big techs mira mercado, n\u00e3o modera\u00e7\u00e3o de conte\u00fado"},"content":{"rendered":"\n<h2 class=\"wp-block-heading subhead\">Secret\u00e1rio da Fazenda ressaltou ainda que a estrat\u00e9gia digital \u00e9 \u201cum n\u00f3 fundamental\u201d para o desenvolvimento do pa\u00eds<\/h2>\n\n\n\n<p>17\/09\/25 \u00e0s 20:40&nbsp;|&nbsp;Atualizado&nbsp;17\/09\/25 \u00e0s 20:40<\/p>\n\n\n\n<figure class=\"wp-block-image\"><img data-opt-id=1174504208  fetchpriority=\"high\" decoding=\"async\" src=\"https:\/\/admin.cnnbrasil.com.br\/wp-content\/uploads\/sites\/12\/2023\/09\/53155192167_4b847ffa82_3k-e1742588543215.jpg?w=419&amp;h=283&amp;crop=0\" alt=\"O secret\u00e1rio-executivo do Minist\u00e9rio da Fazenda, Dario Durigan\"\/><figcaption class=\"wp-element-caption\">O secret\u00e1rio-executivo do Minist\u00e9rio da Fazenda, Dario Durigan&nbsp; \u2022&nbsp;Fotos: Diogo Zacarias<\/figcaption><\/figure>\n\n\n\n<p>ouvir not\u00edcia<\/p>\n\n\n\n<p>0:00&nbsp;1.0x<\/p>\n\n\n\n<p>Ap\u00f3s a cerim\u00f4nia que apresentou ao p\u00fablico duas propostas que v\u00eam sendo gestadas h\u00e1 meses no Minist\u00e9rio da Fazenda, a&nbsp;<strong>regula\u00e7\u00e3o concorrencial<\/strong>&nbsp;das big techs e a cria\u00e7\u00e3o do&nbsp;<strong>ReData<\/strong>&nbsp;para datacenters, o secret\u00e1rio-executivo da pasta, Dario Durigan, destacou nesta quarta-feira (17) que a proposta n\u00e3o tem rela\u00e7\u00e3o com modera\u00e7\u00e3o de conte\u00fado.<\/p>\n\n\n\n<p>Segundo ele,&nbsp;<a href=\"https:\/\/www.cnnbrasil.com.br\/economia\/macroeconomia\/governo-apresenta-projeto-antitruste-para-regular-concorrencia-de-big-techs\/\" target=\"_blank\" rel=\"noopener\">o texto foi constru\u00eddo considerando uma decis\u00e3o recente do STF<\/a>&nbsp;(Supremo Tribunal Federal) sobre o Marco Civil da Internet.<\/p>\n\n\n\n<p>\u201cA gente chega a uma solu\u00e7\u00e3o muito madura e equilibrada no Brasil, do meu ponto de vista\u201d, afirmou em coletiva de imprensa.<\/p>\n\n\n\n<p>Durigan ressaltou ainda que a estrat\u00e9gia digital \u00e9<strong>\u201cum n\u00f3 fundamental\u201d<\/strong>&nbsp;para o desenvolvimento do pa\u00eds e afirmou que a agenda do setor representa um marco do governo Lula.<\/p>\n\n\n\n<p>De acordo com o secret\u00e1rio,&nbsp;<a href=\"https:\/\/www.cnnbrasil.com.br\/economia\/macroeconomia\/brasil-opta-por-via-intermediaria-sobre-big-techs-diz-especialista\/\" target=\"_blank\" rel=\"noopener\">caber\u00e1 ao Cade (Conselho Administrativo de Defesa Econ\u00f4mica) instaurar processos de designa\u00e7\u00e3o de plataformas<\/a>&nbsp;consideradas de relev\u00e2ncia sist\u00eamica, com base em crit\u00e9rios como faturamento e n\u00famero de usu\u00e1rios.<\/p>\n\n\n\n<p>Ele acrescentou que a formula\u00e7\u00e3o do projeto teve respaldo amplo de associa\u00e7\u00f5es, empresas e entidades de defesa do consumidor.<\/p>\n\n\n\n<p>\u201cMesmo bancos e setores que a gente n\u00e3o v\u00ea como os setores mais vulner\u00e1veis desse di\u00e1logo, acabaram reconhecendo a import\u00e2ncia de ter mais competi\u00e7\u00e3o, instrumentos, mecanismos de salvaguarda nesse mercado no Brasil. Certamente vai fazer ganhos para a economia brasileira, para as empresas, principalmente as micro e pequenas empresas \u2014 mas n\u00e3o s\u00f3, para os consumidores e trabalhadores das empresas, isso \u00e9 fundamental\u201d, disse.<\/p>\n\n\n\n<p><a href=\"https:\/\/www.cnnbrasil.com.br\/politica\/governo-chama-big-techs-e-envia-projeto-de-regulacao-economica-ao-congresso\/\" target=\"_blank\" rel=\"noopener\">A cerim\u00f4nia no Pal\u00e1cio do Planalto foi para a san\u00e7\u00e3o da lei que cria o chamado ECA Digital,<\/a>para prote\u00e7\u00e3o nas redes sociais de menores de idade. O texto cria normas e puni\u00e7\u00f5es para quem expor de forma pejorativa ou explorar crian\u00e7as e adolescentes na internet.<\/p>\n","protected":false},"excerpt":{"rendered":"<p>Secret\u00e1rio da Fazenda ressaltou ainda que a estrat\u00e9gia digital \u00e9 \u201cum n\u00f3 fundamental\u201d para o desenvolvimento do pa\u00eds 17\/09\/25 \u00e0s [&hellip;]<\/p>\n","protected":false},"author":1,"featured_media":0,"comment_status":"closed","ping_status":"","sticky":false,"template":"","format":"image","meta":{"site-sidebar-layout":"default","site-content-layout":"","ast-site-content-layout":"default","site-content-style":"default","site-sidebar-style":"default","ast-global-header-display":"","ast-banner-title-visibility":"","ast-main-header-display":"","ast-hfb-above-header-display":"","ast-hfb-below-header-display":"","ast-hfb-mobile-header-display":"","site-post-title":"","ast-breadcrumbs-content":"","ast-featured-img":"","footer-sml-layout":"","ast-disable-related-posts":"","theme-transparent-header-meta":"","adv-header-id-meta":"","stick-header-meta":"","header-above-stick-meta":"","header-main-stick-meta":"","header-below-stick-meta":"","astra-migrate-meta-layouts":"default","ast-page-background-enabled":"default","ast-page-background-meta":{"desktop":{"background-color":"var(--ast-global-color-4)","background-image":"","background-repeat":"repeat","background-position":"center center","background-size":"auto","background-attachment":"scroll","background-type":"","background-media":"","overlay-type":"","overlay-color":"","overlay-opacity":"","overlay-gradient":""},"tablet":{"background-color":"","background-image":"","background-repeat":"repeat","background-position":"center center","background-size":"auto","background-attachment":"scroll","background-type":"","background-media":"","overlay-type":"","overlay-color":"","overlay-opacity":"","overlay-gradient":""},"mobile":{"background-color":"","background-image":"","background-repeat":"repeat","background-position":"center center","background-size":"auto","background-attachment":"scroll","background-type":"","background-media":"","overlay-type":"","overlay-color":"","overlay-opacity":"","overlay-gradient":""}},"ast-content-background-meta":{"desktop":{"background-color":"var(--ast-global-color-5)","background-image":"","background-repeat":"repeat","background-position":"center center","background-size":"auto","background-attachment":"scroll","background-type":"","background-media":"","overlay-type":"","overlay-color":"","overlay-opacity":"","overlay-gradient":""},"tablet":{"background-color":"var(--ast-global-color-5)","background-image":"","background-repeat":"repeat","background-position":"center center","background-size":"auto","background-attachment":"scroll","background-type":"","background-media":"","overlay-type":"","overlay-color":"","overlay-opacity":"","overlay-gradient":""},"mobile":{"background-color":"var(--ast-global-color-5)","background-image":"","background-repeat":"repeat","background-position":"center center","background-size":"auto","background-attachment":"scroll","background-type":"","background-media":"","overlay-type":"","overlay-color":"","overlay-opacity":"","overlay-gradient":""}},"footnotes":""},"categories":[517],"tags":[],"class_list":["post-29699","post","type-post","status-publish","format-image","hentry","category-aconteceu","post_format-post-format-image"],"_links":{"self":[{"href":"https:\/\/noticiasnoface.com.br\/index.php\/wp-json\/wp\/v2\/posts\/29699","targetHints":{"allow":["GET"]}}],"collection":[{"href":"https:\/\/noticiasnoface.com.br\/index.php\/wp-json\/wp\/v2\/posts"}],"about":[{"href":"https:\/\/noticiasnoface.com.br\/index.php\/wp-json\/wp\/v2\/types\/post"}],"author":[{"embeddable":true,"href":"https:\/\/noticiasnoface.com.br\/index.php\/wp-json\/wp\/v2\/users\/1"}],"replies":[{"embeddable":true,"href":"https:\/\/noticiasnoface.com.br\/index.php\/wp-json\/wp\/v2\/comments?post=29699"}],"version-history":[{"count":1,"href":"https:\/\/noticiasnoface.com.br\/index.php\/wp-json\/wp\/v2\/posts\/29699\/revisions"}],"predecessor-version":[{"id":29700,"href":"https:\/\/noticiasnoface.com.br\/index.php\/wp-json\/wp\/v2\/posts\/29699\/revisions\/29700"}],"wp:attachment":[{"href":"https:\/\/noticiasnoface.com.br\/index.php\/wp-json\/wp\/v2\/media?parent=29699"}],"wp:term":[{"taxonomy":"category","embeddable":true,"href":"https:\/\/noticiasnoface.com.br\/index.php\/wp-json\/wp\/v2\/categories?post=29699"},{"taxonomy":"post_tag","embeddable":true,"href":"https:\/\/noticiasnoface.com.br\/index.php\/wp-json\/wp\/v2\/tags?post=29699"}],"curies":[{"name":"wp","href":"https:\/\/api.w.org\/{rel}","templated":true}]}}