{"id":29706,"date":"2025-09-17T21:06:53","date_gmt":"2025-09-18T00:06:53","guid":{"rendered":"https:\/\/noticiasnoface.com.br\/?p=29706"},"modified":"2025-09-17T21:06:53","modified_gmt":"2025-09-18T00:06:53","slug":"camara-de-parnamirim-homenageia-o-dia-do-padre","status":"publish","type":"post","link":"https:\/\/noticiasnoface.com.br\/index.php\/2025\/09\/17\/camara-de-parnamirim-homenageia-o-dia-do-padre\/","title":{"rendered":"C\u00e2mara de Parnamirim homenageia o dia do Padre"},"content":{"rendered":"\n<figure class=\"wp-block-image size-large\"><img data-opt-id=49382854  fetchpriority=\"high\" decoding=\"async\" width=\"822\" height=\"1024\" src=\"https:\/\/mlbfrsat7ahr.i.optimole.com\/w:822\/h:1024\/q:mauto\/ig:avif\/https:\/\/noticiasnoface.com.br\/wp-content\/uploads\/2025\/09\/img_5056.jpg\" class=\"wp-image-29705\" srcset=\"https:\/\/mlbfrsat7ahr.i.optimole.com\/w:822\/h:1024\/q:mauto\/ig:avif\/https:\/\/noticiasnoface.com.br\/wp-content\/uploads\/2025\/09\/img_5056.jpg 822w, https:\/\/mlbfrsat7ahr.i.optimole.com\/w:241\/h:300\/q:mauto\/ig:avif\/https:\/\/noticiasnoface.com.br\/wp-content\/uploads\/2025\/09\/img_5056.jpg 241w, https:\/\/mlbfrsat7ahr.i.optimole.com\/w:768\/h:957\/q:mauto\/ig:avif\/https:\/\/noticiasnoface.com.br\/wp-content\/uploads\/2025\/09\/img_5056.jpg 768w, https:\/\/mlbfrsat7ahr.i.optimole.com\/w:866\/h:1080\/q:mauto\/ig:avif\/https:\/\/noticiasnoface.com.br\/wp-content\/uploads\/2025\/09\/img_5056.jpg 1233w, https:\/\/mlbfrsat7ahr.i.optimole.com\/w:867\/h:1080\/q:mauto\/ig:avif\/https:\/\/noticiasnoface.com.br\/wp-content\/uploads\/2025\/09\/img_5056.jpg 1320w\" sizes=\"(max-width: 822px) 100vw, 822px\" \/><figcaption class=\"wp-element-caption\">A C\u00e2mara Municipal realizou, na manh\u00e3 da \u00faltima sexta-feira (29), uma sess\u00e3o solene em homenagem ao Dia do Padre e aos 20 anos do Grupo de Idosos Reis Dourados. A solenidade foi proposta pelo vereador Thiago Fernandes e foi presidida pelo presidente da Casa, vereador Dr. C\u00e9sar Maia.<br>22 Na ocasi\u00e3o, receberam a homenagem os idosos do grupo Reis Dourados, entidade respons\u00e1vel por promover atividades de lazer e cultura e qualidade de vida para o p\u00fablico, e cerca de 7 padres de diferentes par\u00f3quias do munic\u00edpio. A homenagem aos p\u00e1rocos se da em raz\u00e3o da comemora\u00e7\u00e3o ao Dia do Padre, celebrado todo dia 04 de agosto.<\/figcaption><\/figure>\n","protected":false},"excerpt":{"rendered":"","protected":false},"author":1,"featured_media":0,"comment_status":"closed","ping_status":"","sticky":false,"template":"","format":"image","meta":{"site-sidebar-layout":"default","site-content-layout":"","ast-site-content-layout":"default","site-content-style":"default","site-sidebar-style":"default","ast-global-header-display":"","ast-banner-title-visibility":"","ast-main-header-display":"","ast-hfb-above-header-display":"","ast-hfb-below-header-display":"","ast-hfb-mobile-header-display":"","site-post-title":"","ast-breadcrumbs-content":"","ast-featured-img":"","footer-sml-layout":"","ast-disable-related-posts":"","theme-transparent-header-meta":"","adv-header-id-meta":"","stick-header-meta":"","header-above-stick-meta":"","header-main-stick-meta":"","header-below-stick-meta":"","astra-migrate-meta-layouts":"default","ast-page-background-enabled":"default","ast-page-background-meta":{"desktop":{"background-color":"var(--ast-global-color-4)","background-image":"","background-repeat":"repeat","background-position":"center center","background-size":"auto","background-attachment":"scroll","background-type":"","background-media":"","overlay-type":"","overlay-color":"","overlay-opacity":"","overlay-gradient":""},"tablet":{"background-color":"","background-image":"","background-repeat":"repeat","background-position":"center center","background-size":"auto","background-attachment":"scroll","background-type":"","background-media":"","overlay-type":"","overlay-color":"","overlay-opacity":"","overlay-gradient":""},"mobile":{"background-color":"","background-image":"","background-repeat":"repeat","background-position":"center center","background-size":"auto","background-attachment":"scroll","background-type":"","background-media":"","overlay-type":"","overlay-color":"","overlay-opacity":"","overlay-gradient":""}},"ast-content-background-meta":{"desktop":{"background-color":"var(--ast-global-color-5)","background-image":"","background-repeat":"repeat","background-position":"center center","background-size":"auto","background-attachment":"scroll","background-type":"","background-media":"","overlay-type":"","overlay-color":"","overlay-opacity":"","overlay-gradient":""},"tablet":{"background-color":"var(--ast-global-color-5)","background-image":"","background-repeat":"repeat","background-position":"center center","background-size":"auto","background-attachment":"scroll","background-type":"","background-media":"","overlay-type":"","overlay-color":"","overlay-opacity":"","overlay-gradient":""},"mobile":{"background-color":"var(--ast-global-color-5)","background-image":"","background-repeat":"repeat","background-position":"center center","background-size":"auto","background-attachment":"scroll","background-type":"","background-media":"","overlay-type":"","overlay-color":"","overlay-opacity":"","overlay-gradient":""}},"footnotes":""},"categories":[3817],"tags":[],"class_list":["post-29706","post","type-post","status-publish","format-image","hentry","category-camara-municipal-de-parnamirim","post_format-post-format-image"],"_links":{"self":[{"href":"https:\/\/noticiasnoface.com.br\/index.php\/wp-json\/wp\/v2\/posts\/29706","targetHints":{"allow":["GET"]}}],"collection":[{"href":"https:\/\/noticiasnoface.com.br\/index.php\/wp-json\/wp\/v2\/posts"}],"about":[{"href":"https:\/\/noticiasnoface.com.br\/index.php\/wp-json\/wp\/v2\/types\/post"}],"author":[{"embeddable":true,"href":"https:\/\/noticiasnoface.com.br\/index.php\/wp-json\/wp\/v2\/users\/1"}],"replies":[{"embeddable":true,"href":"https:\/\/noticiasnoface.com.br\/index.php\/wp-json\/wp\/v2\/comments?post=29706"}],"version-history":[{"count":1,"href":"https:\/\/noticiasnoface.com.br\/index.php\/wp-json\/wp\/v2\/posts\/29706\/revisions"}],"predecessor-version":[{"id":29707,"href":"https:\/\/noticiasnoface.com.br\/index.php\/wp-json\/wp\/v2\/posts\/29706\/revisions\/29707"}],"wp:attachment":[{"href":"https:\/\/noticiasnoface.com.br\/index.php\/wp-json\/wp\/v2\/media?parent=29706"}],"wp:term":[{"taxonomy":"category","embeddable":true,"href":"https:\/\/noticiasnoface.com.br\/index.php\/wp-json\/wp\/v2\/categories?post=29706"},{"taxonomy":"post_tag","embeddable":true,"href":"https:\/\/noticiasnoface.com.br\/index.php\/wp-json\/wp\/v2\/tags?post=29706"}],"curies":[{"name":"wp","href":"https:\/\/api.w.org\/{rel}","templated":true}]}}