{"id":29710,"date":"2025-09-17T21:08:00","date_gmt":"2025-09-18T00:08:00","guid":{"rendered":"https:\/\/noticiasnoface.com.br\/?p=29710"},"modified":"2025-09-17T21:08:00","modified_gmt":"2025-09-18T00:08:00","slug":"projetos-sobre-autismo-e-igualdade-racial-sao-aprovados-na-camara-de-natal","status":"publish","type":"post","link":"https:\/\/noticiasnoface.com.br\/index.php\/2025\/09\/17\/projetos-sobre-autismo-e-igualdade-racial-sao-aprovados-na-camara-de-natal\/","title":{"rendered":"Projetos sobre autismo e igualdade racial s\u00e3o aprovados na C\u00e2mara de Natal&nbsp;"},"content":{"rendered":"\n<figure class=\"wp-block-image foto-noticia\"><img data-opt-id=861143920  fetchpriority=\"high\" decoding=\"async\" src=\"https:\/\/www.cmnat.rn.gov.br\/_ups\/noticias\/2025\/09\/17\/e6c1fa9e42d994b01d17e73ebd4576bd.jpeg\" alt=\"\"\/><\/figure>\n\n\n\n<p>Na sess\u00e3o ordin\u00e1ria desta quarta-feira (17), os vereadores da C\u00e2mara Municipal de Natal aprovaram oito projetos de lei em segunda discuss\u00e3o e outros dois em primeira. As mat\u00e9rias tratam de temas ligados \u00e0 inclus\u00e3o social, cidadania e direitos humanos.<\/p>\n\n\n\n<p>Entre os destaques, est\u00e1 o Projeto de Lei n\u00ba 628\/2023, de autoria do ex-vereador Aroldo Alves e subscrito pelo vereador Daniel Santiago (PP), que institui o \u201cPrograma de Aten\u00e7\u00e3o Integral ao Autismo\u201d no munic\u00edpio. A iniciativa prev\u00ea a promo\u00e7\u00e3o de pol\u00edticas p\u00fablicas voltadas para o diagn\u00f3stico, acompanhamento e inclus\u00e3o de pessoas com Transtorno do Espectro Autista (TEA).<\/p>\n\n\n\n<p>Tamb\u00e9m foi aprovado o Projeto de Lei n\u00ba 454\/2024, de autoria do vereador Kleber Fernandes (Republicanos), que cria o \u201cDia Municipal de Luta da Popula\u00e7\u00e3o em Situa\u00e7\u00e3o de Rua\u201d. A proposta busca dar visibilidade a essa parcela da sociedade e fomentar a implementa\u00e7\u00e3o de pol\u00edticas p\u00fablicas de acolhimento, moradia e empregabilidade.<\/p>\n\n\n\n<p>Outro avan\u00e7o foi a aprova\u00e7\u00e3o do Projeto de Lei n\u00ba 604\/2024, de iniciativa do Executivo, que institui o Conselho Municipal de Pol\u00edtica de Promo\u00e7\u00e3o da Igualdade Racial (COMPPIR). O \u00f3rg\u00e3o ter\u00e1 como fun\u00e7\u00e3o propor, acompanhar e avaliar pol\u00edticas de combate ao racismo e de valoriza\u00e7\u00e3o da diversidade \u00e9tnico-racial em Natal.<\/p>\n\n\n\n<p>Texto: Phablo Galv\u00e3o&nbsp;<br \/>Fotos: Francisco de Assis<\/p>\n","protected":false},"excerpt":{"rendered":"<p>Na sess\u00e3o ordin\u00e1ria desta quarta-feira (17), os vereadores da C\u00e2mara Municipal de Natal aprovaram oito projetos de lei em segunda [&hellip;]<\/p>\n","protected":false},"author":1,"featured_media":0,"comment_status":"closed","ping_status":"","sticky":false,"template":"","format":"image","meta":{"site-sidebar-layout":"default","site-content-layout":"","ast-site-content-layout":"default","site-content-style":"default","site-sidebar-style":"default","ast-global-header-display":"","ast-banner-title-visibility":"","ast-main-header-display":"","ast-hfb-above-header-display":"","ast-hfb-below-header-display":"","ast-hfb-mobile-header-display":"","site-post-title":"","ast-breadcrumbs-content":"","ast-featured-img":"","footer-sml-layout":"","ast-disable-related-posts":"","theme-transparent-header-meta":"","adv-header-id-meta":"","stick-header-meta":"","header-above-stick-meta":"","header-main-stick-meta":"","header-below-stick-meta":"","astra-migrate-meta-layouts":"default","ast-page-background-enabled":"default","ast-page-background-meta":{"desktop":{"background-color":"var(--ast-global-color-4)","background-image":"","background-repeat":"repeat","background-position":"center center","background-size":"auto","background-attachment":"scroll","background-type":"","background-media":"","overlay-type":"","overlay-color":"","overlay-opacity":"","overlay-gradient":""},"tablet":{"background-color":"","background-image":"","background-repeat":"repeat","background-position":"center center","background-size":"auto","background-attachment":"scroll","background-type":"","background-media":"","overlay-type":"","overlay-color":"","overlay-opacity":"","overlay-gradient":""},"mobile":{"background-color":"","background-image":"","background-repeat":"repeat","background-position":"center center","background-size":"auto","background-attachment":"scroll","background-type":"","background-media":"","overlay-type":"","overlay-color":"","overlay-opacity":"","overlay-gradient":""}},"ast-content-background-meta":{"desktop":{"background-color":"var(--ast-global-color-5)","background-image":"","background-repeat":"repeat","background-position":"center center","background-size":"auto","background-attachment":"scroll","background-type":"","background-media":"","overlay-type":"","overlay-color":"","overlay-opacity":"","overlay-gradient":""},"tablet":{"background-color":"var(--ast-global-color-5)","background-image":"","background-repeat":"repeat","background-position":"center center","background-size":"auto","background-attachment":"scroll","background-type":"","background-media":"","overlay-type":"","overlay-color":"","overlay-opacity":"","overlay-gradient":""},"mobile":{"background-color":"var(--ast-global-color-5)","background-image":"","background-repeat":"repeat","background-position":"center center","background-size":"auto","background-attachment":"scroll","background-type":"","background-media":"","overlay-type":"","overlay-color":"","overlay-opacity":"","overlay-gradient":""}},"footnotes":""},"categories":[3816],"tags":[],"class_list":["post-29710","post","type-post","status-publish","format-image","hentry","category-camara-municipal-de-natal","post_format-post-format-image"],"_links":{"self":[{"href":"https:\/\/noticiasnoface.com.br\/index.php\/wp-json\/wp\/v2\/posts\/29710","targetHints":{"allow":["GET"]}}],"collection":[{"href":"https:\/\/noticiasnoface.com.br\/index.php\/wp-json\/wp\/v2\/posts"}],"about":[{"href":"https:\/\/noticiasnoface.com.br\/index.php\/wp-json\/wp\/v2\/types\/post"}],"author":[{"embeddable":true,"href":"https:\/\/noticiasnoface.com.br\/index.php\/wp-json\/wp\/v2\/users\/1"}],"replies":[{"embeddable":true,"href":"https:\/\/noticiasnoface.com.br\/index.php\/wp-json\/wp\/v2\/comments?post=29710"}],"version-history":[{"count":1,"href":"https:\/\/noticiasnoface.com.br\/index.php\/wp-json\/wp\/v2\/posts\/29710\/revisions"}],"predecessor-version":[{"id":29711,"href":"https:\/\/noticiasnoface.com.br\/index.php\/wp-json\/wp\/v2\/posts\/29710\/revisions\/29711"}],"wp:attachment":[{"href":"https:\/\/noticiasnoface.com.br\/index.php\/wp-json\/wp\/v2\/media?parent=29710"}],"wp:term":[{"taxonomy":"category","embeddable":true,"href":"https:\/\/noticiasnoface.com.br\/index.php\/wp-json\/wp\/v2\/categories?post=29710"},{"taxonomy":"post_tag","embeddable":true,"href":"https:\/\/noticiasnoface.com.br\/index.php\/wp-json\/wp\/v2\/tags?post=29710"}],"curies":[{"name":"wp","href":"https:\/\/api.w.org\/{rel}","templated":true}]}}