{"id":29722,"date":"2025-09-20T21:43:34","date_gmt":"2025-09-21T00:43:34","guid":{"rendered":"https:\/\/noticiasnoface.com.br\/?p=29722"},"modified":"2025-09-20T21:43:34","modified_gmt":"2025-09-21T00:43:34","slug":"eriko-jacome-aparece-mais-uma-vez-entre-os-15-mais-citados-na-corrida-para-deputado-estadual","status":"publish","type":"post","link":"https:\/\/noticiasnoface.com.br\/index.php\/2025\/09\/20\/eriko-jacome-aparece-mais-uma-vez-entre-os-15-mais-citados-na-corrida-para-deputado-estadual\/","title":{"rendered":"Eriko J\u00e1come aparece mais uma vez entre os 15 mais citados na corrida para deputado estadual"},"content":{"rendered":"\n<figure class=\"wp-block-image size-large\"><img data-opt-id=14346585  fetchpriority=\"high\" decoding=\"async\" width=\"1024\" height=\"682\" src=\"https:\/\/mlbfrsat7ahr.i.optimole.com\/w:1024\/h:682\/q:mauto\/ig:avif\/https:\/\/noticiasnoface.com.br\/wp-content\/uploads\/2025\/09\/c5dd5057-b0a9-4be7-969c-2225e38add99.jpg\" class=\"wp-image-29721\" srcset=\"https:\/\/mlbfrsat7ahr.i.optimole.com\/w:1024\/h:682\/q:mauto\/ig:avif\/https:\/\/noticiasnoface.com.br\/wp-content\/uploads\/2025\/09\/c5dd5057-b0a9-4be7-969c-2225e38add99.jpg 1024w, https:\/\/mlbfrsat7ahr.i.optimole.com\/w:300\/h:200\/q:mauto\/ig:avif\/https:\/\/noticiasnoface.com.br\/wp-content\/uploads\/2025\/09\/c5dd5057-b0a9-4be7-969c-2225e38add99.jpg 300w, https:\/\/mlbfrsat7ahr.i.optimole.com\/w:768\/h:512\/q:mauto\/ig:avif\/https:\/\/noticiasnoface.com.br\/wp-content\/uploads\/2025\/09\/c5dd5057-b0a9-4be7-969c-2225e38add99.jpg 768w, https:\/\/mlbfrsat7ahr.i.optimole.com\/w:1536\/h:1023\/q:mauto\/ig:avif\/https:\/\/noticiasnoface.com.br\/wp-content\/uploads\/2025\/09\/c5dd5057-b0a9-4be7-969c-2225e38add99.jpg 1536w, https:\/\/mlbfrsat7ahr.i.optimole.com\/w:1600\/h:1066\/q:mauto\/ig:avif\/https:\/\/noticiasnoface.com.br\/wp-content\/uploads\/2025\/09\/c5dd5057-b0a9-4be7-969c-2225e38add99.jpg 1600w\" sizes=\"(max-width: 1000px) 100vw, 1000px\" \/><\/figure>\n\n\n\n<p>O vereador e atual presidente da C\u00e2mara Municipal de Natal, Eriko J\u00e1come, voltou a se destacar no cen\u00e1rio pol\u00edtico do Rio Grande do Norte. Em uma pesquisa do Instituto Media publicada na tarde de ontem, o parlamentar est\u00e1 entre os 15 nomes mais citados para deputado estadual.<\/p>\n\n\n\n<p>H\u00e1 pouco mais de um m\u00eas, Eriko anunciou sua pr\u00e9-candidatura \u00e0 Assembleia Legislativa do RN, colocando-se \u00e0 disposi\u00e7\u00e3o da popula\u00e7\u00e3o para representar o estado. Reconhecido pelo trabalho desempenhado no legislativo municipal, ele tem se destacado principalmente na \u00e1rea da sa\u00fade, com a\u00e7\u00f5es semanais em diversos bairros de Natal e a instala\u00e7\u00e3o de uma cl\u00ednica na Zona Norte da capital. Al\u00e9m disso, sua atua\u00e7\u00e3o tamb\u00e9m contempla projetos importantes voltados \u00e0 educa\u00e7\u00e3o.<\/p>\n\n\n\n<p>A presen\u00e7a do nome de Eriko J\u00e1come nas pesquisas reflete o reconhecimento da popula\u00e7\u00e3o potiguar ao trabalho realizado em Natal e fortalece sua pr\u00e9-candidatura \u00e0 Assembleia Legislativa.<\/p>\n","protected":false},"excerpt":{"rendered":"<p>O vereador e atual presidente da C\u00e2mara Municipal de Natal, Eriko J\u00e1come, voltou a se destacar no cen\u00e1rio pol\u00edtico do [&hellip;]<\/p>\n","protected":false},"author":1,"featured_media":0,"comment_status":"closed","ping_status":"","sticky":false,"template":"","format":"image","meta":{"site-sidebar-layout":"default","site-content-layout":"","ast-site-content-layout":"default","site-content-style":"default","site-sidebar-style":"default","ast-global-header-display":"","ast-banner-title-visibility":"","ast-main-header-display":"","ast-hfb-above-header-display":"","ast-hfb-below-header-display":"","ast-hfb-mobile-header-display":"","site-post-title":"","ast-breadcrumbs-content":"","ast-featured-img":"","footer-sml-layout":"","ast-disable-related-posts":"","theme-transparent-header-meta":"","adv-header-id-meta":"","stick-header-meta":"","header-above-stick-meta":"","header-main-stick-meta":"","header-below-stick-meta":"","astra-migrate-meta-layouts":"default","ast-page-background-enabled":"default","ast-page-background-meta":{"desktop":{"background-color":"var(--ast-global-color-4)","background-image":"","background-repeat":"repeat","background-position":"center center","background-size":"auto","background-attachment":"scroll","background-type":"","background-media":"","overlay-type":"","overlay-color":"","overlay-opacity":"","overlay-gradient":""},"tablet":{"background-color":"","background-image":"","background-repeat":"repeat","background-position":"center center","background-size":"auto","background-attachment":"scroll","background-type":"","background-media":"","overlay-type":"","overlay-color":"","overlay-opacity":"","overlay-gradient":""},"mobile":{"background-color":"","background-image":"","background-repeat":"repeat","background-position":"center center","background-size":"auto","background-attachment":"scroll","background-type":"","background-media":"","overlay-type":"","overlay-color":"","overlay-opacity":"","overlay-gradient":""}},"ast-content-background-meta":{"desktop":{"background-color":"var(--ast-global-color-5)","background-image":"","background-repeat":"repeat","background-position":"center center","background-size":"auto","background-attachment":"scroll","background-type":"","background-media":"","overlay-type":"","overlay-color":"","overlay-opacity":"","overlay-gradient":""},"tablet":{"background-color":"var(--ast-global-color-5)","background-image":"","background-repeat":"repeat","background-position":"center center","background-size":"auto","background-attachment":"scroll","background-type":"","background-media":"","overlay-type":"","overlay-color":"","overlay-opacity":"","overlay-gradient":""},"mobile":{"background-color":"var(--ast-global-color-5)","background-image":"","background-repeat":"repeat","background-position":"center center","background-size":"auto","background-attachment":"scroll","background-type":"","background-media":"","overlay-type":"","overlay-color":"","overlay-opacity":"","overlay-gradient":""}},"footnotes":""},"categories":[3816],"tags":[],"class_list":["post-29722","post","type-post","status-publish","format-image","hentry","category-camara-municipal-de-natal","post_format-post-format-image"],"_links":{"self":[{"href":"https:\/\/noticiasnoface.com.br\/index.php\/wp-json\/wp\/v2\/posts\/29722","targetHints":{"allow":["GET"]}}],"collection":[{"href":"https:\/\/noticiasnoface.com.br\/index.php\/wp-json\/wp\/v2\/posts"}],"about":[{"href":"https:\/\/noticiasnoface.com.br\/index.php\/wp-json\/wp\/v2\/types\/post"}],"author":[{"embeddable":true,"href":"https:\/\/noticiasnoface.com.br\/index.php\/wp-json\/wp\/v2\/users\/1"}],"replies":[{"embeddable":true,"href":"https:\/\/noticiasnoface.com.br\/index.php\/wp-json\/wp\/v2\/comments?post=29722"}],"version-history":[{"count":1,"href":"https:\/\/noticiasnoface.com.br\/index.php\/wp-json\/wp\/v2\/posts\/29722\/revisions"}],"predecessor-version":[{"id":29723,"href":"https:\/\/noticiasnoface.com.br\/index.php\/wp-json\/wp\/v2\/posts\/29722\/revisions\/29723"}],"wp:attachment":[{"href":"https:\/\/noticiasnoface.com.br\/index.php\/wp-json\/wp\/v2\/media?parent=29722"}],"wp:term":[{"taxonomy":"category","embeddable":true,"href":"https:\/\/noticiasnoface.com.br\/index.php\/wp-json\/wp\/v2\/categories?post=29722"},{"taxonomy":"post_tag","embeddable":true,"href":"https:\/\/noticiasnoface.com.br\/index.php\/wp-json\/wp\/v2\/tags?post=29722"}],"curies":[{"name":"wp","href":"https:\/\/api.w.org\/{rel}","templated":true}]}}