{"id":29726,"date":"2025-09-20T21:46:09","date_gmt":"2025-09-21T00:46:09","guid":{"rendered":"https:\/\/noticiasnoface.com.br\/?p=29726"},"modified":"2025-09-20T21:46:09","modified_gmt":"2025-09-21T00:46:09","slug":"camilla-cabello-faz-retrospectiva-de-apresentacao-no-brasil-em-casa","status":"publish","type":"post","link":"https:\/\/noticiasnoface.com.br\/index.php\/2025\/09\/20\/camilla-cabello-faz-retrospectiva-de-apresentacao-no-brasil-em-casa\/","title":{"rendered":"Camilla Cabello faz retrospectiva de apresenta\u00e7\u00e3o no Brasil: &#8220;Em casa&#8221;"},"content":{"rendered":"\n<h2 class=\"wp-block-heading subhead\">Cantora cubana esteve no pa\u00eds para apresenta\u00e7\u00e3o no The Town, em S\u00e3o Paulo<\/h2>\n\n\n\n<p>19\/09\/25 \u00e0s 22:51&nbsp;|&nbsp;Atualizado&nbsp;19\/09\/25 \u00e0s 22:51<\/p>\n\n\n\n<figure class=\"wp-block-image\"><img data-opt-id=1407939685  fetchpriority=\"high\" decoding=\"async\" src=\"https:\/\/admin.cnnbrasil.com.br\/wp-content\/uploads\/sites\/12\/2025\/09\/camila-cabello-show-the-town.png?w=419&amp;h=283&amp;crop=0\" alt=\"\"\/><figcaption class=\"wp-element-caption\">Camila Cabello apresentou show no \u00faltimo dia do The Town 2025&nbsp; \u2022&nbsp;Instagram\/ Camila Cabello<\/figcaption><\/figure>\n\n\n\n<p>ouvir not\u00edcia<\/p>\n\n\n\n<p>0:00&nbsp;1.0x<\/p>\n\n\n\n<p>Camila Cabello est\u00e1 pedindo um CPF! A cantora cubana fez uma retrospectiva de sua passagem pelo Brasil para se apresentar no The Town, no dia 14 de setembro.<\/p>\n\n\n\n<p><strong>&#8220;Querida S\u00e3o Paulo, obrigada por me receber e me fazer sentir em casa<\/strong>&#8220;, escreveu a ex-integrante do Fifith Harmony. Em um clipe de 48 segundos,<a href=\"https:\/\/www.cnnbrasil.com.br\/entretenimento\/conheca-camila-cabello-atracao-no-the-town-e-ex-fifth-harmony\/\" target=\"_blank\" rel=\"noreferrer noopener\">&nbsp;Cabello<\/a>&nbsp;mostrou sua chegada, os ensaios, registros no palco e de seus f\u00e3s enlouquecidos no gigantesco p\u00fablico do festival. Confira:<\/p>\n\n\n\n<p>Ao&nbsp;<a href=\"https:\/\/www.cnnbrasil.com.br\/entretenimento\/camila-cabello-chega-ao-brasil-e-e-recepcionada-por-fas-veja-fotos\/\" target=\"_blank\" rel=\"noreferrer noopener\">aterrissar em terras brasileiras<\/a>&nbsp;poucos dias antes de sua apresenta\u00e7\u00e3o, a cantora aproveitou para se familiarizar ainda mais com o pa\u00eds. Ela gravou um v\u00eddeo provando&nbsp;<strong>iguarias nacionais<\/strong>, das quais disse que<a href=\"https:\/\/www.cnnbrasil.com.br\/entretenimento\/camila-cabello-prova-comidas-brasileiras-nao-consigo-parar-de-comer\/\" target=\"_blank\" rel=\"noreferrer noopener\">&nbsp;&#8220;n\u00e3o conseguia parar de comer&#8221;.<\/a>&nbsp;Ao subir ao palco, ela cantou em portugu\u00eas<strong>&nbsp;&#8220;Ai Se Eu Te Pego&#8221;<\/strong>, de Michel Tel\u00f3, ainda mostrou que&nbsp;<strong>aprendeu a dan\u00e7ar funk<\/strong>. Ela at\u00e9 conseguiu um clique sexy com uma moto da pol\u00edcia. E claro, n\u00e3o podia deixar de vestir a camisa verde e amarela.<\/p>\n\n\n\n<p><strong>&#8220;Brasil, eu te amo de todo o meu cora\u00e7\u00e3o<\/strong>. Obrigada S\u00e3o Paulo&#8221;, dedicou em portugu\u00eas em suas redes sociais.<\/p>\n","protected":false},"excerpt":{"rendered":"<p>Cantora cubana esteve no pa\u00eds para apresenta\u00e7\u00e3o no The Town, em S\u00e3o Paulo 19\/09\/25 \u00e0s 22:51&nbsp;|&nbsp;Atualizado&nbsp;19\/09\/25 \u00e0s 22:51 ouvir not\u00edcia [&hellip;]<\/p>\n","protected":false},"author":1,"featured_media":0,"comment_status":"closed","ping_status":"","sticky":false,"template":"","format":"image","meta":{"site-sidebar-layout":"default","site-content-layout":"","ast-site-content-layout":"default","site-content-style":"default","site-sidebar-style":"default","ast-global-header-display":"","ast-banner-title-visibility":"","ast-main-header-display":"","ast-hfb-above-header-display":"","ast-hfb-below-header-display":"","ast-hfb-mobile-header-display":"","site-post-title":"","ast-breadcrumbs-content":"","ast-featured-img":"","footer-sml-layout":"","ast-disable-related-posts":"","theme-transparent-header-meta":"","adv-header-id-meta":"","stick-header-meta":"","header-above-stick-meta":"","header-main-stick-meta":"","header-below-stick-meta":"","astra-migrate-meta-layouts":"default","ast-page-background-enabled":"default","ast-page-background-meta":{"desktop":{"background-color":"var(--ast-global-color-4)","background-image":"","background-repeat":"repeat","background-position":"center center","background-size":"auto","background-attachment":"scroll","background-type":"","background-media":"","overlay-type":"","overlay-color":"","overlay-opacity":"","overlay-gradient":""},"tablet":{"background-color":"","background-image":"","background-repeat":"repeat","background-position":"center center","background-size":"auto","background-attachment":"scroll","background-type":"","background-media":"","overlay-type":"","overlay-color":"","overlay-opacity":"","overlay-gradient":""},"mobile":{"background-color":"","background-image":"","background-repeat":"repeat","background-position":"center center","background-size":"auto","background-attachment":"scroll","background-type":"","background-media":"","overlay-type":"","overlay-color":"","overlay-opacity":"","overlay-gradient":""}},"ast-content-background-meta":{"desktop":{"background-color":"var(--ast-global-color-5)","background-image":"","background-repeat":"repeat","background-position":"center center","background-size":"auto","background-attachment":"scroll","background-type":"","background-media":"","overlay-type":"","overlay-color":"","overlay-opacity":"","overlay-gradient":""},"tablet":{"background-color":"var(--ast-global-color-5)","background-image":"","background-repeat":"repeat","background-position":"center center","background-size":"auto","background-attachment":"scroll","background-type":"","background-media":"","overlay-type":"","overlay-color":"","overlay-opacity":"","overlay-gradient":""},"mobile":{"background-color":"var(--ast-global-color-5)","background-image":"","background-repeat":"repeat","background-position":"center center","background-size":"auto","background-attachment":"scroll","background-type":"","background-media":"","overlay-type":"","overlay-color":"","overlay-opacity":"","overlay-gradient":""}},"footnotes":""},"categories":[517],"tags":[],"class_list":["post-29726","post","type-post","status-publish","format-image","hentry","category-aconteceu","post_format-post-format-image"],"_links":{"self":[{"href":"https:\/\/noticiasnoface.com.br\/index.php\/wp-json\/wp\/v2\/posts\/29726","targetHints":{"allow":["GET"]}}],"collection":[{"href":"https:\/\/noticiasnoface.com.br\/index.php\/wp-json\/wp\/v2\/posts"}],"about":[{"href":"https:\/\/noticiasnoface.com.br\/index.php\/wp-json\/wp\/v2\/types\/post"}],"author":[{"embeddable":true,"href":"https:\/\/noticiasnoface.com.br\/index.php\/wp-json\/wp\/v2\/users\/1"}],"replies":[{"embeddable":true,"href":"https:\/\/noticiasnoface.com.br\/index.php\/wp-json\/wp\/v2\/comments?post=29726"}],"version-history":[{"count":1,"href":"https:\/\/noticiasnoface.com.br\/index.php\/wp-json\/wp\/v2\/posts\/29726\/revisions"}],"predecessor-version":[{"id":29727,"href":"https:\/\/noticiasnoface.com.br\/index.php\/wp-json\/wp\/v2\/posts\/29726\/revisions\/29727"}],"wp:attachment":[{"href":"https:\/\/noticiasnoface.com.br\/index.php\/wp-json\/wp\/v2\/media?parent=29726"}],"wp:term":[{"taxonomy":"category","embeddable":true,"href":"https:\/\/noticiasnoface.com.br\/index.php\/wp-json\/wp\/v2\/categories?post=29726"},{"taxonomy":"post_tag","embeddable":true,"href":"https:\/\/noticiasnoface.com.br\/index.php\/wp-json\/wp\/v2\/tags?post=29726"}],"curies":[{"name":"wp","href":"https:\/\/api.w.org\/{rel}","templated":true}]}}