{"id":29730,"date":"2025-09-21T20:21:38","date_gmt":"2025-09-21T23:21:38","guid":{"rendered":"https:\/\/noticiasnoface.com.br\/?p=29730"},"modified":"2025-09-21T20:21:38","modified_gmt":"2025-09-21T23:21:38","slug":"assaltante-e-preso-em-flagrante-apos-roubar-farmacia-em-natal","status":"publish","type":"post","link":"https:\/\/noticiasnoface.com.br\/index.php\/2025\/09\/21\/assaltante-e-preso-em-flagrante-apos-roubar-farmacia-em-natal\/","title":{"rendered":"Assaltante \u00e9 preso em flagrante ap\u00f3s roubar farm\u00e1cia em Natal"},"content":{"rendered":"\n<p><a class=\"byline\" href=\"https:\/\/www.bnewsnatal.com.br\/autor\/leonardo-silva\/\" target=\"_blank\" rel=\"noopener\">Leonardo Silva<\/a><\/p>\n\n\n\n<figure class=\"wp-block-image\"><img data-opt-id=388344298  fetchpriority=\"high\" decoding=\"async\" src=\"https:\/\/www.bnewsnatal.com.br\/media\/_versions\/2025\/09\/assaltooo_widemd.jpg\" alt=\"Assaltante \u00e9 preso em flagrante ap\u00f3s roubar farm\u00e1cia em Natal\"\/><figcaption class=\"wp-element-caption\">O suspeito foi detido por uma equipe da Pol\u00edcia Civil e j\u00e1 havia furtado uma televis\u00e3o de uma lavanderia nas proximidades&nbsp;&nbsp;|&nbsp;&nbsp;&nbsp;Pol\u00edcia Militar do RN<\/figcaption><\/figure>\n\n\n\n<p>Na tarde deste s\u00e1bado (20),&nbsp;<a href=\"http:\/\/www.pm.rn.gov.br\/\" rel=\"noreferrer noopener\" target=\"_blank\">policiais militares do 5\u00ba Batalh\u00e3o<\/a>&nbsp;foram acionados pela Central de Opera\u00e7\u00f5es (Copom)&nbsp; para atender a uma ocorr\u00eancia de assalto em andamento em uma farm\u00e1cia localizada na Avenida Ayrton Senna, zona Sul de Natal.<\/p>\n\n\n\n<p>No local, os policiais foram informados pela respons\u00e1vel da drogaria e constataram que o suspeito j\u00e1 havia sido detido por uma equipe da&nbsp;<a href=\"http:\/\/www.policiacivil.rn.gov.br\/\" rel=\"noreferrer noopener\" target=\"_blank\">Pol\u00edcia Civil<\/a>.<\/p>\n","protected":false},"excerpt":{"rendered":"<p>Leonardo Silva Na tarde deste s\u00e1bado (20),&nbsp;policiais militares do 5\u00ba Batalh\u00e3o&nbsp;foram acionados pela Central de Opera\u00e7\u00f5es (Copom)&nbsp; para atender a [&hellip;]<\/p>\n","protected":false},"author":1,"featured_media":0,"comment_status":"closed","ping_status":"","sticky":false,"template":"","format":"image","meta":{"site-sidebar-layout":"default","site-content-layout":"","ast-site-content-layout":"default","site-content-style":"default","site-sidebar-style":"default","ast-global-header-display":"","ast-banner-title-visibility":"","ast-main-header-display":"","ast-hfb-above-header-display":"","ast-hfb-below-header-display":"","ast-hfb-mobile-header-display":"","site-post-title":"","ast-breadcrumbs-content":"","ast-featured-img":"","footer-sml-layout":"","ast-disable-related-posts":"","theme-transparent-header-meta":"","adv-header-id-meta":"","stick-header-meta":"","header-above-stick-meta":"","header-main-stick-meta":"","header-below-stick-meta":"","astra-migrate-meta-layouts":"default","ast-page-background-enabled":"default","ast-page-background-meta":{"desktop":{"background-color":"var(--ast-global-color-4)","background-image":"","background-repeat":"repeat","background-position":"center center","background-size":"auto","background-attachment":"scroll","background-type":"","background-media":"","overlay-type":"","overlay-color":"","overlay-opacity":"","overlay-gradient":""},"tablet":{"background-color":"","background-image":"","background-repeat":"repeat","background-position":"center center","background-size":"auto","background-attachment":"scroll","background-type":"","background-media":"","overlay-type":"","overlay-color":"","overlay-opacity":"","overlay-gradient":""},"mobile":{"background-color":"","background-image":"","background-repeat":"repeat","background-position":"center center","background-size":"auto","background-attachment":"scroll","background-type":"","background-media":"","overlay-type":"","overlay-color":"","overlay-opacity":"","overlay-gradient":""}},"ast-content-background-meta":{"desktop":{"background-color":"var(--ast-global-color-5)","background-image":"","background-repeat":"repeat","background-position":"center center","background-size":"auto","background-attachment":"scroll","background-type":"","background-media":"","overlay-type":"","overlay-color":"","overlay-opacity":"","overlay-gradient":""},"tablet":{"background-color":"var(--ast-global-color-5)","background-image":"","background-repeat":"repeat","background-position":"center center","background-size":"auto","background-attachment":"scroll","background-type":"","background-media":"","overlay-type":"","overlay-color":"","overlay-opacity":"","overlay-gradient":""},"mobile":{"background-color":"var(--ast-global-color-5)","background-image":"","background-repeat":"repeat","background-position":"center center","background-size":"auto","background-attachment":"scroll","background-type":"","background-media":"","overlay-type":"","overlay-color":"","overlay-opacity":"","overlay-gradient":""}},"footnotes":""},"categories":[517],"tags":[],"class_list":["post-29730","post","type-post","status-publish","format-image","hentry","category-aconteceu","post_format-post-format-image"],"_links":{"self":[{"href":"https:\/\/noticiasnoface.com.br\/index.php\/wp-json\/wp\/v2\/posts\/29730","targetHints":{"allow":["GET"]}}],"collection":[{"href":"https:\/\/noticiasnoface.com.br\/index.php\/wp-json\/wp\/v2\/posts"}],"about":[{"href":"https:\/\/noticiasnoface.com.br\/index.php\/wp-json\/wp\/v2\/types\/post"}],"author":[{"embeddable":true,"href":"https:\/\/noticiasnoface.com.br\/index.php\/wp-json\/wp\/v2\/users\/1"}],"replies":[{"embeddable":true,"href":"https:\/\/noticiasnoface.com.br\/index.php\/wp-json\/wp\/v2\/comments?post=29730"}],"version-history":[{"count":1,"href":"https:\/\/noticiasnoface.com.br\/index.php\/wp-json\/wp\/v2\/posts\/29730\/revisions"}],"predecessor-version":[{"id":29731,"href":"https:\/\/noticiasnoface.com.br\/index.php\/wp-json\/wp\/v2\/posts\/29730\/revisions\/29731"}],"wp:attachment":[{"href":"https:\/\/noticiasnoface.com.br\/index.php\/wp-json\/wp\/v2\/media?parent=29730"}],"wp:term":[{"taxonomy":"category","embeddable":true,"href":"https:\/\/noticiasnoface.com.br\/index.php\/wp-json\/wp\/v2\/categories?post=29730"},{"taxonomy":"post_tag","embeddable":true,"href":"https:\/\/noticiasnoface.com.br\/index.php\/wp-json\/wp\/v2\/tags?post=29730"}],"curies":[{"name":"wp","href":"https:\/\/api.w.org\/{rel}","templated":true}]}}