{"id":29761,"date":"2025-09-23T20:57:34","date_gmt":"2025-09-23T23:57:34","guid":{"rendered":"https:\/\/noticiasnoface.com.br\/?p=29761"},"modified":"2025-09-23T20:57:34","modified_gmt":"2025-09-23T23:57:34","slug":"avenida-sera-interditada-em-natal-por-15-dias-para-obras-da-caern-saiba-qual","status":"publish","type":"post","link":"https:\/\/noticiasnoface.com.br\/index.php\/2025\/09\/23\/avenida-sera-interditada-em-natal-por-15-dias-para-obras-da-caern-saiba-qual\/","title":{"rendered":"Avenida ser\u00e1 interditada em Natal por 15 dias para obras da Caern; saiba qual"},"content":{"rendered":"\n<p><a class=\"byline\" href=\"https:\/\/www.bnewsnatal.com.br\/autor\/bnews-natal-redacao\/\" target=\"_blank\" rel=\"noopener\">Reda\u00e7\u00e3o<\/a><\/p>\n\n\n\n<figure class=\"wp-block-image\"><img data-opt-id=1277314541  fetchpriority=\"high\" decoding=\"async\" src=\"https:\/\/www.bnewsnatal.com.br\/media\/_versions\/2025\/09\/captura-de-tela-2025-09-23-163628_gq163658016_widemd.jpg\" alt=\"O controle do tr\u00e1fego est\u00e1 sendo feito com apoio de agentes da Secretaria de Mobilidade Urbana de Natal - Divulga\u00e7\u00e3o\/STTU\"\/><figcaption class=\"wp-element-caption\">A STTU recomenda que, durante as obras, os motoristas e moradores redobrem a aten\u00e7\u00e3o no per\u00edodo e sigam as orienta\u00e7\u00f5es dos agentes&nbsp;&nbsp;|&nbsp;&nbsp;&nbsp;<img data-opt-id=807641849  fetchpriority=\"high\" decoding=\"async\" src=\"https:\/\/www.bnewsnatal.com.br\/static\/img\/camera_icon.svg\" width=\"17\" height=\"17\" alt=\"BNews Natal - Divulga\u00e7\u00e3o\" class=\"reader-image-tiny\" \/>&nbsp;O controle do tr\u00e1fego est\u00e1 sendo feito com apoio de agentes da Secretaria de Mobilidade Urbana de Natal &#8211; Divulga\u00e7\u00e3o\/STTU<\/figcaption><\/figure>\n\n\n\n<p>Nesta ter\u00e7a-feira (23), foi informado pela Secretaria de Mobilidade Urbana de Natal (STTU) que a Avenida Erivan Fran\u00e7a, localizada em Ponta Negra, foi interditada para a realiza\u00e7\u00e3o de servi\u00e7os da Companhia de \u00c1guas e Esgotos do Rio Grande do Norte (Caern).<\/p>\n\n\n\n<p>Mesmo com a interdi\u00e7\u00e3o, a circula\u00e7\u00e3o em dire\u00e7\u00e3o ao Morro do Careca segue liberada. J\u00e1 os moradores da Avenida Engenheiro Roberto Freire, no trecho anterior ao bloqueio, precisam utilizar o sistema \u201cPare e Siga\u201d para entrar e sair de suas resid\u00eancias.<\/p>\n\n\n\n<p><\/p>\n","protected":false},"excerpt":{"rendered":"<p>Reda\u00e7\u00e3o Nesta ter\u00e7a-feira (23), foi informado pela Secretaria de Mobilidade Urbana de Natal (STTU) que a Avenida Erivan Fran\u00e7a, localizada [&hellip;]<\/p>\n","protected":false},"author":1,"featured_media":0,"comment_status":"closed","ping_status":"","sticky":false,"template":"","format":"image","meta":{"site-sidebar-layout":"default","site-content-layout":"","ast-site-content-layout":"default","site-content-style":"default","site-sidebar-style":"default","ast-global-header-display":"","ast-banner-title-visibility":"","ast-main-header-display":"","ast-hfb-above-header-display":"","ast-hfb-below-header-display":"","ast-hfb-mobile-header-display":"","site-post-title":"","ast-breadcrumbs-content":"","ast-featured-img":"","footer-sml-layout":"","ast-disable-related-posts":"","theme-transparent-header-meta":"","adv-header-id-meta":"","stick-header-meta":"","header-above-stick-meta":"","header-main-stick-meta":"","header-below-stick-meta":"","astra-migrate-meta-layouts":"default","ast-page-background-enabled":"default","ast-page-background-meta":{"desktop":{"background-color":"var(--ast-global-color-4)","background-image":"","background-repeat":"repeat","background-position":"center center","background-size":"auto","background-attachment":"scroll","background-type":"","background-media":"","overlay-type":"","overlay-color":"","overlay-opacity":"","overlay-gradient":""},"tablet":{"background-color":"","background-image":"","background-repeat":"repeat","background-position":"center center","background-size":"auto","background-attachment":"scroll","background-type":"","background-media":"","overlay-type":"","overlay-color":"","overlay-opacity":"","overlay-gradient":""},"mobile":{"background-color":"","background-image":"","background-repeat":"repeat","background-position":"center center","background-size":"auto","background-attachment":"scroll","background-type":"","background-media":"","overlay-type":"","overlay-color":"","overlay-opacity":"","overlay-gradient":""}},"ast-content-background-meta":{"desktop":{"background-color":"var(--ast-global-color-5)","background-image":"","background-repeat":"repeat","background-position":"center center","background-size":"auto","background-attachment":"scroll","background-type":"","background-media":"","overlay-type":"","overlay-color":"","overlay-opacity":"","overlay-gradient":""},"tablet":{"background-color":"var(--ast-global-color-5)","background-image":"","background-repeat":"repeat","background-position":"center center","background-size":"auto","background-attachment":"scroll","background-type":"","background-media":"","overlay-type":"","overlay-color":"","overlay-opacity":"","overlay-gradient":""},"mobile":{"background-color":"var(--ast-global-color-5)","background-image":"","background-repeat":"repeat","background-position":"center center","background-size":"auto","background-attachment":"scroll","background-type":"","background-media":"","overlay-type":"","overlay-color":"","overlay-opacity":"","overlay-gradient":""}},"footnotes":""},"categories":[517],"tags":[],"class_list":["post-29761","post","type-post","status-publish","format-image","hentry","category-aconteceu","post_format-post-format-image"],"_links":{"self":[{"href":"https:\/\/noticiasnoface.com.br\/index.php\/wp-json\/wp\/v2\/posts\/29761","targetHints":{"allow":["GET"]}}],"collection":[{"href":"https:\/\/noticiasnoface.com.br\/index.php\/wp-json\/wp\/v2\/posts"}],"about":[{"href":"https:\/\/noticiasnoface.com.br\/index.php\/wp-json\/wp\/v2\/types\/post"}],"author":[{"embeddable":true,"href":"https:\/\/noticiasnoface.com.br\/index.php\/wp-json\/wp\/v2\/users\/1"}],"replies":[{"embeddable":true,"href":"https:\/\/noticiasnoface.com.br\/index.php\/wp-json\/wp\/v2\/comments?post=29761"}],"version-history":[{"count":1,"href":"https:\/\/noticiasnoface.com.br\/index.php\/wp-json\/wp\/v2\/posts\/29761\/revisions"}],"predecessor-version":[{"id":29762,"href":"https:\/\/noticiasnoface.com.br\/index.php\/wp-json\/wp\/v2\/posts\/29761\/revisions\/29762"}],"wp:attachment":[{"href":"https:\/\/noticiasnoface.com.br\/index.php\/wp-json\/wp\/v2\/media?parent=29761"}],"wp:term":[{"taxonomy":"category","embeddable":true,"href":"https:\/\/noticiasnoface.com.br\/index.php\/wp-json\/wp\/v2\/categories?post=29761"},{"taxonomy":"post_tag","embeddable":true,"href":"https:\/\/noticiasnoface.com.br\/index.php\/wp-json\/wp\/v2\/tags?post=29761"}],"curies":[{"name":"wp","href":"https:\/\/api.w.org\/{rel}","templated":true}]}}