{"id":29766,"date":"2025-09-24T11:49:42","date_gmt":"2025-09-24T14:49:42","guid":{"rendered":"https:\/\/noticiasnoface.com.br\/?p=29766"},"modified":"2025-09-24T11:49:42","modified_gmt":"2025-09-24T14:49:42","slug":"camara-de-parnamirim-vai-homenagear-idosos-do-municipio-em-sessao-solene","status":"publish","type":"post","link":"https:\/\/noticiasnoface.com.br\/index.php\/2025\/09\/24\/camara-de-parnamirim-vai-homenagear-idosos-do-municipio-em-sessao-solene\/","title":{"rendered":"C\u00e2mara de Parnamirim vai homenagear idosos do munic\u00edpio em Sess\u00e3o Solene"},"content":{"rendered":"\n<figure class=\"wp-block-image size-large\"><img data-opt-id=89527110  fetchpriority=\"high\" decoding=\"async\" width=\"1024\" height=\"680\" src=\"https:\/\/mlbfrsat7ahr.i.optimole.com\/w:1024\/h:680\/q:mauto\/ig:avif\/https:\/\/noticiasnoface.com.br\/wp-content\/uploads\/2025\/09\/e569f619-8ecf-477f-8a69-349863c8b794.jpg\" class=\"wp-image-29765\" srcset=\"https:\/\/mlbfrsat7ahr.i.optimole.com\/w:1024\/h:680\/q:mauto\/ig:avif\/https:\/\/noticiasnoface.com.br\/wp-content\/uploads\/2025\/09\/e569f619-8ecf-477f-8a69-349863c8b794.jpg 1024w, https:\/\/mlbfrsat7ahr.i.optimole.com\/w:300\/h:199\/q:mauto\/ig:avif\/https:\/\/noticiasnoface.com.br\/wp-content\/uploads\/2025\/09\/e569f619-8ecf-477f-8a69-349863c8b794.jpg 300w, https:\/\/mlbfrsat7ahr.i.optimole.com\/w:768\/h:510\/q:mauto\/ig:avif\/https:\/\/noticiasnoface.com.br\/wp-content\/uploads\/2025\/09\/e569f619-8ecf-477f-8a69-349863c8b794.jpg 768w, https:\/\/mlbfrsat7ahr.i.optimole.com\/w:1080\/h:717\/q:mauto\/ig:avif\/https:\/\/noticiasnoface.com.br\/wp-content\/uploads\/2025\/09\/e569f619-8ecf-477f-8a69-349863c8b794.jpg 1080w\" sizes=\"(max-width: 1000px) 100vw, 1000px\" \/><\/figure>\n\n\n\n<p>Em alus\u00e3o ao Dia do Idoso, comemorado no dia 1\u00ba de outubro, mais uma edi\u00e7\u00e3o do projeto Vereador Idoso por um Dia ser\u00e1 realizada, nesta sexta-feira, 26, \u00e0s 9h, no Plen\u00e1rio Dr. M\u00e1rio Medeiros.<\/p>\n\n\n\n<p>A sess\u00e3o solene \u00e9 uma proposi\u00e7\u00e3o do parlamentar Thiago Fernandes. Segundo ele, o evento tem o intuito de &#8220;incluir e dar voz aos idosos no cen\u00e1rio legislativo, promover a reflex\u00e3o sobre a longevidade e fortalecer o conv\u00edvio social entre as gera\u00e7\u00f5es&#8221;, afirmou.<\/p>\n\n\n\n<p><em>Servi\u00e7o<\/em><br \/>O qu\u00ea: Sess\u00e3o Solene Vereador Idoso por um Dia<br \/>Quando: sexta-feira, 26\/09, \u00e0s 9h<br \/>Propositor: Vereador Thiago Fernandes<br \/>Onde: Plen\u00e1rio Dr. M\u00e1rio Medeiros, C\u00e2mara Municipal de Parnamirim<\/p>\n","protected":false},"excerpt":{"rendered":"<p>Em alus\u00e3o ao Dia do Idoso, comemorado no dia 1\u00ba de outubro, mais uma edi\u00e7\u00e3o do projeto Vereador Idoso por [&hellip;]<\/p>\n","protected":false},"author":1,"featured_media":0,"comment_status":"closed","ping_status":"","sticky":false,"template":"","format":"image","meta":{"site-sidebar-layout":"default","site-content-layout":"","ast-site-content-layout":"default","site-content-style":"default","site-sidebar-style":"default","ast-global-header-display":"","ast-banner-title-visibility":"","ast-main-header-display":"","ast-hfb-above-header-display":"","ast-hfb-below-header-display":"","ast-hfb-mobile-header-display":"","site-post-title":"","ast-breadcrumbs-content":"","ast-featured-img":"","footer-sml-layout":"","ast-disable-related-posts":"","theme-transparent-header-meta":"","adv-header-id-meta":"","stick-header-meta":"","header-above-stick-meta":"","header-main-stick-meta":"","header-below-stick-meta":"","astra-migrate-meta-layouts":"default","ast-page-background-enabled":"default","ast-page-background-meta":{"desktop":{"background-color":"var(--ast-global-color-4)","background-image":"","background-repeat":"repeat","background-position":"center center","background-size":"auto","background-attachment":"scroll","background-type":"","background-media":"","overlay-type":"","overlay-color":"","overlay-opacity":"","overlay-gradient":""},"tablet":{"background-color":"","background-image":"","background-repeat":"repeat","background-position":"center center","background-size":"auto","background-attachment":"scroll","background-type":"","background-media":"","overlay-type":"","overlay-color":"","overlay-opacity":"","overlay-gradient":""},"mobile":{"background-color":"","background-image":"","background-repeat":"repeat","background-position":"center center","background-size":"auto","background-attachment":"scroll","background-type":"","background-media":"","overlay-type":"","overlay-color":"","overlay-opacity":"","overlay-gradient":""}},"ast-content-background-meta":{"desktop":{"background-color":"var(--ast-global-color-5)","background-image":"","background-repeat":"repeat","background-position":"center center","background-size":"auto","background-attachment":"scroll","background-type":"","background-media":"","overlay-type":"","overlay-color":"","overlay-opacity":"","overlay-gradient":""},"tablet":{"background-color":"var(--ast-global-color-5)","background-image":"","background-repeat":"repeat","background-position":"center center","background-size":"auto","background-attachment":"scroll","background-type":"","background-media":"","overlay-type":"","overlay-color":"","overlay-opacity":"","overlay-gradient":""},"mobile":{"background-color":"var(--ast-global-color-5)","background-image":"","background-repeat":"repeat","background-position":"center center","background-size":"auto","background-attachment":"scroll","background-type":"","background-media":"","overlay-type":"","overlay-color":"","overlay-opacity":"","overlay-gradient":""}},"footnotes":""},"categories":[3817],"tags":[],"class_list":["post-29766","post","type-post","status-publish","format-image","hentry","category-camara-municipal-de-parnamirim","post_format-post-format-image"],"_links":{"self":[{"href":"https:\/\/noticiasnoface.com.br\/index.php\/wp-json\/wp\/v2\/posts\/29766","targetHints":{"allow":["GET"]}}],"collection":[{"href":"https:\/\/noticiasnoface.com.br\/index.php\/wp-json\/wp\/v2\/posts"}],"about":[{"href":"https:\/\/noticiasnoface.com.br\/index.php\/wp-json\/wp\/v2\/types\/post"}],"author":[{"embeddable":true,"href":"https:\/\/noticiasnoface.com.br\/index.php\/wp-json\/wp\/v2\/users\/1"}],"replies":[{"embeddable":true,"href":"https:\/\/noticiasnoface.com.br\/index.php\/wp-json\/wp\/v2\/comments?post=29766"}],"version-history":[{"count":1,"href":"https:\/\/noticiasnoface.com.br\/index.php\/wp-json\/wp\/v2\/posts\/29766\/revisions"}],"predecessor-version":[{"id":29767,"href":"https:\/\/noticiasnoface.com.br\/index.php\/wp-json\/wp\/v2\/posts\/29766\/revisions\/29767"}],"wp:attachment":[{"href":"https:\/\/noticiasnoface.com.br\/index.php\/wp-json\/wp\/v2\/media?parent=29766"}],"wp:term":[{"taxonomy":"category","embeddable":true,"href":"https:\/\/noticiasnoface.com.br\/index.php\/wp-json\/wp\/v2\/categories?post=29766"},{"taxonomy":"post_tag","embeddable":true,"href":"https:\/\/noticiasnoface.com.br\/index.php\/wp-json\/wp\/v2\/tags?post=29766"}],"curies":[{"name":"wp","href":"https:\/\/api.w.org\/{rel}","templated":true}]}}