{"id":29786,"date":"2025-09-26T21:23:06","date_gmt":"2025-09-27T00:23:06","guid":{"rendered":"https:\/\/noticiasnoface.com.br\/?p=29786"},"modified":"2025-09-26T21:23:06","modified_gmt":"2025-09-27T00:23:06","slug":"sessao-solene-vereador-idoso-por-um-dia-destaca-o-papel-da-terceira-idade-em-parnamirim","status":"publish","type":"post","link":"https:\/\/noticiasnoface.com.br\/index.php\/2025\/09\/26\/sessao-solene-vereador-idoso-por-um-dia-destaca-o-papel-da-terceira-idade-em-parnamirim\/","title":{"rendered":"Sess\u00e3o solene \u201cVereador Idoso Por Um Dia\u201d destaca o papel da terceira idade em Parnamirim"},"content":{"rendered":"\n<figure class=\"wp-block-image size-large\"><img data-opt-id=90409202  fetchpriority=\"high\" decoding=\"async\" width=\"1024\" height=\"641\" src=\"https:\/\/mlbfrsat7ahr.i.optimole.com\/w:1024\/h:641\/q:mauto\/ig:avif\/https:\/\/noticiasnoface.com.br\/wp-content\/uploads\/2025\/09\/c9609275-49c9-48fa-8893-aee3d5bc48fc.jpg\" class=\"wp-image-29785\" srcset=\"https:\/\/mlbfrsat7ahr.i.optimole.com\/w:1024\/h:641\/q:mauto\/ig:avif\/https:\/\/noticiasnoface.com.br\/wp-content\/uploads\/2025\/09\/c9609275-49c9-48fa-8893-aee3d5bc48fc.jpg 1024w, https:\/\/mlbfrsat7ahr.i.optimole.com\/w:300\/h:188\/q:mauto\/ig:avif\/https:\/\/noticiasnoface.com.br\/wp-content\/uploads\/2025\/09\/c9609275-49c9-48fa-8893-aee3d5bc48fc.jpg 300w, https:\/\/mlbfrsat7ahr.i.optimole.com\/w:768\/h:481\/q:mauto\/ig:avif\/https:\/\/noticiasnoface.com.br\/wp-content\/uploads\/2025\/09\/c9609275-49c9-48fa-8893-aee3d5bc48fc.jpg 768w, https:\/\/mlbfrsat7ahr.i.optimole.com\/w:1536\/h:962\/q:mauto\/ig:avif\/https:\/\/noticiasnoface.com.br\/wp-content\/uploads\/2025\/09\/c9609275-49c9-48fa-8893-aee3d5bc48fc.jpg 1536w, https:\/\/mlbfrsat7ahr.i.optimole.com\/w:1600\/h:1002\/q:mauto\/ig:avif\/https:\/\/noticiasnoface.com.br\/wp-content\/uploads\/2025\/09\/c9609275-49c9-48fa-8893-aee3d5bc48fc.jpg 1600w\" sizes=\"(max-width: 1000px) 100vw, 1000px\" \/><\/figure>\n\n\n\n<p>Na manh\u00e3 desta sexta-feira (26\/09), as bancadas do Plen\u00e1rio Dr. M\u00e1rio Medeiros, da C\u00e2mara de Parnamirim, foram ocupadas por idosos, durante a sess\u00e3o solene \u201cVereador Idoso Por Um Dia&#8221;. A solenidade, proposta pelo vereador Thiago Fernandes, \u00e9 realizada pela quinta vez e presta uma homenagem aos anci\u00e3os do munic\u00edpio pelo papel que esses representam na sociedade. Ao todo, 18 idosos assumiram os lugares dos parlamentares da Casa.<\/p>\n\n\n\n<p>\u201cEsta sess\u00e3o solene \u00e9 pensada para dar mais visibilidade aos nossos idosos e, por isso, nada mais justo e correto do que oportunizarmos que eles ocupem esse espa\u00e7o de vereador, representantes do povo\u201d, afirmou Thiago Fernandes, o qual ainda destacou a necessidade de respeito a pessoas da terceira idade, bem como de pol\u00edticas p\u00fablicas eficazes.<\/p>\n\n\n\n<p>A vereadora R\u00e1rika Bastos, vice-presidente da Casa Legislativa, foi quem presidiu a sess\u00e3o. Ela expressou sua felicidade em ver o Plen\u00e1rio ocupado por pessoas que ajudaram a construir a hist\u00f3ria de Parnamirim. \u201cGostaria de destacar que, pela primeira vez, esse espa\u00e7o est\u00e1 sendo ocupado, em sua maioria, por mulheres. Isso nos faz crer que ser\u00e1 realidade no futuro\u201d.<\/p>\n\n\n\n<p>*Vereador Idoso Por Um Dia *<br \/>No Brasil, o Dia do Idoso \u00e9 comemorado no dia 1\u00ba de outubro, data que marca o dia da promulga\u00e7\u00e3o do Estatuto do Idoso. No ano de 2003 em Parnamirim, o Dia Municipal do Idoso foi institu\u00eddo pela lei 2162\/2021, com propositura do vereador Thiago Fernandes. Em abril de 2025, o \u201cVereador Idoso Por Um Dia\u201d foi destaque nacional pela Uni\u00e3o de Vereadores do Brasil.<\/p>\n","protected":false},"excerpt":{"rendered":"<p>Na manh\u00e3 desta sexta-feira (26\/09), as bancadas do Plen\u00e1rio Dr. M\u00e1rio Medeiros, da C\u00e2mara de Parnamirim, foram ocupadas por idosos, [&hellip;]<\/p>\n","protected":false},"author":1,"featured_media":0,"comment_status":"closed","ping_status":"","sticky":false,"template":"","format":"image","meta":{"site-sidebar-layout":"default","site-content-layout":"","ast-site-content-layout":"default","site-content-style":"default","site-sidebar-style":"default","ast-global-header-display":"","ast-banner-title-visibility":"","ast-main-header-display":"","ast-hfb-above-header-display":"","ast-hfb-below-header-display":"","ast-hfb-mobile-header-display":"","site-post-title":"","ast-breadcrumbs-content":"","ast-featured-img":"","footer-sml-layout":"","ast-disable-related-posts":"","theme-transparent-header-meta":"","adv-header-id-meta":"","stick-header-meta":"","header-above-stick-meta":"","header-main-stick-meta":"","header-below-stick-meta":"","astra-migrate-meta-layouts":"default","ast-page-background-enabled":"default","ast-page-background-meta":{"desktop":{"background-color":"var(--ast-global-color-4)","background-image":"","background-repeat":"repeat","background-position":"center center","background-size":"auto","background-attachment":"scroll","background-type":"","background-media":"","overlay-type":"","overlay-color":"","overlay-opacity":"","overlay-gradient":""},"tablet":{"background-color":"","background-image":"","background-repeat":"repeat","background-position":"center center","background-size":"auto","background-attachment":"scroll","background-type":"","background-media":"","overlay-type":"","overlay-color":"","overlay-opacity":"","overlay-gradient":""},"mobile":{"background-color":"","background-image":"","background-repeat":"repeat","background-position":"center center","background-size":"auto","background-attachment":"scroll","background-type":"","background-media":"","overlay-type":"","overlay-color":"","overlay-opacity":"","overlay-gradient":""}},"ast-content-background-meta":{"desktop":{"background-color":"var(--ast-global-color-5)","background-image":"","background-repeat":"repeat","background-position":"center center","background-size":"auto","background-attachment":"scroll","background-type":"","background-media":"","overlay-type":"","overlay-color":"","overlay-opacity":"","overlay-gradient":""},"tablet":{"background-color":"var(--ast-global-color-5)","background-image":"","background-repeat":"repeat","background-position":"center center","background-size":"auto","background-attachment":"scroll","background-type":"","background-media":"","overlay-type":"","overlay-color":"","overlay-opacity":"","overlay-gradient":""},"mobile":{"background-color":"var(--ast-global-color-5)","background-image":"","background-repeat":"repeat","background-position":"center center","background-size":"auto","background-attachment":"scroll","background-type":"","background-media":"","overlay-type":"","overlay-color":"","overlay-opacity":"","overlay-gradient":""}},"footnotes":""},"categories":[3817],"tags":[],"class_list":["post-29786","post","type-post","status-publish","format-image","hentry","category-camara-municipal-de-parnamirim","post_format-post-format-image"],"_links":{"self":[{"href":"https:\/\/noticiasnoface.com.br\/index.php\/wp-json\/wp\/v2\/posts\/29786","targetHints":{"allow":["GET"]}}],"collection":[{"href":"https:\/\/noticiasnoface.com.br\/index.php\/wp-json\/wp\/v2\/posts"}],"about":[{"href":"https:\/\/noticiasnoface.com.br\/index.php\/wp-json\/wp\/v2\/types\/post"}],"author":[{"embeddable":true,"href":"https:\/\/noticiasnoface.com.br\/index.php\/wp-json\/wp\/v2\/users\/1"}],"replies":[{"embeddable":true,"href":"https:\/\/noticiasnoface.com.br\/index.php\/wp-json\/wp\/v2\/comments?post=29786"}],"version-history":[{"count":1,"href":"https:\/\/noticiasnoface.com.br\/index.php\/wp-json\/wp\/v2\/posts\/29786\/revisions"}],"predecessor-version":[{"id":29787,"href":"https:\/\/noticiasnoface.com.br\/index.php\/wp-json\/wp\/v2\/posts\/29786\/revisions\/29787"}],"wp:attachment":[{"href":"https:\/\/noticiasnoface.com.br\/index.php\/wp-json\/wp\/v2\/media?parent=29786"}],"wp:term":[{"taxonomy":"category","embeddable":true,"href":"https:\/\/noticiasnoface.com.br\/index.php\/wp-json\/wp\/v2\/categories?post=29786"},{"taxonomy":"post_tag","embeddable":true,"href":"https:\/\/noticiasnoface.com.br\/index.php\/wp-json\/wp\/v2\/tags?post=29786"}],"curies":[{"name":"wp","href":"https:\/\/api.w.org\/{rel}","templated":true}]}}