{"id":29793,"date":"2025-09-27T21:07:16","date_gmt":"2025-09-28T00:07:16","guid":{"rendered":"https:\/\/noticiasnoface.com.br\/?p=29793"},"modified":"2025-09-27T21:07:16","modified_gmt":"2025-09-28T00:07:16","slug":"governo-do-rn-preve-conclusao-da-nova-sede-do-12o-bpm-em-mossoro-ate-final-do-ano","status":"publish","type":"post","link":"https:\/\/noticiasnoface.com.br\/index.php\/2025\/09\/27\/governo-do-rn-preve-conclusao-da-nova-sede-do-12o-bpm-em-mossoro-ate-final-do-ano\/","title":{"rendered":"Governo do RN prev\u00ea conclus\u00e3o da nova sede do 12\u00ba BPM em Mossor\u00f3 at\u00e9 final do ano"},"content":{"rendered":"\n<figure class=\"wp-block-image\"><img data-opt-id=595637813  fetchpriority=\"high\" decoding=\"async\" src=\"https:\/\/www.bnewsnatal.com.br\/media\/_versions\/2025\/09\/whatsapp-image-2025-09-27-at-193029_ie194934889_widemd.jpg\" alt=\"O investimento foi de quase R$ 2,5 milh\u00f5es - Divulga\u00e7\u00e3o\"\/><figcaption class=\"wp-element-caption\">A nova sede do 12\u00ba BPM em Mossor\u00f3 est\u00e1 quase pronta, com 94% das obras conclu\u00eddas&nbsp;&nbsp;|&nbsp;&nbsp;&nbsp;O investimento foi de quase R$ 2,5 milh\u00f5es &#8211; Divulga\u00e7\u00e3o<\/figcaption><\/figure>\n\n\n\n<p>As obras de constru\u00e7\u00e3o da nova sede do 12\u00ba Batalh\u00e3o da Pol\u00edcia Militar (12\u00ba BPM), em Mossor\u00f3, j\u00e1 atingiram 94% de execu\u00e7\u00e3o da edifica\u00e7\u00e3o e devem ser conclu\u00eddas at\u00e9 dezembro de 2025. A governadora F\u00e1tima Bezerra visitou o canteiro neste s\u00e1bado (27), acompanhada do secret\u00e1rio de Estado da Seguran\u00e7a P\u00fablica e da Defesa Social, coronel Francisco Canind\u00e9 de Ara\u00fajo Silva, e do comandante da&nbsp;<a href=\"https:\/\/www.pm.rn.gov.br\/\" rel=\"noreferrer noopener\" target=\"_blank\">Pol\u00edcia Militar do RN<\/a>, coronel Alarico Azevedo.<\/p>\n\n\n\n<p>A chefe do Executivo destacou que a obra representa um legado de fortalecimento da seguran\u00e7a p\u00fablica para a regi\u00e3o Oeste. \u201c \u201cEstamos falando de investimentos concretos que significam valoriza\u00e7\u00e3o da Pol\u00edcia Militar e mais prote\u00e7\u00e3o para o povo de Mossor\u00f3 e regi\u00e3o. \u00c9 uma conquista que deixa legado para a seguran\u00e7a p\u00fablica do interior, assegurando melhores condi\u00e7\u00f5es de trabalho e proximidade com a comunidade\u201d, destacou F\u00e1tima Bezerra.<\/p>\n\n\n\n<p><\/p>\n","protected":false},"excerpt":{"rendered":"<p>As obras de constru\u00e7\u00e3o da nova sede do 12\u00ba Batalh\u00e3o da Pol\u00edcia Militar (12\u00ba BPM), em Mossor\u00f3, j\u00e1 atingiram 94% [&hellip;]<\/p>\n","protected":false},"author":1,"featured_media":0,"comment_status":"closed","ping_status":"","sticky":false,"template":"","format":"image","meta":{"site-sidebar-layout":"default","site-content-layout":"","ast-site-content-layout":"default","site-content-style":"default","site-sidebar-style":"default","ast-global-header-display":"","ast-banner-title-visibility":"","ast-main-header-display":"","ast-hfb-above-header-display":"","ast-hfb-below-header-display":"","ast-hfb-mobile-header-display":"","site-post-title":"","ast-breadcrumbs-content":"","ast-featured-img":"","footer-sml-layout":"","ast-disable-related-posts":"","theme-transparent-header-meta":"","adv-header-id-meta":"","stick-header-meta":"","header-above-stick-meta":"","header-main-stick-meta":"","header-below-stick-meta":"","astra-migrate-meta-layouts":"default","ast-page-background-enabled":"default","ast-page-background-meta":{"desktop":{"background-color":"var(--ast-global-color-4)","background-image":"","background-repeat":"repeat","background-position":"center center","background-size":"auto","background-attachment":"scroll","background-type":"","background-media":"","overlay-type":"","overlay-color":"","overlay-opacity":"","overlay-gradient":""},"tablet":{"background-color":"","background-image":"","background-repeat":"repeat","background-position":"center center","background-size":"auto","background-attachment":"scroll","background-type":"","background-media":"","overlay-type":"","overlay-color":"","overlay-opacity":"","overlay-gradient":""},"mobile":{"background-color":"","background-image":"","background-repeat":"repeat","background-position":"center center","background-size":"auto","background-attachment":"scroll","background-type":"","background-media":"","overlay-type":"","overlay-color":"","overlay-opacity":"","overlay-gradient":""}},"ast-content-background-meta":{"desktop":{"background-color":"var(--ast-global-color-5)","background-image":"","background-repeat":"repeat","background-position":"center center","background-size":"auto","background-attachment":"scroll","background-type":"","background-media":"","overlay-type":"","overlay-color":"","overlay-opacity":"","overlay-gradient":""},"tablet":{"background-color":"var(--ast-global-color-5)","background-image":"","background-repeat":"repeat","background-position":"center center","background-size":"auto","background-attachment":"scroll","background-type":"","background-media":"","overlay-type":"","overlay-color":"","overlay-opacity":"","overlay-gradient":""},"mobile":{"background-color":"var(--ast-global-color-5)","background-image":"","background-repeat":"repeat","background-position":"center center","background-size":"auto","background-attachment":"scroll","background-type":"","background-media":"","overlay-type":"","overlay-color":"","overlay-opacity":"","overlay-gradient":""}},"footnotes":""},"categories":[517],"tags":[],"class_list":["post-29793","post","type-post","status-publish","format-image","hentry","category-aconteceu","post_format-post-format-image"],"_links":{"self":[{"href":"https:\/\/noticiasnoface.com.br\/index.php\/wp-json\/wp\/v2\/posts\/29793","targetHints":{"allow":["GET"]}}],"collection":[{"href":"https:\/\/noticiasnoface.com.br\/index.php\/wp-json\/wp\/v2\/posts"}],"about":[{"href":"https:\/\/noticiasnoface.com.br\/index.php\/wp-json\/wp\/v2\/types\/post"}],"author":[{"embeddable":true,"href":"https:\/\/noticiasnoface.com.br\/index.php\/wp-json\/wp\/v2\/users\/1"}],"replies":[{"embeddable":true,"href":"https:\/\/noticiasnoface.com.br\/index.php\/wp-json\/wp\/v2\/comments?post=29793"}],"version-history":[{"count":1,"href":"https:\/\/noticiasnoface.com.br\/index.php\/wp-json\/wp\/v2\/posts\/29793\/revisions"}],"predecessor-version":[{"id":29794,"href":"https:\/\/noticiasnoface.com.br\/index.php\/wp-json\/wp\/v2\/posts\/29793\/revisions\/29794"}],"wp:attachment":[{"href":"https:\/\/noticiasnoface.com.br\/index.php\/wp-json\/wp\/v2\/media?parent=29793"}],"wp:term":[{"taxonomy":"category","embeddable":true,"href":"https:\/\/noticiasnoface.com.br\/index.php\/wp-json\/wp\/v2\/categories?post=29793"},{"taxonomy":"post_tag","embeddable":true,"href":"https:\/\/noticiasnoface.com.br\/index.php\/wp-json\/wp\/v2\/tags?post=29793"}],"curies":[{"name":"wp","href":"https:\/\/api.w.org\/{rel}","templated":true}]}}