{"id":29795,"date":"2025-09-27T21:08:03","date_gmt":"2025-09-28T00:08:03","guid":{"rendered":"https:\/\/noticiasnoface.com.br\/?p=29795"},"modified":"2025-09-27T21:08:03","modified_gmt":"2025-09-28T00:08:03","slug":"saiba-o-estado-de-saude-de-gracyane-barbosa-apos-lesao-no-danca-dos-famosos","status":"publish","type":"post","link":"https:\/\/noticiasnoface.com.br\/index.php\/2025\/09\/27\/saiba-o-estado-de-saude-de-gracyane-barbosa-apos-lesao-no-danca-dos-famosos\/","title":{"rendered":"Saiba o estado de sa\u00fade de Gracyane Barbosa ap\u00f3s les\u00e3o no &#8220;Dan\u00e7a dos Famosos&#8221;"},"content":{"rendered":"\n<figure class=\"wp-block-image\"><img data-opt-id=1508010977  fetchpriority=\"high\" decoding=\"async\" src=\"https:\/\/www.bnewsnatal.com.br\/media\/_versions\/2025\/09\/aa1nmv9q_29132921252_widemd.jpg\" alt=\"A dan\u00e7arina Gracyanne Barbosa confirmou que precisar\u00e1 passar por cirurgia - Reprodu\u00e7\u00e3o\"\/><figcaption class=\"wp-element-caption\">A les\u00e3o no tend\u00e3o de Gracyanne Barbosa pode exigir uma recupera\u00e7\u00e3o longa&nbsp;&nbsp;|&nbsp;&nbsp;&nbsp;<img data-opt-id=807641849  fetchpriority=\"high\" decoding=\"async\" src=\"https:\/\/www.bnewsnatal.com.br\/static\/img\/camera_icon.svg\" width=\"17\" height=\"17\" alt=\"BNews Natal - Divulga\u00e7\u00e3o\" class=\"reader-image-tiny\">&nbsp;A dan\u00e7arina Gracyanne Barbosa confirmou que precisar\u00e1 passar por cirurgia &#8211; Reprodu\u00e7\u00e3o<\/figcaption><\/figure>\n\n\n\n<p>A dan\u00e7arina e influenciadora<a href=\"https:\/\/www.instagram.com\/graoficial\/?hl=pt-br\" rel=\"noreferrer noopener\" target=\"_blank\">&nbsp;Gracyanne Barbosa<\/a>revelou que precisar\u00e1 passar por cirurgia ap\u00f3s sofrer uma les\u00e3o grave no tend\u00e3o durante as grava\u00e7\u00f5es do quadro &#8220;Dan\u00e7a dos Famosos&#8221;, exibido no Doming\u00e3o com Huck, na TV Globo.<\/p>\n\n\n\n<p>A informa\u00e7\u00e3o foi confirmada pela pr\u00f3pria artista em entrevista ao portal Leo Dias. Segundo Gracyanne, o problema se agravou com a perda acelerada de peso nas \u00faltimas semanas.<\/p>\n\n\n\n<p><\/p>\n","protected":false},"excerpt":{"rendered":"<p>A dan\u00e7arina e influenciadora&nbsp;Gracyanne Barbosarevelou que precisar\u00e1 passar por cirurgia ap\u00f3s sofrer uma les\u00e3o grave no tend\u00e3o durante as grava\u00e7\u00f5es [&hellip;]<\/p>\n","protected":false},"author":1,"featured_media":0,"comment_status":"closed","ping_status":"","sticky":false,"template":"","format":"image","meta":{"site-sidebar-layout":"default","site-content-layout":"","ast-site-content-layout":"default","site-content-style":"default","site-sidebar-style":"default","ast-global-header-display":"","ast-banner-title-visibility":"","ast-main-header-display":"","ast-hfb-above-header-display":"","ast-hfb-below-header-display":"","ast-hfb-mobile-header-display":"","site-post-title":"","ast-breadcrumbs-content":"","ast-featured-img":"","footer-sml-layout":"","ast-disable-related-posts":"","theme-transparent-header-meta":"","adv-header-id-meta":"","stick-header-meta":"","header-above-stick-meta":"","header-main-stick-meta":"","header-below-stick-meta":"","astra-migrate-meta-layouts":"default","ast-page-background-enabled":"default","ast-page-background-meta":{"desktop":{"background-color":"var(--ast-global-color-4)","background-image":"","background-repeat":"repeat","background-position":"center center","background-size":"auto","background-attachment":"scroll","background-type":"","background-media":"","overlay-type":"","overlay-color":"","overlay-opacity":"","overlay-gradient":""},"tablet":{"background-color":"","background-image":"","background-repeat":"repeat","background-position":"center center","background-size":"auto","background-attachment":"scroll","background-type":"","background-media":"","overlay-type":"","overlay-color":"","overlay-opacity":"","overlay-gradient":""},"mobile":{"background-color":"","background-image":"","background-repeat":"repeat","background-position":"center center","background-size":"auto","background-attachment":"scroll","background-type":"","background-media":"","overlay-type":"","overlay-color":"","overlay-opacity":"","overlay-gradient":""}},"ast-content-background-meta":{"desktop":{"background-color":"var(--ast-global-color-5)","background-image":"","background-repeat":"repeat","background-position":"center center","background-size":"auto","background-attachment":"scroll","background-type":"","background-media":"","overlay-type":"","overlay-color":"","overlay-opacity":"","overlay-gradient":""},"tablet":{"background-color":"var(--ast-global-color-5)","background-image":"","background-repeat":"repeat","background-position":"center center","background-size":"auto","background-attachment":"scroll","background-type":"","background-media":"","overlay-type":"","overlay-color":"","overlay-opacity":"","overlay-gradient":""},"mobile":{"background-color":"var(--ast-global-color-5)","background-image":"","background-repeat":"repeat","background-position":"center center","background-size":"auto","background-attachment":"scroll","background-type":"","background-media":"","overlay-type":"","overlay-color":"","overlay-opacity":"","overlay-gradient":""}},"footnotes":""},"categories":[517],"tags":[],"class_list":["post-29795","post","type-post","status-publish","format-image","hentry","category-aconteceu","post_format-post-format-image"],"_links":{"self":[{"href":"https:\/\/noticiasnoface.com.br\/index.php\/wp-json\/wp\/v2\/posts\/29795","targetHints":{"allow":["GET"]}}],"collection":[{"href":"https:\/\/noticiasnoface.com.br\/index.php\/wp-json\/wp\/v2\/posts"}],"about":[{"href":"https:\/\/noticiasnoface.com.br\/index.php\/wp-json\/wp\/v2\/types\/post"}],"author":[{"embeddable":true,"href":"https:\/\/noticiasnoface.com.br\/index.php\/wp-json\/wp\/v2\/users\/1"}],"replies":[{"embeddable":true,"href":"https:\/\/noticiasnoface.com.br\/index.php\/wp-json\/wp\/v2\/comments?post=29795"}],"version-history":[{"count":1,"href":"https:\/\/noticiasnoface.com.br\/index.php\/wp-json\/wp\/v2\/posts\/29795\/revisions"}],"predecessor-version":[{"id":29796,"href":"https:\/\/noticiasnoface.com.br\/index.php\/wp-json\/wp\/v2\/posts\/29795\/revisions\/29796"}],"wp:attachment":[{"href":"https:\/\/noticiasnoface.com.br\/index.php\/wp-json\/wp\/v2\/media?parent=29795"}],"wp:term":[{"taxonomy":"category","embeddable":true,"href":"https:\/\/noticiasnoface.com.br\/index.php\/wp-json\/wp\/v2\/categories?post=29795"},{"taxonomy":"post_tag","embeddable":true,"href":"https:\/\/noticiasnoface.com.br\/index.php\/wp-json\/wp\/v2\/tags?post=29795"}],"curies":[{"name":"wp","href":"https:\/\/api.w.org\/{rel}","templated":true}]}}