{"id":29807,"date":"2025-09-28T19:01:11","date_gmt":"2025-09-28T22:01:11","guid":{"rendered":"https:\/\/noticiasnoface.com.br\/?p=29807"},"modified":"2025-09-28T19:01:11","modified_gmt":"2025-09-28T22:01:11","slug":"prefeitura-de-sp-pede-para-justica-barrar-renovacao-antecipada-com-a-enel","status":"publish","type":"post","link":"https:\/\/noticiasnoface.com.br\/index.php\/2025\/09\/28\/prefeitura-de-sp-pede-para-justica-barrar-renovacao-antecipada-com-a-enel\/","title":{"rendered":"Prefeitura de SP pede para Justi\u00e7a barrar renova\u00e7\u00e3o antecipada com a Enel"},"content":{"rendered":"\n<h2 class=\"wp-block-heading subhead\">Na a\u00e7\u00e3o, gest\u00e3o municipal cita casos de falta de energia ocasionados pelas chuvas da \u00faltima semana; contrato do governo Federal com a empresa vai at\u00e9 2028<\/h2>\n\n\n\n<p>28\/09\/25 \u00e0s 18:48&nbsp;|&nbsp;Atualizado&nbsp;28\/09\/25 \u00e0s 18:48<\/p>\n\n\n\n<figure class=\"wp-block-image\"><img data-opt-id=580769580  fetchpriority=\"high\" decoding=\"async\" src=\"https:\/\/admin.cnnbrasil.com.br\/wp-content\/uploads\/sites\/12\/2024\/10\/FTA20241014019-e1730642553333.jpg?w=419&amp;h=283&amp;crop=0\" alt=\"\"\/><figcaption class=\"wp-element-caption\">Enel SP&nbsp; \u2022&nbsp;Aloisio Mauricio\/FotoArena\/Estad\u00e3o Conte\u00fado<\/figcaption><\/figure>\n\n\n\n<p>A&nbsp;<strong>Prefeitura de S\u00e3o Paulo fez uma peti\u00e7\u00e3o \u00e0 Justi\u00e7a Federal para impedir a renova\u00e7\u00e3o antecipada da concess\u00e3o do servi\u00e7o de energia el\u00e9trica na capital paulista.<\/strong>&nbsp;A A\u00e7\u00e3o Civil P\u00fablica, feita pela PGM (Procuradoria Geral do Munic\u00edpio),&nbsp;<strong>mira a Enel, o governo federal e a Aneel (Ag\u00eancia Nacional de Energia El\u00e9trica).<\/strong><\/p>\n\n\n\n<p>Como justificativa para o pedido a prefeitura cita os transtornos causados pelas chuvas da \u00faltima semana. Na segunda-feira (22),&nbsp;<a href=\"https:\/\/www.cnnbrasil.com.br\/nacional\/sudeste\/sp\/dia-vira-noite-em-sp-com-tempestade-e-ventos-de-quase-100km-h-veja-estrago\/\" target=\"_blank\" rel=\"noreferrer noopener\">um temporal atingiu a cidade de S\u00e3o Paulo, com ventos de quase 100km\/H<\/a>&nbsp;e mais de 600 chamados para quedas de \u00e1rvores, de acordo com o Corpo de Bombeiros. Por conta da chuva, moradores de diferentes regi\u00f5es da capital, e tamb\u00e9m da Grande S\u00e3o Paulo, ficaram horas sem energia el\u00e9trica.<\/p>\n\n\n\n<p>Em nota, a prefeitura tamb\u00e9m falou sobre a demora da Enel para desligar a rede de energia el\u00e9trica para que fossem realizados os trabalhos de retirada das \u00e1rvores ca\u00eddas sobre fia\u00e7\u00e3o. &#8220;A PGM destaca que no mais recente epis\u00f3dio de chuvas fortes, na semana passada, os tempos de espera para o desligamento da rede el\u00e9trica para o servi\u00e7o de poda e remo\u00e7\u00e3o de \u00e1rvores variaram de 3 horas a mais de 44 horas em diversos pontos da capital&#8221;, diz a gest\u00e3o municipal.<\/p>\n\n\n\n<p>&#8220;Esses atrasos prejudicaram os trabalhos de retirada de \u00e1rvores e galhos ca\u00eddos que obstru\u00edam vias e comprometiam a seguran\u00e7a, demonstrando a aus\u00eancia de atua\u00e7\u00e3o diligente da ENEL&#8221;, afirmou a prefeitura.<\/p>\n\n\n\n<p>Segundo a prefeitura, o munic\u00edpio move essa a\u00e7\u00e3o desde agosto. O contrato entre o governo federal e a empresa italiana vai at\u00e9 2028, no entanto, de acordo com a prefeitura, a Aneel j\u00e1 sinalizou que pretende prorrogar por mais 30 anos a concess\u00e3o, antes mesmo do t\u00e9rmino do v\u00ednculo atual.<\/p>\n\n\n\n<p><\/p>\n","protected":false},"excerpt":{"rendered":"<p>Na a\u00e7\u00e3o, gest\u00e3o municipal cita casos de falta de energia ocasionados pelas chuvas da \u00faltima semana; contrato do governo Federal [&hellip;]<\/p>\n","protected":false},"author":1,"featured_media":0,"comment_status":"closed","ping_status":"","sticky":false,"template":"","format":"image","meta":{"site-sidebar-layout":"default","site-content-layout":"","ast-site-content-layout":"default","site-content-style":"default","site-sidebar-style":"default","ast-global-header-display":"","ast-banner-title-visibility":"","ast-main-header-display":"","ast-hfb-above-header-display":"","ast-hfb-below-header-display":"","ast-hfb-mobile-header-display":"","site-post-title":"","ast-breadcrumbs-content":"","ast-featured-img":"","footer-sml-layout":"","ast-disable-related-posts":"","theme-transparent-header-meta":"","adv-header-id-meta":"","stick-header-meta":"","header-above-stick-meta":"","header-main-stick-meta":"","header-below-stick-meta":"","astra-migrate-meta-layouts":"default","ast-page-background-enabled":"default","ast-page-background-meta":{"desktop":{"background-color":"var(--ast-global-color-4)","background-image":"","background-repeat":"repeat","background-position":"center center","background-size":"auto","background-attachment":"scroll","background-type":"","background-media":"","overlay-type":"","overlay-color":"","overlay-opacity":"","overlay-gradient":""},"tablet":{"background-color":"","background-image":"","background-repeat":"repeat","background-position":"center center","background-size":"auto","background-attachment":"scroll","background-type":"","background-media":"","overlay-type":"","overlay-color":"","overlay-opacity":"","overlay-gradient":""},"mobile":{"background-color":"","background-image":"","background-repeat":"repeat","background-position":"center center","background-size":"auto","background-attachment":"scroll","background-type":"","background-media":"","overlay-type":"","overlay-color":"","overlay-opacity":"","overlay-gradient":""}},"ast-content-background-meta":{"desktop":{"background-color":"var(--ast-global-color-5)","background-image":"","background-repeat":"repeat","background-position":"center center","background-size":"auto","background-attachment":"scroll","background-type":"","background-media":"","overlay-type":"","overlay-color":"","overlay-opacity":"","overlay-gradient":""},"tablet":{"background-color":"var(--ast-global-color-5)","background-image":"","background-repeat":"repeat","background-position":"center center","background-size":"auto","background-attachment":"scroll","background-type":"","background-media":"","overlay-type":"","overlay-color":"","overlay-opacity":"","overlay-gradient":""},"mobile":{"background-color":"var(--ast-global-color-5)","background-image":"","background-repeat":"repeat","background-position":"center center","background-size":"auto","background-attachment":"scroll","background-type":"","background-media":"","overlay-type":"","overlay-color":"","overlay-opacity":"","overlay-gradient":""}},"footnotes":""},"categories":[517],"tags":[],"class_list":["post-29807","post","type-post","status-publish","format-image","hentry","category-aconteceu","post_format-post-format-image"],"_links":{"self":[{"href":"https:\/\/noticiasnoface.com.br\/index.php\/wp-json\/wp\/v2\/posts\/29807","targetHints":{"allow":["GET"]}}],"collection":[{"href":"https:\/\/noticiasnoface.com.br\/index.php\/wp-json\/wp\/v2\/posts"}],"about":[{"href":"https:\/\/noticiasnoface.com.br\/index.php\/wp-json\/wp\/v2\/types\/post"}],"author":[{"embeddable":true,"href":"https:\/\/noticiasnoface.com.br\/index.php\/wp-json\/wp\/v2\/users\/1"}],"replies":[{"embeddable":true,"href":"https:\/\/noticiasnoface.com.br\/index.php\/wp-json\/wp\/v2\/comments?post=29807"}],"version-history":[{"count":1,"href":"https:\/\/noticiasnoface.com.br\/index.php\/wp-json\/wp\/v2\/posts\/29807\/revisions"}],"predecessor-version":[{"id":29808,"href":"https:\/\/noticiasnoface.com.br\/index.php\/wp-json\/wp\/v2\/posts\/29807\/revisions\/29808"}],"wp:attachment":[{"href":"https:\/\/noticiasnoface.com.br\/index.php\/wp-json\/wp\/v2\/media?parent=29807"}],"wp:term":[{"taxonomy":"category","embeddable":true,"href":"https:\/\/noticiasnoface.com.br\/index.php\/wp-json\/wp\/v2\/categories?post=29807"},{"taxonomy":"post_tag","embeddable":true,"href":"https:\/\/noticiasnoface.com.br\/index.php\/wp-json\/wp\/v2\/tags?post=29807"}],"curies":[{"name":"wp","href":"https:\/\/api.w.org\/{rel}","templated":true}]}}