{"id":29811,"date":"2025-09-29T22:03:16","date_gmt":"2025-09-30T01:03:16","guid":{"rendered":"https:\/\/noticiasnoface.com.br\/?p=29811"},"modified":"2025-09-29T22:03:16","modified_gmt":"2025-09-30T01:03:16","slug":"lula-decide-vetar-mudanca-na-lei-da-ficha-limpa","status":"publish","type":"post","link":"https:\/\/noticiasnoface.com.br\/index.php\/2025\/09\/29\/lula-decide-vetar-mudanca-na-lei-da-ficha-limpa\/","title":{"rendered":"Lula decide vetar mudan\u00e7a na Lei da Ficha Limpa"},"content":{"rendered":"\n<h2 class=\"wp-block-heading subhead\">Projeto aprovado no Congresso reduziria tempo de puni\u00e7\u00e3o para pol\u00edticos cassados<\/h2>\n\n\n\n<p>29\/09\/25 \u00e0s 21:23&nbsp;|&nbsp;Atualizado&nbsp;29\/09\/25 \u00e0s 21:26<\/p>\n\n\n\n<figure class=\"wp-block-image\"><img data-opt-id=165189712  fetchpriority=\"high\" decoding=\"async\" src=\"https:\/\/admin.cnnbrasil.com.br\/wp-content\/uploads\/sites\/12\/2025\/09\/lula-rio-doce-mc_abr_26092025-13.jpg?w=419&amp;h=283&amp;crop=0\" alt=\"\"\/><figcaption class=\"wp-element-caption\">O presidente Luiz In\u00e1cio Lula da Silva&nbsp; \u2022&nbsp;Marcelo Camargo\/Ag\u00eancia Brasil<\/figcaption><\/figure>\n\n\n\n<p>O presidente<strong>&nbsp;Luiz In\u00e1cio Lula da Silva (PT)<\/strong>decidiu&nbsp;<strong>vetar<\/strong>, nesta segunda-feira (29), dois pontos do projeto aprovado pelo Congresso que alterava a&nbsp;<strong>Lei da Ficha Limpa.<\/strong>&nbsp;A decis\u00e3o ser\u00e1 publicada no Di\u00e1rio Oficial da Uni\u00e3o (DOU) desta ter\u00e7a-feira (30).<\/p>\n\n\n\n<p>A proposta foi aprovada no in\u00edcio de setembro e, na pr\u00e1tica, reduziria o tempo de puni\u00e7\u00e3o para pol\u00edticos cassados. Isso valeria para parlamentares (deputados, senadores, vereadores), governadores, prefeitos e seus vices.<\/p>\n\n\n\n<p>O texto previa<strong><a href=\"https:\/\/www.cnnbrasil.com.br\/politica\/entenda-a-lei-da-ficha-limpa-que-muda-prazos-para-inelegibilidade\/\" target=\"_blank\" rel=\"noreferrer noopener\">&nbsp;flexibilizar os prazos de inelegibilidade de pol\u00edticos condenados,<\/a><\/strong>permitindo que a contagem come\u00e7asse a partir da condena\u00e7\u00e3o em \u00f3rg\u00e3o colegiado e n\u00e3o depois do fim do mandato para o qual o pol\u00edtico foi eleito e deveria cumprir.<\/p>\n\n\n\n<p>A decis\u00e3o de Lula atendeu a recomenda\u00e7\u00f5es t\u00e9cnicas da Advocacia-Geral da Uni\u00e3o (AGU) e do Minist\u00e9rio da Justi\u00e7a, que avaliaram os dispositivos como inconstitucionais e prejudiciais ao combate \u00e0 corrup\u00e7\u00e3o. Os pareceres destacaram que a mudan\u00e7a fragilizaria conquistas da lei aprovada em 2010, considerada um marco no fortalecimento da \u00e9tica na pol\u00edtica.<\/p>\n","protected":false},"excerpt":{"rendered":"<p>Projeto aprovado no Congresso reduziria tempo de puni\u00e7\u00e3o para pol\u00edticos cassados 29\/09\/25 \u00e0s 21:23&nbsp;|&nbsp;Atualizado&nbsp;29\/09\/25 \u00e0s 21:26 O presidente&nbsp;Luiz In\u00e1cio Lula [&hellip;]<\/p>\n","protected":false},"author":1,"featured_media":0,"comment_status":"closed","ping_status":"","sticky":false,"template":"","format":"image","meta":{"site-sidebar-layout":"default","site-content-layout":"","ast-site-content-layout":"default","site-content-style":"default","site-sidebar-style":"default","ast-global-header-display":"","ast-banner-title-visibility":"","ast-main-header-display":"","ast-hfb-above-header-display":"","ast-hfb-below-header-display":"","ast-hfb-mobile-header-display":"","site-post-title":"","ast-breadcrumbs-content":"","ast-featured-img":"","footer-sml-layout":"","ast-disable-related-posts":"","theme-transparent-header-meta":"","adv-header-id-meta":"","stick-header-meta":"","header-above-stick-meta":"","header-main-stick-meta":"","header-below-stick-meta":"","astra-migrate-meta-layouts":"default","ast-page-background-enabled":"default","ast-page-background-meta":{"desktop":{"background-color":"var(--ast-global-color-4)","background-image":"","background-repeat":"repeat","background-position":"center center","background-size":"auto","background-attachment":"scroll","background-type":"","background-media":"","overlay-type":"","overlay-color":"","overlay-opacity":"","overlay-gradient":""},"tablet":{"background-color":"","background-image":"","background-repeat":"repeat","background-position":"center center","background-size":"auto","background-attachment":"scroll","background-type":"","background-media":"","overlay-type":"","overlay-color":"","overlay-opacity":"","overlay-gradient":""},"mobile":{"background-color":"","background-image":"","background-repeat":"repeat","background-position":"center center","background-size":"auto","background-attachment":"scroll","background-type":"","background-media":"","overlay-type":"","overlay-color":"","overlay-opacity":"","overlay-gradient":""}},"ast-content-background-meta":{"desktop":{"background-color":"var(--ast-global-color-5)","background-image":"","background-repeat":"repeat","background-position":"center center","background-size":"auto","background-attachment":"scroll","background-type":"","background-media":"","overlay-type":"","overlay-color":"","overlay-opacity":"","overlay-gradient":""},"tablet":{"background-color":"var(--ast-global-color-5)","background-image":"","background-repeat":"repeat","background-position":"center center","background-size":"auto","background-attachment":"scroll","background-type":"","background-media":"","overlay-type":"","overlay-color":"","overlay-opacity":"","overlay-gradient":""},"mobile":{"background-color":"var(--ast-global-color-5)","background-image":"","background-repeat":"repeat","background-position":"center center","background-size":"auto","background-attachment":"scroll","background-type":"","background-media":"","overlay-type":"","overlay-color":"","overlay-opacity":"","overlay-gradient":""}},"footnotes":""},"categories":[517],"tags":[],"class_list":["post-29811","post","type-post","status-publish","format-image","hentry","category-aconteceu","post_format-post-format-image"],"_links":{"self":[{"href":"https:\/\/noticiasnoface.com.br\/index.php\/wp-json\/wp\/v2\/posts\/29811","targetHints":{"allow":["GET"]}}],"collection":[{"href":"https:\/\/noticiasnoface.com.br\/index.php\/wp-json\/wp\/v2\/posts"}],"about":[{"href":"https:\/\/noticiasnoface.com.br\/index.php\/wp-json\/wp\/v2\/types\/post"}],"author":[{"embeddable":true,"href":"https:\/\/noticiasnoface.com.br\/index.php\/wp-json\/wp\/v2\/users\/1"}],"replies":[{"embeddable":true,"href":"https:\/\/noticiasnoface.com.br\/index.php\/wp-json\/wp\/v2\/comments?post=29811"}],"version-history":[{"count":1,"href":"https:\/\/noticiasnoface.com.br\/index.php\/wp-json\/wp\/v2\/posts\/29811\/revisions"}],"predecessor-version":[{"id":29812,"href":"https:\/\/noticiasnoface.com.br\/index.php\/wp-json\/wp\/v2\/posts\/29811\/revisions\/29812"}],"wp:attachment":[{"href":"https:\/\/noticiasnoface.com.br\/index.php\/wp-json\/wp\/v2\/media?parent=29811"}],"wp:term":[{"taxonomy":"category","embeddable":true,"href":"https:\/\/noticiasnoface.com.br\/index.php\/wp-json\/wp\/v2\/categories?post=29811"},{"taxonomy":"post_tag","embeddable":true,"href":"https:\/\/noticiasnoface.com.br\/index.php\/wp-json\/wp\/v2\/tags?post=29811"}],"curies":[{"name":"wp","href":"https:\/\/api.w.org\/{rel}","templated":true}]}}