{"id":29822,"date":"2025-09-29T22:08:13","date_gmt":"2025-09-30T01:08:13","guid":{"rendered":"https:\/\/noticiasnoface.com.br\/?p=29822"},"modified":"2025-09-29T22:08:13","modified_gmt":"2025-09-30T01:08:13","slug":"presidente-da-camara-eriko-jacome-e-prefeito-paulinho-freire-representam-natal-na-maior-feira-de-turismo-da-america-latina","status":"publish","type":"post","link":"https:\/\/noticiasnoface.com.br\/index.php\/2025\/09\/29\/presidente-da-camara-eriko-jacome-e-prefeito-paulinho-freire-representam-natal-na-maior-feira-de-turismo-da-america-latina\/","title":{"rendered":"Presidente da C\u00e2mara, Eriko J\u00e1come, e Prefeito Paulinho Freire representam Natal na maior feira de turismo da Am\u00e9rica Latina"},"content":{"rendered":"\n<figure class=\"wp-block-image size-large\"><img data-opt-id=748669779  fetchpriority=\"high\" decoding=\"async\" width=\"879\" height=\"1024\" src=\"https:\/\/mlbfrsat7ahr.i.optimole.com\/w:879\/h:1024\/q:mauto\/ig:avif\/https:\/\/noticiasnoface.com.br\/wp-content\/uploads\/2025\/09\/3ca45090-0a3e-4f6a-bf51-e3f1028cd93a.jpg\" class=\"wp-image-29821\" srcset=\"https:\/\/mlbfrsat7ahr.i.optimole.com\/w:879\/h:1024\/q:mauto\/ig:avif\/https:\/\/noticiasnoface.com.br\/wp-content\/uploads\/2025\/09\/3ca45090-0a3e-4f6a-bf51-e3f1028cd93a.jpg 879w, https:\/\/mlbfrsat7ahr.i.optimole.com\/w:258\/h:300\/q:mauto\/ig:avif\/https:\/\/noticiasnoface.com.br\/wp-content\/uploads\/2025\/09\/3ca45090-0a3e-4f6a-bf51-e3f1028cd93a.jpg 258w, https:\/\/mlbfrsat7ahr.i.optimole.com\/w:768\/h:895\/q:mauto\/ig:avif\/https:\/\/noticiasnoface.com.br\/wp-content\/uploads\/2025\/09\/3ca45090-0a3e-4f6a-bf51-e3f1028cd93a.jpg 768w, https:\/\/mlbfrsat7ahr.i.optimole.com\/w:927\/h:1080\/q:mauto\/ig:avif\/https:\/\/noticiasnoface.com.br\/wp-content\/uploads\/2025\/09\/3ca45090-0a3e-4f6a-bf51-e3f1028cd93a.jpg 1319w, https:\/\/mlbfrsat7ahr.i.optimole.com\/w:927\/h:1080\/q:mauto\/ig:avif\/https:\/\/noticiasnoface.com.br\/wp-content\/uploads\/2025\/09\/3ca45090-0a3e-4f6a-bf51-e3f1028cd93a.jpg 1717w\" sizes=\"(max-width: 879px) 100vw, 879px\" \/><\/figure>\n\n\n\n<p>O presidente da C\u00e2mara Municipal de Natal, Eriko J\u00e1come, e o prefeito Paulinho Freire est\u00e3o em Buenos Aires, Argentina, participando da Feira Internacional de Turismo da Am\u00e9rica Latina \u2013 FIT 2025, que acontece entre os dias 27 e 30 de setembro, no La Rural Convention &amp; Exhibition Center.<br>A comitiva conta ainda com a presen\u00e7a de deputados estaduais, do l\u00edder do governo na C\u00e2mara, vereador Aldo Clemente, da primeira-dama de Natal, Nina Souza, do secret\u00e1rio municipal de Turismo, Sankler Magalh\u00e3es, al\u00e9m de outras autoridades do Rio Grande do Norte.<\/p>\n\n\n\n<p>O objetivo da participa\u00e7\u00e3o \u00e9 fortalecer as a\u00e7\u00f5es de promo\u00e7\u00e3o e divulga\u00e7\u00e3o do turismo de Natal, considerado um dos principais pilares da economia potiguar. A FIT \u00e9 reconhecida como o maior ponto de encontro do setor tur\u00edstico na Am\u00e9rica Latina, reunindo empresas, governos e representantes institucionais de diversos pa\u00edses, sendo uma vitrine estrat\u00e9gica para a cria\u00e7\u00e3o de alian\u00e7as e novos neg\u00f3cios.<\/p>\n\n\n\n<p>\u201cO turismo \u00e9 a maior vitrine de Natal para o mundo. Cada turista que chega movimenta nossa economia, gera emprego, fortalece a cultura e impulsiona o com\u00e9rcio local. Estar presente na FIT \u00e9 muito mais do que participar de uma feira, \u00e9 abrir portas, criar conex\u00f5es e mostrar que Natal est\u00e1 preparada para ser protagonista no turismo internacional. Com os voos diretos entre Buenos Aires e Natal, estamos celebrando uma conquista hist\u00f3rica que vai aproximar ainda mais nossos povos e fortalecer o futuro da nossa cidade\u201d, destacou o presidente da C\u00e2mara, Eriko J\u00e1come.<\/p>\n\n\n\n<p>Um dos momentos mais aguardados do evento \u00e9 o lan\u00e7amento oficial dos voos diretos entre Natal e Buenos Aires pela companhia JetSmart, conquista que promete impulsionar ainda mais a chegada de turistas argentinos ao Rio Grande do Norte.<\/p>\n","protected":false},"excerpt":{"rendered":"<p>O presidente da C\u00e2mara Municipal de Natal, Eriko J\u00e1come, e o prefeito Paulinho Freire est\u00e3o em Buenos Aires, Argentina, participando [&hellip;]<\/p>\n","protected":false},"author":1,"featured_media":0,"comment_status":"closed","ping_status":"","sticky":false,"template":"","format":"image","meta":{"site-sidebar-layout":"default","site-content-layout":"","ast-site-content-layout":"default","site-content-style":"default","site-sidebar-style":"default","ast-global-header-display":"","ast-banner-title-visibility":"","ast-main-header-display":"","ast-hfb-above-header-display":"","ast-hfb-below-header-display":"","ast-hfb-mobile-header-display":"","site-post-title":"","ast-breadcrumbs-content":"","ast-featured-img":"","footer-sml-layout":"","ast-disable-related-posts":"","theme-transparent-header-meta":"","adv-header-id-meta":"","stick-header-meta":"","header-above-stick-meta":"","header-main-stick-meta":"","header-below-stick-meta":"","astra-migrate-meta-layouts":"default","ast-page-background-enabled":"default","ast-page-background-meta":{"desktop":{"background-color":"var(--ast-global-color-4)","background-image":"","background-repeat":"repeat","background-position":"center center","background-size":"auto","background-attachment":"scroll","background-type":"","background-media":"","overlay-type":"","overlay-color":"","overlay-opacity":"","overlay-gradient":""},"tablet":{"background-color":"","background-image":"","background-repeat":"repeat","background-position":"center center","background-size":"auto","background-attachment":"scroll","background-type":"","background-media":"","overlay-type":"","overlay-color":"","overlay-opacity":"","overlay-gradient":""},"mobile":{"background-color":"","background-image":"","background-repeat":"repeat","background-position":"center center","background-size":"auto","background-attachment":"scroll","background-type":"","background-media":"","overlay-type":"","overlay-color":"","overlay-opacity":"","overlay-gradient":""}},"ast-content-background-meta":{"desktop":{"background-color":"var(--ast-global-color-5)","background-image":"","background-repeat":"repeat","background-position":"center center","background-size":"auto","background-attachment":"scroll","background-type":"","background-media":"","overlay-type":"","overlay-color":"","overlay-opacity":"","overlay-gradient":""},"tablet":{"background-color":"var(--ast-global-color-5)","background-image":"","background-repeat":"repeat","background-position":"center center","background-size":"auto","background-attachment":"scroll","background-type":"","background-media":"","overlay-type":"","overlay-color":"","overlay-opacity":"","overlay-gradient":""},"mobile":{"background-color":"var(--ast-global-color-5)","background-image":"","background-repeat":"repeat","background-position":"center center","background-size":"auto","background-attachment":"scroll","background-type":"","background-media":"","overlay-type":"","overlay-color":"","overlay-opacity":"","overlay-gradient":""}},"footnotes":""},"categories":[3816],"tags":[],"class_list":["post-29822","post","type-post","status-publish","format-image","hentry","category-camara-municipal-de-natal","post_format-post-format-image"],"_links":{"self":[{"href":"https:\/\/noticiasnoface.com.br\/index.php\/wp-json\/wp\/v2\/posts\/29822","targetHints":{"allow":["GET"]}}],"collection":[{"href":"https:\/\/noticiasnoface.com.br\/index.php\/wp-json\/wp\/v2\/posts"}],"about":[{"href":"https:\/\/noticiasnoface.com.br\/index.php\/wp-json\/wp\/v2\/types\/post"}],"author":[{"embeddable":true,"href":"https:\/\/noticiasnoface.com.br\/index.php\/wp-json\/wp\/v2\/users\/1"}],"replies":[{"embeddable":true,"href":"https:\/\/noticiasnoface.com.br\/index.php\/wp-json\/wp\/v2\/comments?post=29822"}],"version-history":[{"count":1,"href":"https:\/\/noticiasnoface.com.br\/index.php\/wp-json\/wp\/v2\/posts\/29822\/revisions"}],"predecessor-version":[{"id":29823,"href":"https:\/\/noticiasnoface.com.br\/index.php\/wp-json\/wp\/v2\/posts\/29822\/revisions\/29823"}],"wp:attachment":[{"href":"https:\/\/noticiasnoface.com.br\/index.php\/wp-json\/wp\/v2\/media?parent=29822"}],"wp:term":[{"taxonomy":"category","embeddable":true,"href":"https:\/\/noticiasnoface.com.br\/index.php\/wp-json\/wp\/v2\/categories?post=29822"},{"taxonomy":"post_tag","embeddable":true,"href":"https:\/\/noticiasnoface.com.br\/index.php\/wp-json\/wp\/v2\/tags?post=29822"}],"curies":[{"name":"wp","href":"https:\/\/api.w.org\/{rel}","templated":true}]}}