{"id":3000,"date":"2022-01-22T11:08:19","date_gmt":"2022-01-22T14:08:19","guid":{"rendered":"https:\/\/noticiasnoface.com.br\/?p=3000"},"modified":"2022-01-22T11:08:20","modified_gmt":"2022-01-22T14:08:20","slug":"ifood-comeca-entregar-via-drones","status":"publish","type":"post","link":"https:\/\/noticiasnoface.com.br\/index.php\/2022\/01\/22\/ifood-comeca-entregar-via-drones\/","title":{"rendered":"Ifood come\u00e7a entregar via drones !"},"content":{"rendered":"\n<figure class=\"wp-block-image size-large\"><img data-opt-id=497995309  fetchpriority=\"high\" decoding=\"async\" width=\"1637\" height=\"1396\" src=\"https:\/\/mlbfrsat7ahr.i.optimole.com\/w:auto\/h:auto\/q:mauto\/ig:avif\/https:\/\/noticiasnoface.com.br\/wp-content\/uploads\/2022\/01\/image-18.jpg\" alt=\"\" class=\"wp-image-2999\" srcset=\"https:\/\/mlbfrsat7ahr.i.optimole.com\/w:1266\/h:1080\/q:mauto\/ig:avif\/https:\/\/noticiasnoface.com.br\/wp-content\/uploads\/2022\/01\/image-18.jpg 1637w, https:\/\/mlbfrsat7ahr.i.optimole.com\/w:300\/h:256\/q:mauto\/ig:avif\/https:\/\/noticiasnoface.com.br\/wp-content\/uploads\/2022\/01\/image-18.jpg 300w, https:\/\/mlbfrsat7ahr.i.optimole.com\/w:1024\/h:873\/q:mauto\/ig:avif\/https:\/\/noticiasnoface.com.br\/wp-content\/uploads\/2022\/01\/image-18.jpg 1024w, https:\/\/mlbfrsat7ahr.i.optimole.com\/w:768\/h:655\/q:mauto\/ig:avif\/https:\/\/noticiasnoface.com.br\/wp-content\/uploads\/2022\/01\/image-18.jpg 768w, https:\/\/mlbfrsat7ahr.i.optimole.com\/w:1266\/h:1080\/q:mauto\/ig:avif\/https:\/\/noticiasnoface.com.br\/wp-content\/uploads\/2022\/01\/image-18.jpg 1536w\" sizes=\"(max-width: 1000px) 100vw, 1000px\" \/><figcaption>A Ag\u00eancia Nacional de Avia\u00e7\u00e3o Civil (Anac) concedeu, nesta sexta-feira (21) a primeira autoriza\u00e7\u00e3o para entregas comerciais por drone no Brasil. A permiss\u00e3o foi obtida pela empresa Speedbird Aero, em parceria com o iFood, que agora poder\u00e1 realizar delivery de produtos em todo o territ\u00f3rio brasileiro.<br>Segundo a Ag\u00eancia, a autoriza\u00e7\u00e3o habilita o modelo DLV-1 NEO a operar comercialmente em rotas BVLOS (Beyond Visual Line of Sight, em ingl\u00eas), ou seja, al\u00e9m da linha de visada visual do piloto.<br>O drone poder\u00e1 realizar entregas com cargas de at\u00e9 2,5 kg em um raio de 3km, inclusive em ambientes urbanos, dentro das margens de seguran\u00e7a estabelecidas no projeto. A aeronave n\u00e3o tripulada n\u00e3o pode sobrevoar pessoas, respeitar alturas m\u00e1ximas e m\u00ednimas de opera\u00e7\u00e3o e as condi\u00e7\u00f5es meteorol\u00f3gicas.<br>\u201cA utiliza\u00e7\u00e3o de drones para entrega de mercadorias \u00e9 uma das mais esperadas aplica\u00e7\u00f5es da tecnologia. O Brasil est\u00e1 na vanguarda\u201d, destacou Roberto Jos\u00e9 Honorato, superintendente de Aeronavegabilidade da Ag\u00eancia.<\/figcaption><\/figure>\n","protected":false},"excerpt":{"rendered":"","protected":false},"author":1,"featured_media":0,"comment_status":"open","ping_status":"open","sticky":false,"template":"","format":"standard","meta":{"site-sidebar-layout":"default","site-content-layout":"","ast-site-content-layout":"default","site-content-style":"default","site-sidebar-style":"default","ast-global-header-display":"","ast-banner-title-visibility":"","ast-main-header-display":"","ast-hfb-above-header-display":"","ast-hfb-below-header-display":"","ast-hfb-mobile-header-display":"","site-post-title":"","ast-breadcrumbs-content":"","ast-featured-img":"","footer-sml-layout":"","ast-disable-related-posts":"","theme-transparent-header-meta":"","adv-header-id-meta":"","stick-header-meta":"","header-above-stick-meta":"","header-main-stick-meta":"","header-below-stick-meta":"","astra-migrate-meta-layouts":"default","ast-page-background-enabled":"default","ast-page-background-meta":{"desktop":{"background-color":"var(--ast-global-color-4)","background-image":"","background-repeat":"repeat","background-position":"center center","background-size":"auto","background-attachment":"scroll","background-type":"","background-media":"","overlay-type":"","overlay-color":"","overlay-opacity":"","overlay-gradient":""},"tablet":{"background-color":"","background-image":"","background-repeat":"repeat","background-position":"center center","background-size":"auto","background-attachment":"scroll","background-type":"","background-media":"","overlay-type":"","overlay-color":"","overlay-opacity":"","overlay-gradient":""},"mobile":{"background-color":"","background-image":"","background-repeat":"repeat","background-position":"center center","background-size":"auto","background-attachment":"scroll","background-type":"","background-media":"","overlay-type":"","overlay-color":"","overlay-opacity":"","overlay-gradient":""}},"ast-content-background-meta":{"desktop":{"background-color":"var(--ast-global-color-5)","background-image":"","background-repeat":"repeat","background-position":"center center","background-size":"auto","background-attachment":"scroll","background-type":"","background-media":"","overlay-type":"","overlay-color":"","overlay-opacity":"","overlay-gradient":""},"tablet":{"background-color":"var(--ast-global-color-5)","background-image":"","background-repeat":"repeat","background-position":"center center","background-size":"auto","background-attachment":"scroll","background-type":"","background-media":"","overlay-type":"","overlay-color":"","overlay-opacity":"","overlay-gradient":""},"mobile":{"background-color":"var(--ast-global-color-5)","background-image":"","background-repeat":"repeat","background-position":"center center","background-size":"auto","background-attachment":"scroll","background-type":"","background-media":"","overlay-type":"","overlay-color":"","overlay-opacity":"","overlay-gradient":""}},"footnotes":""},"categories":[165],"tags":[],"class_list":["post-3000","post","type-post","status-publish","format-standard","hentry","category-economia"],"_links":{"self":[{"href":"https:\/\/noticiasnoface.com.br\/index.php\/wp-json\/wp\/v2\/posts\/3000","targetHints":{"allow":["GET"]}}],"collection":[{"href":"https:\/\/noticiasnoface.com.br\/index.php\/wp-json\/wp\/v2\/posts"}],"about":[{"href":"https:\/\/noticiasnoface.com.br\/index.php\/wp-json\/wp\/v2\/types\/post"}],"author":[{"embeddable":true,"href":"https:\/\/noticiasnoface.com.br\/index.php\/wp-json\/wp\/v2\/users\/1"}],"replies":[{"embeddable":true,"href":"https:\/\/noticiasnoface.com.br\/index.php\/wp-json\/wp\/v2\/comments?post=3000"}],"version-history":[{"count":1,"href":"https:\/\/noticiasnoface.com.br\/index.php\/wp-json\/wp\/v2\/posts\/3000\/revisions"}],"predecessor-version":[{"id":3001,"href":"https:\/\/noticiasnoface.com.br\/index.php\/wp-json\/wp\/v2\/posts\/3000\/revisions\/3001"}],"wp:attachment":[{"href":"https:\/\/noticiasnoface.com.br\/index.php\/wp-json\/wp\/v2\/media?parent=3000"}],"wp:term":[{"taxonomy":"category","embeddable":true,"href":"https:\/\/noticiasnoface.com.br\/index.php\/wp-json\/wp\/v2\/categories?post=3000"},{"taxonomy":"post_tag","embeddable":true,"href":"https:\/\/noticiasnoface.com.br\/index.php\/wp-json\/wp\/v2\/tags?post=3000"}],"curies":[{"name":"wp","href":"https:\/\/api.w.org\/{rel}","templated":true}]}}