{"id":3007,"date":"2022-01-23T09:37:45","date_gmt":"2022-01-23T12:37:45","guid":{"rendered":"https:\/\/noticiasnoface.com.br\/?p=3007"},"modified":"2022-01-23T09:37:45","modified_gmt":"2022-01-23T12:37:45","slug":"4-lugares-lindos-para-viajar-gastando-pouco","status":"publish","type":"post","link":"https:\/\/noticiasnoface.com.br\/index.php\/2022\/01\/23\/4-lugares-lindos-para-viajar-gastando-pouco\/","title":{"rendered":"4 lugares lindos para viajar gastando pouco !"},"content":{"rendered":"\n<figure class=\"wp-block-image size-large\"><img data-opt-id=539038448  fetchpriority=\"high\" decoding=\"async\" width=\"747\" height=\"500\" src=\"https:\/\/mlbfrsat7ahr.i.optimole.com\/w:auto\/h:auto\/q:mauto\/ig:avif\/https:\/\/noticiasnoface.com.br\/wp-content\/uploads\/2022\/01\/img_5120.jpg\" alt=\"\" class=\"wp-image-3006\" srcset=\"https:\/\/mlbfrsat7ahr.i.optimole.com\/w:747\/h:500\/q:mauto\/ig:avif\/https:\/\/noticiasnoface.com.br\/wp-content\/uploads\/2022\/01\/img_5120.jpg 747w, https:\/\/mlbfrsat7ahr.i.optimole.com\/w:300\/h:201\/q:mauto\/ig:avif\/https:\/\/noticiasnoface.com.br\/wp-content\/uploads\/2022\/01\/img_5120.jpg 300w\" sizes=\"(max-width: 747px) 100vw, 747px\" \/><figcaption>Fortaleza \u2013 Cear\u00e1<br>Fortaleza \u00e9 a capital do estado do Cear\u00e1. A cidade mistura praias, passeios culturais e tradi\u00e7\u00f5es folcl\u00f3ricas. Al\u00e9m disso, se candidata ao t\u00edtulo de capital mais charmosa do Nordeste.<br>Entre as op\u00e7\u00f5es de programas culturais, temos o Theatro Jos\u00e9 de Alencar, constru\u00e7\u00e3o de 1910, a Catedral Metropolitana, o Mercado Central e o Centro Cultural Drag\u00e3o do Mar. <br>Para aqueles que gostam de \u00e1gua, podem apreciar as praias com fal\u00e9sias vermelhas, palmeiras, dunas e lagoas. As praias centrais de Iracema, Meireles e Mucuripe s\u00e3o indicadas para contemplar o p\u00f4r do sol. <\/figcaption><\/figure>\n\n\n\n<h3 class=\"wp-block-heading\">Foz do Igua\u00e7u \u2013 Paran\u00e1<\/h3>\n\n\n\n<p>Foz do Igua\u00e7u \u00e9 outra \u00f3tima op\u00e7\u00e3o de viagem em fam\u00edlia. Nessa cidade, localizada no estado do Paran\u00e1, regi\u00e3o Sul, d\u00e1 para visitar as Cataratas do Igua\u00e7u, conhecida por ser uma das maiores cachoeiras do mundo.<\/p>\n\n\n\n<p>Passeios famosos onde os turistas ficam encharcados s\u00e3o realizados em botes infl\u00e1veis e s\u00e3o uma forma de apreciar de perto essa beleza natural.&nbsp;<\/p>\n\n\n\n<p>Al\u00e9m disso, a cidade fica na fronteira com a Argentina e o Paraguai, ent\u00e3o, voc\u00ea pode visitar tr\u00eas pa\u00edses em uma \u00fanica viagem em fam\u00edlia. Esse fato \u00e9 um atrativo para aqueles que amam fazer compras. <\/p>\n\n\n\n<h3 class=\"wp-block-heading\">Ouro Preto \u2013 Minas Gerais<\/h3>\n\n\n\n<p>Ouro Preto \u00e9 uma cidade colonial que fica em Minas Gerais, na regi\u00e3o Sudeste do Brasil, e \u00e9 um \u00f3timo destino para viagem em fam\u00edlia. \u00c9 conhecida por sua arquitetura barroca, que inclui pontes, fontes e pra\u00e7as, e pelas ruas \u00edngremes e sinuosas.&nbsp;<\/p>\n\n\n\n<p>Existem v\u00e1rias igrejas e capelas espalhadas pela cidade, como a Igreja de S\u00e3o Francisco de Assis. Voc\u00ea pode fazer um tour visitando igrejas e museus e depois terminar seu dia aproveitando a famosa e gostosa comida mineira.&nbsp;<\/p>\n\n\n\n<p>Outro passeio que pode ser atrativo \u00e9 o de Maria-Fuma\u00e7a. O trajeto dura cerca de 30 minutos e voc\u00ea pode conhecer a cidade de Mariana, primeira capital de Minas e rica em cultura nacional. <\/p>\n\n\n\n<h3 class=\"wp-block-heading\">Caldas Novas \u2013 Goi\u00e1s<\/h3>\n\n\n\n<p>Caldas Novas \u00e9 uma cidade localizada no centro do Brasil, no estado de Goi\u00e1s. Conhecida pelos seus banhos termais, suas piscinas naturais e artificiais v\u00e3o de parques tem\u00e1ticos a spas. Essas nascentes foram descobertas no s\u00e9culo XVIII e at\u00e9 hoje atraem visitantes de todos os lugares do pa\u00eds.&nbsp;<\/p>\n\n\n\n<p>Entre os pontos de destaque, temos a Igreja de Nossa Senhora das Dores, que \u00e9 bem preservada desde o s\u00e9culo XIX; o Jardim Japon\u00eas, um parque paisag\u00edstico tranquilo; o lago artificial de Corumb\u00e1 e o Parque Estadual Serra de Caldas, que possui trilhas, quedas de \u00e1gua e diferentes tipos de aves. <\/p>\n","protected":false},"excerpt":{"rendered":"<p>Foz do Igua\u00e7u \u2013 Paran\u00e1 Foz do Igua\u00e7u \u00e9 outra \u00f3tima op\u00e7\u00e3o de viagem em fam\u00edlia. Nessa cidade, localizada no [&hellip;]<\/p>\n","protected":false},"author":1,"featured_media":0,"comment_status":"open","ping_status":"open","sticky":false,"template":"","format":"standard","meta":{"site-sidebar-layout":"default","site-content-layout":"","ast-site-content-layout":"default","site-content-style":"default","site-sidebar-style":"default","ast-global-header-display":"","ast-banner-title-visibility":"","ast-main-header-display":"","ast-hfb-above-header-display":"","ast-hfb-below-header-display":"","ast-hfb-mobile-header-display":"","site-post-title":"","ast-breadcrumbs-content":"","ast-featured-img":"","footer-sml-layout":"","ast-disable-related-posts":"","theme-transparent-header-meta":"","adv-header-id-meta":"","stick-header-meta":"","header-above-stick-meta":"","header-main-stick-meta":"","header-below-stick-meta":"","astra-migrate-meta-layouts":"default","ast-page-background-enabled":"default","ast-page-background-meta":{"desktop":{"background-color":"var(--ast-global-color-4)","background-image":"","background-repeat":"repeat","background-position":"center center","background-size":"auto","background-attachment":"scroll","background-type":"","background-media":"","overlay-type":"","overlay-color":"","overlay-opacity":"","overlay-gradient":""},"tablet":{"background-color":"","background-image":"","background-repeat":"repeat","background-position":"center center","background-size":"auto","background-attachment":"scroll","background-type":"","background-media":"","overlay-type":"","overlay-color":"","overlay-opacity":"","overlay-gradient":""},"mobile":{"background-color":"","background-image":"","background-repeat":"repeat","background-position":"center center","background-size":"auto","background-attachment":"scroll","background-type":"","background-media":"","overlay-type":"","overlay-color":"","overlay-opacity":"","overlay-gradient":""}},"ast-content-background-meta":{"desktop":{"background-color":"var(--ast-global-color-5)","background-image":"","background-repeat":"repeat","background-position":"center center","background-size":"auto","background-attachment":"scroll","background-type":"","background-media":"","overlay-type":"","overlay-color":"","overlay-opacity":"","overlay-gradient":""},"tablet":{"background-color":"var(--ast-global-color-5)","background-image":"","background-repeat":"repeat","background-position":"center center","background-size":"auto","background-attachment":"scroll","background-type":"","background-media":"","overlay-type":"","overlay-color":"","overlay-opacity":"","overlay-gradient":""},"mobile":{"background-color":"var(--ast-global-color-5)","background-image":"","background-repeat":"repeat","background-position":"center center","background-size":"auto","background-attachment":"scroll","background-type":"","background-media":"","overlay-type":"","overlay-color":"","overlay-opacity":"","overlay-gradient":""}},"footnotes":""},"categories":[517],"tags":[],"class_list":["post-3007","post","type-post","status-publish","format-standard","hentry","category-aconteceu"],"_links":{"self":[{"href":"https:\/\/noticiasnoface.com.br\/index.php\/wp-json\/wp\/v2\/posts\/3007","targetHints":{"allow":["GET"]}}],"collection":[{"href":"https:\/\/noticiasnoface.com.br\/index.php\/wp-json\/wp\/v2\/posts"}],"about":[{"href":"https:\/\/noticiasnoface.com.br\/index.php\/wp-json\/wp\/v2\/types\/post"}],"author":[{"embeddable":true,"href":"https:\/\/noticiasnoface.com.br\/index.php\/wp-json\/wp\/v2\/users\/1"}],"replies":[{"embeddable":true,"href":"https:\/\/noticiasnoface.com.br\/index.php\/wp-json\/wp\/v2\/comments?post=3007"}],"version-history":[{"count":1,"href":"https:\/\/noticiasnoface.com.br\/index.php\/wp-json\/wp\/v2\/posts\/3007\/revisions"}],"predecessor-version":[{"id":3008,"href":"https:\/\/noticiasnoface.com.br\/index.php\/wp-json\/wp\/v2\/posts\/3007\/revisions\/3008"}],"wp:attachment":[{"href":"https:\/\/noticiasnoface.com.br\/index.php\/wp-json\/wp\/v2\/media?parent=3007"}],"wp:term":[{"taxonomy":"category","embeddable":true,"href":"https:\/\/noticiasnoface.com.br\/index.php\/wp-json\/wp\/v2\/categories?post=3007"},{"taxonomy":"post_tag","embeddable":true,"href":"https:\/\/noticiasnoface.com.br\/index.php\/wp-json\/wp\/v2\/tags?post=3007"}],"curies":[{"name":"wp","href":"https:\/\/api.w.org\/{rel}","templated":true}]}}