{"id":30136,"date":"2025-10-27T21:32:46","date_gmt":"2025-10-28T00:32:46","guid":{"rendered":"https:\/\/noticiasnoface.com.br\/?p=30136"},"modified":"2025-10-27T21:32:46","modified_gmt":"2025-10-28T00:32:46","slug":"profissionais-da-odontologia-foram-homenageados-em-sessao-solene-na-camara","status":"publish","type":"post","link":"https:\/\/noticiasnoface.com.br\/index.php\/2025\/10\/27\/profissionais-da-odontologia-foram-homenageados-em-sessao-solene-na-camara\/","title":{"rendered":"Profissionais da odontologia foram homenageados em sess\u00e3o solene na C\u00e2mara"},"content":{"rendered":"\n<figure class=\"wp-block-image\"><img data-opt-id=1518728643  fetchpriority=\"high\" decoding=\"async\" src=\"https:\/\/camaraparnamirim.rn.gov.br\/storage\/media\/article_featured\/2025\/10\/8931\/IMG_1444.jpg\" alt=\"Profissionais da odontologia foram homenageados em sess\u00e3o solene na C\u00e2mara\"\/><\/figure>\n\n\n\n<p>Na noite desta sexta-feira (24), a C\u00e2mara Municipal realizou uma sess\u00e3o solene em homenagem aos profissionais da odontologia e aos t\u00e9cnicos em sa\u00fade bucal, em alus\u00e3o ao Dia do Dentista. A solenidade foi uma proposi\u00e7\u00e3o do vereador Diego Am\u00e9rico e teve como objetivo reconhecer e agradecer a dedica\u00e7\u00e3o desses profissionais, cujo trabalho vai muito al\u00e9m do cuidado com os dentes, abrangendo tamb\u00e9m a preven\u00e7\u00e3o de doen\u00e7as, o diagn\u00f3stico precoce e a promo\u00e7\u00e3o do bem-estar da popula\u00e7\u00e3o do munic\u00edpio.<\/p>\n\n\n\n<p>Durante a cerim\u00f4nia, Jane N\u00f3brega, presidente do Conselho Regional de Odontologia, representou os homenageados e destacou, em seu discurso, a import\u00e2ncia social da profiss\u00e3o. \u201cO C\u00f3digo de \u00c9tica da Odontologia estabelece que nossa atua\u00e7\u00e3o deve sempre ser em benef\u00edcio da sa\u00fade, da coletividade e do meio ambiente. O objetivo maior de toda aten\u00e7\u00e3o odontol\u00f3gica \u00e9 a sa\u00fade do ser humano\u201d, afirmou.<\/p>\n\n\n\n<p>O vereador propositor destacou a relev\u00e2ncia e o compromisso dos profissionais da \u00e1rea, enfatizando a import\u00e2ncia de sua atua\u00e7\u00e3o na promo\u00e7\u00e3o da sa\u00fade p\u00fablica e o merecido reconhecimento pelo empenho e pela luta constante em defesa dos seus direitos e da valoriza\u00e7\u00e3o da categoria.<\/p>\n\n\n\n<p>A sess\u00e3o foi marcada principalmente pelo reconhecimento p\u00fablico \u00e0queles que dedicam suas carreiras ao cuidado com a sa\u00fade bucal e \u00e0 melhoria da qualidade de vida da popula\u00e7\u00e3o.<\/p>\n","protected":false},"excerpt":{"rendered":"<p>Na noite desta sexta-feira (24), a C\u00e2mara Municipal realizou uma sess\u00e3o solene em homenagem aos profissionais da odontologia e aos [&hellip;]<\/p>\n","protected":false},"author":1,"featured_media":0,"comment_status":"closed","ping_status":"","sticky":false,"template":"","format":"image","meta":{"site-sidebar-layout":"default","site-content-layout":"","ast-site-content-layout":"default","site-content-style":"default","site-sidebar-style":"default","ast-global-header-display":"","ast-banner-title-visibility":"","ast-main-header-display":"","ast-hfb-above-header-display":"","ast-hfb-below-header-display":"","ast-hfb-mobile-header-display":"","site-post-title":"","ast-breadcrumbs-content":"","ast-featured-img":"","footer-sml-layout":"","ast-disable-related-posts":"","theme-transparent-header-meta":"","adv-header-id-meta":"","stick-header-meta":"","header-above-stick-meta":"","header-main-stick-meta":"","header-below-stick-meta":"","astra-migrate-meta-layouts":"default","ast-page-background-enabled":"default","ast-page-background-meta":{"desktop":{"background-color":"var(--ast-global-color-4)","background-image":"","background-repeat":"repeat","background-position":"center center","background-size":"auto","background-attachment":"scroll","background-type":"","background-media":"","overlay-type":"","overlay-color":"","overlay-opacity":"","overlay-gradient":""},"tablet":{"background-color":"","background-image":"","background-repeat":"repeat","background-position":"center center","background-size":"auto","background-attachment":"scroll","background-type":"","background-media":"","overlay-type":"","overlay-color":"","overlay-opacity":"","overlay-gradient":""},"mobile":{"background-color":"","background-image":"","background-repeat":"repeat","background-position":"center center","background-size":"auto","background-attachment":"scroll","background-type":"","background-media":"","overlay-type":"","overlay-color":"","overlay-opacity":"","overlay-gradient":""}},"ast-content-background-meta":{"desktop":{"background-color":"var(--ast-global-color-5)","background-image":"","background-repeat":"repeat","background-position":"center center","background-size":"auto","background-attachment":"scroll","background-type":"","background-media":"","overlay-type":"","overlay-color":"","overlay-opacity":"","overlay-gradient":""},"tablet":{"background-color":"var(--ast-global-color-5)","background-image":"","background-repeat":"repeat","background-position":"center center","background-size":"auto","background-attachment":"scroll","background-type":"","background-media":"","overlay-type":"","overlay-color":"","overlay-opacity":"","overlay-gradient":""},"mobile":{"background-color":"var(--ast-global-color-5)","background-image":"","background-repeat":"repeat","background-position":"center center","background-size":"auto","background-attachment":"scroll","background-type":"","background-media":"","overlay-type":"","overlay-color":"","overlay-opacity":"","overlay-gradient":""}},"footnotes":""},"categories":[3817],"tags":[],"class_list":["post-30136","post","type-post","status-publish","format-image","hentry","category-camara-municipal-de-parnamirim","post_format-post-format-image"],"_links":{"self":[{"href":"https:\/\/noticiasnoface.com.br\/index.php\/wp-json\/wp\/v2\/posts\/30136","targetHints":{"allow":["GET"]}}],"collection":[{"href":"https:\/\/noticiasnoface.com.br\/index.php\/wp-json\/wp\/v2\/posts"}],"about":[{"href":"https:\/\/noticiasnoface.com.br\/index.php\/wp-json\/wp\/v2\/types\/post"}],"author":[{"embeddable":true,"href":"https:\/\/noticiasnoface.com.br\/index.php\/wp-json\/wp\/v2\/users\/1"}],"replies":[{"embeddable":true,"href":"https:\/\/noticiasnoface.com.br\/index.php\/wp-json\/wp\/v2\/comments?post=30136"}],"version-history":[{"count":1,"href":"https:\/\/noticiasnoface.com.br\/index.php\/wp-json\/wp\/v2\/posts\/30136\/revisions"}],"predecessor-version":[{"id":30137,"href":"https:\/\/noticiasnoface.com.br\/index.php\/wp-json\/wp\/v2\/posts\/30136\/revisions\/30137"}],"wp:attachment":[{"href":"https:\/\/noticiasnoface.com.br\/index.php\/wp-json\/wp\/v2\/media?parent=30136"}],"wp:term":[{"taxonomy":"category","embeddable":true,"href":"https:\/\/noticiasnoface.com.br\/index.php\/wp-json\/wp\/v2\/categories?post=30136"},{"taxonomy":"post_tag","embeddable":true,"href":"https:\/\/noticiasnoface.com.br\/index.php\/wp-json\/wp\/v2\/tags?post=30136"}],"curies":[{"name":"wp","href":"https:\/\/api.w.org\/{rel}","templated":true}]}}