{"id":30154,"date":"2025-10-28T21:21:41","date_gmt":"2025-10-29T00:21:41","guid":{"rendered":"https:\/\/noticiasnoface.com.br\/?p=30154"},"modified":"2025-10-28T21:21:41","modified_gmt":"2025-10-29T00:21:41","slug":"tarcisio-se-reuni-com-ministros-do-stf-nessa-terca-feira","status":"publish","type":"post","link":"https:\/\/noticiasnoface.com.br\/index.php\/2025\/10\/28\/tarcisio-se-reuni-com-ministros-do-stf-nessa-terca-feira\/","title":{"rendered":"Tarc\u00edsio se reuni com ministros do STF nessa ter\u00e7a-feira"},"content":{"rendered":"\n<figure class=\"wp-block-image size-large\"><img data-opt-id=2068460695  fetchpriority=\"high\" decoding=\"async\" width=\"1024\" height=\"736\" src=\"https:\/\/mlbfrsat7ahr.i.optimole.com\/w:1024\/h:736\/q:mauto\/ig:avif\/https:\/\/noticiasnoface.com.br\/wp-content\/uploads\/2025\/10\/img_8437.jpg\" class=\"wp-image-30153\" srcset=\"https:\/\/mlbfrsat7ahr.i.optimole.com\/w:1024\/h:736\/q:mauto\/ig:avif\/https:\/\/noticiasnoface.com.br\/wp-content\/uploads\/2025\/10\/img_8437.jpg 1024w, https:\/\/mlbfrsat7ahr.i.optimole.com\/w:300\/h:216\/q:mauto\/ig:avif\/https:\/\/noticiasnoface.com.br\/wp-content\/uploads\/2025\/10\/img_8437.jpg 300w, https:\/\/mlbfrsat7ahr.i.optimole.com\/w:768\/h:552\/q:mauto\/ig:avif\/https:\/\/noticiasnoface.com.br\/wp-content\/uploads\/2025\/10\/img_8437.jpg 768w, https:\/\/mlbfrsat7ahr.i.optimole.com\/w:1320\/h:949\/q:mauto\/ig:avif\/https:\/\/noticiasnoface.com.br\/wp-content\/uploads\/2025\/10\/img_8437.jpg 1320w\" sizes=\"(max-width: 1000px) 100vw, 1000px\" \/><figcaption class=\"wp-element-caption\">O governador de S\u00e3o Paulo, Tarc\u00edsio de Freitas, participar\u00e1 nesta ter\u00e7a-feira de uma s\u00e9rie de reuni\u00f5es com ministros do Judici\u00e1rio, poucas semanas depois de criticar publicamente o ministro Alexandre de Moraes, do Supremo Tribunal Federal (STF).<br>A agenda oficial inclui reuni\u00f5es com o presidente do STF, Edson Fachin, e o ministro do Tribunal, Nunes Marques. O governador tamb\u00e9m se reunir\u00e1 com o ministro do Tribunal Superior de Justi\u00e7a (STJ), Marco Aur\u00e9lio Bellizze Oliveira. As reuni\u00f5es est\u00e3o acontecendo em Bras\u00edlia.<br>Este movimento ocorre ap\u00f3s as declara\u00e7\u00f5es do governador em 7 de setembro, durante um evento na Avenida Paulista. Nessa ocasi\u00e3o, diante dos apoiadores do ex-presidente Jair Bolsonaro, Tarc\u00edsio afirmou que &#8220;ningu\u00e9m pode mais suportar a tirania de um ministro como Alexandre de Moraes&#8221;, referindo-se \u00e0s a\u00e7\u00f5es do magistrado em investiga\u00e7\u00f5es visando o &#8220;bolsonarismo&#8221; e atos antidemocr\u00e1ticos.<br>O discurso, semelhante ao tom usado por Bolsonaro em confrontos com o Supremo Tribunal Federal, foi interpretado como a abordagem de Tarc\u00edsio \u00e0 base mais radical do ex-presidente, visando a sucess\u00e3o em 2026. O epis\u00f3dio gerou desconforto entre os ministros do STF, que viram o discurso como um ataque direto ao Tribunal e \u00e0 independ\u00eancia do Judici\u00e1rio.<\/figcaption><\/figure>\n","protected":false},"excerpt":{"rendered":"","protected":false},"author":1,"featured_media":0,"comment_status":"closed","ping_status":"","sticky":false,"template":"","format":"image","meta":{"site-sidebar-layout":"default","site-content-layout":"","ast-site-content-layout":"default","site-content-style":"default","site-sidebar-style":"default","ast-global-header-display":"","ast-banner-title-visibility":"","ast-main-header-display":"","ast-hfb-above-header-display":"","ast-hfb-below-header-display":"","ast-hfb-mobile-header-display":"","site-post-title":"","ast-breadcrumbs-content":"","ast-featured-img":"","footer-sml-layout":"","ast-disable-related-posts":"","theme-transparent-header-meta":"","adv-header-id-meta":"","stick-header-meta":"","header-above-stick-meta":"","header-main-stick-meta":"","header-below-stick-meta":"","astra-migrate-meta-layouts":"default","ast-page-background-enabled":"default","ast-page-background-meta":{"desktop":{"background-color":"var(--ast-global-color-4)","background-image":"","background-repeat":"repeat","background-position":"center center","background-size":"auto","background-attachment":"scroll","background-type":"","background-media":"","overlay-type":"","overlay-color":"","overlay-opacity":"","overlay-gradient":""},"tablet":{"background-color":"","background-image":"","background-repeat":"repeat","background-position":"center center","background-size":"auto","background-attachment":"scroll","background-type":"","background-media":"","overlay-type":"","overlay-color":"","overlay-opacity":"","overlay-gradient":""},"mobile":{"background-color":"","background-image":"","background-repeat":"repeat","background-position":"center center","background-size":"auto","background-attachment":"scroll","background-type":"","background-media":"","overlay-type":"","overlay-color":"","overlay-opacity":"","overlay-gradient":""}},"ast-content-background-meta":{"desktop":{"background-color":"var(--ast-global-color-5)","background-image":"","background-repeat":"repeat","background-position":"center center","background-size":"auto","background-attachment":"scroll","background-type":"","background-media":"","overlay-type":"","overlay-color":"","overlay-opacity":"","overlay-gradient":""},"tablet":{"background-color":"var(--ast-global-color-5)","background-image":"","background-repeat":"repeat","background-position":"center center","background-size":"auto","background-attachment":"scroll","background-type":"","background-media":"","overlay-type":"","overlay-color":"","overlay-opacity":"","overlay-gradient":""},"mobile":{"background-color":"var(--ast-global-color-5)","background-image":"","background-repeat":"repeat","background-position":"center center","background-size":"auto","background-attachment":"scroll","background-type":"","background-media":"","overlay-type":"","overlay-color":"","overlay-opacity":"","overlay-gradient":""}},"footnotes":""},"categories":[517],"tags":[],"class_list":["post-30154","post","type-post","status-publish","format-image","hentry","category-aconteceu","post_format-post-format-image"],"_links":{"self":[{"href":"https:\/\/noticiasnoface.com.br\/index.php\/wp-json\/wp\/v2\/posts\/30154","targetHints":{"allow":["GET"]}}],"collection":[{"href":"https:\/\/noticiasnoface.com.br\/index.php\/wp-json\/wp\/v2\/posts"}],"about":[{"href":"https:\/\/noticiasnoface.com.br\/index.php\/wp-json\/wp\/v2\/types\/post"}],"author":[{"embeddable":true,"href":"https:\/\/noticiasnoface.com.br\/index.php\/wp-json\/wp\/v2\/users\/1"}],"replies":[{"embeddable":true,"href":"https:\/\/noticiasnoface.com.br\/index.php\/wp-json\/wp\/v2\/comments?post=30154"}],"version-history":[{"count":1,"href":"https:\/\/noticiasnoface.com.br\/index.php\/wp-json\/wp\/v2\/posts\/30154\/revisions"}],"predecessor-version":[{"id":30155,"href":"https:\/\/noticiasnoface.com.br\/index.php\/wp-json\/wp\/v2\/posts\/30154\/revisions\/30155"}],"wp:attachment":[{"href":"https:\/\/noticiasnoface.com.br\/index.php\/wp-json\/wp\/v2\/media?parent=30154"}],"wp:term":[{"taxonomy":"category","embeddable":true,"href":"https:\/\/noticiasnoface.com.br\/index.php\/wp-json\/wp\/v2\/categories?post=30154"},{"taxonomy":"post_tag","embeddable":true,"href":"https:\/\/noticiasnoface.com.br\/index.php\/wp-json\/wp\/v2\/tags?post=30154"}],"curies":[{"name":"wp","href":"https:\/\/api.w.org\/{rel}","templated":true}]}}