{"id":30267,"date":"2025-11-09T20:51:20","date_gmt":"2025-11-09T23:51:20","guid":{"rendered":"https:\/\/noticiasnoface.com.br\/?p=30267"},"modified":"2025-11-09T20:51:20","modified_gmt":"2025-11-09T23:51:20","slug":"cmn-entrega-titulo-de-cidadao-natalense-ao-ex-vereador-dickson-nasser","status":"publish","type":"post","link":"https:\/\/noticiasnoface.com.br\/index.php\/2025\/11\/09\/cmn-entrega-titulo-de-cidadao-natalense-ao-ex-vereador-dickson-nasser\/","title":{"rendered":"CMN entrega T\u00edtulo de Cidad\u00e3o Natalense ao ex-vereador Dickson Nasser&nbsp;"},"content":{"rendered":"\n<figure class=\"wp-block-image foto-noticia\"><img data-opt-id=995098562  fetchpriority=\"high\" decoding=\"async\" src=\"https:\/\/www.cmnat.rn.gov.br\/_ups\/noticias\/2025\/11\/07\/af5a3a8d822469ca41c23d2b3dbecd7a.jpg\" alt=\"\"\/><\/figure>\n\n\n\n<p>A C\u00e2mara Municipal de Natal realizou, nesta quinta-feira (6), sess\u00e3o solene de entrega do T\u00edtulo de Cidad\u00e3o Natalense ao ex-vereador e ex-presidente da Casa, Dickson Ricardo Nasser dos Santos, por proposi\u00e7\u00e3o do vereador Daniel Santiago (PP). A homenagem reconhece as mais de duas d\u00e9cadas de servi\u00e7os prestados por Dickson \u00e0 cidade, tanto na vida p\u00fablica quanto em a\u00e7\u00f5es sociais e comunit\u00e1rias.<\/p>\n\n\n\n<p>Nascido em Maca\u00edba, Dickson Nasser formou-se em Odontologia pela UFRN, atuando de forma volunt\u00e1ria em atendimentos e projetos sociais, antes de ingressar na pol\u00edtica. Foi eleito vereador de Natal em 1988, exercendo seis mandatos consecutivos e presidindo a C\u00e2mara por duas gest\u00f5es. Durante sua trajet\u00f3ria, idealizou iniciativas como a C\u00e2mara Digital, a C\u00e2mara Verde e o programa C\u00e2mara nos Bairros, aproximando o Legislativo das comunidades.<\/p>\n\n\n\n<p>Emocionado, Dickson Nasser agradeceu o reconhecimento e relembrou a hist\u00f3ria dele na Casa do Povo. &#8220;Sou muito grato. Passei 24 anos aqui, fiz boas amizades e fico feliz em receber esse t\u00edtulo. Aqui, s\u00f3 fiz o bem\u201d, afirmou.<\/p>\n\n\n\n<p>O propositor da homenagem, vereador Daniel Santiago, destacou a trajet\u00f3ria do ex-parlamentar: \u201c\u00c9 uma honra poder homenagear quem fez tanto por Natal. Como vereador, Dickson atuou com firmeza nas comunidades e foi um gestor comprometido. Ele \u00e9 macaibense, mas adotou Natal e ajudou a transform\u00e1-la\u201d, justificou.<\/p>\n\n\n\n<p>O ex-vereador Dickson Nasser J\u00fanior, filho do homenageado, ressaltou o legado familiar e pol\u00edtico do pai: \u201cFrequento esta Casa desde os oito anos de idade, acompanhando o trabalho dele. Foi pioneiro em estar nas comunidades, ouvindo as pessoas, e merece esse reconhecimento\u201d, destacou.<\/p>\n\n\n\n<p>J\u00e1 o tamb\u00e9m ex-presidente da C\u00e2mara, Edivan Martins, relembrou o papel de Dickson na assist\u00eancia \u00e0s comunidades e na hist\u00f3ria pol\u00edtica de Natal: \u201cDickson cresceu em meio \u00e0 cultura e \u00e0 pol\u00edtica de Maca\u00edba. Aqui em Natal, foi o vereador do povo, aquele que andava pelos bairros, conversava e fazia os requerimentos que resultavam em melhorias reais. Entrou para a hist\u00f3ria da cidade e desta Casa\u201d, pontuou.<\/p>\n\n\n\n<p>Representando a Prefeitura de Natal, a vice-prefeita Joana Guerra parabenizou o homenageado e o propositor: \u201cFoi uma iniciativa louv\u00e1vel. Dickson fez hist\u00f3ria pelo fortalecimento do Legislativo e pelo di\u00e1logo com o Executivo. Sua atua\u00e7\u00e3o contribuiu para construir uma C\u00e2mara mais forte e uma cidade mais pr\u00f3xima das necessidades da popula\u00e7\u00e3o\u201d, declarou.<\/p>\n\n\n\n<p>A solenidade contou ainda com as presen\u00e7as das deputadas estaduais Cristiane Dantas e Eudiane Macedo, e dos vereadores Tarcio de Eudiane (Uni\u00e3o Brasil), Irapo\u00e3 N\u00f3brega (Republicanos) e Pedro Henrique (PP), al\u00e9m dos ex-vereadores Raniere Barbosa, Luiz Carlos e Ad\u00e3o Eridan.<\/p>\n\n\n\n<p>Texto: Ilana Albuquerque&nbsp;<br \/>Fotos: Ver\u00f4nica Macedo<\/p>\n","protected":false},"excerpt":{"rendered":"<p>A C\u00e2mara Municipal de Natal realizou, nesta quinta-feira (6), sess\u00e3o solene de entrega do T\u00edtulo de Cidad\u00e3o Natalense ao ex-vereador [&hellip;]<\/p>\n","protected":false},"author":1,"featured_media":0,"comment_status":"closed","ping_status":"","sticky":false,"template":"","format":"image","meta":{"site-sidebar-layout":"default","site-content-layout":"","ast-site-content-layout":"default","site-content-style":"default","site-sidebar-style":"default","ast-global-header-display":"","ast-banner-title-visibility":"","ast-main-header-display":"","ast-hfb-above-header-display":"","ast-hfb-below-header-display":"","ast-hfb-mobile-header-display":"","site-post-title":"","ast-breadcrumbs-content":"","ast-featured-img":"","footer-sml-layout":"","ast-disable-related-posts":"","theme-transparent-header-meta":"","adv-header-id-meta":"","stick-header-meta":"","header-above-stick-meta":"","header-main-stick-meta":"","header-below-stick-meta":"","astra-migrate-meta-layouts":"default","ast-page-background-enabled":"default","ast-page-background-meta":{"desktop":{"background-color":"var(--ast-global-color-4)","background-image":"","background-repeat":"repeat","background-position":"center center","background-size":"auto","background-attachment":"scroll","background-type":"","background-media":"","overlay-type":"","overlay-color":"","overlay-opacity":"","overlay-gradient":""},"tablet":{"background-color":"","background-image":"","background-repeat":"repeat","background-position":"center center","background-size":"auto","background-attachment":"scroll","background-type":"","background-media":"","overlay-type":"","overlay-color":"","overlay-opacity":"","overlay-gradient":""},"mobile":{"background-color":"","background-image":"","background-repeat":"repeat","background-position":"center center","background-size":"auto","background-attachment":"scroll","background-type":"","background-media":"","overlay-type":"","overlay-color":"","overlay-opacity":"","overlay-gradient":""}},"ast-content-background-meta":{"desktop":{"background-color":"var(--ast-global-color-5)","background-image":"","background-repeat":"repeat","background-position":"center center","background-size":"auto","background-attachment":"scroll","background-type":"","background-media":"","overlay-type":"","overlay-color":"","overlay-opacity":"","overlay-gradient":""},"tablet":{"background-color":"var(--ast-global-color-5)","background-image":"","background-repeat":"repeat","background-position":"center center","background-size":"auto","background-attachment":"scroll","background-type":"","background-media":"","overlay-type":"","overlay-color":"","overlay-opacity":"","overlay-gradient":""},"mobile":{"background-color":"var(--ast-global-color-5)","background-image":"","background-repeat":"repeat","background-position":"center center","background-size":"auto","background-attachment":"scroll","background-type":"","background-media":"","overlay-type":"","overlay-color":"","overlay-opacity":"","overlay-gradient":""}},"footnotes":""},"categories":[3816],"tags":[],"class_list":["post-30267","post","type-post","status-publish","format-image","hentry","category-camara-municipal-de-natal","post_format-post-format-image"],"_links":{"self":[{"href":"https:\/\/noticiasnoface.com.br\/index.php\/wp-json\/wp\/v2\/posts\/30267","targetHints":{"allow":["GET"]}}],"collection":[{"href":"https:\/\/noticiasnoface.com.br\/index.php\/wp-json\/wp\/v2\/posts"}],"about":[{"href":"https:\/\/noticiasnoface.com.br\/index.php\/wp-json\/wp\/v2\/types\/post"}],"author":[{"embeddable":true,"href":"https:\/\/noticiasnoface.com.br\/index.php\/wp-json\/wp\/v2\/users\/1"}],"replies":[{"embeddable":true,"href":"https:\/\/noticiasnoface.com.br\/index.php\/wp-json\/wp\/v2\/comments?post=30267"}],"version-history":[{"count":1,"href":"https:\/\/noticiasnoface.com.br\/index.php\/wp-json\/wp\/v2\/posts\/30267\/revisions"}],"predecessor-version":[{"id":30268,"href":"https:\/\/noticiasnoface.com.br\/index.php\/wp-json\/wp\/v2\/posts\/30267\/revisions\/30268"}],"wp:attachment":[{"href":"https:\/\/noticiasnoface.com.br\/index.php\/wp-json\/wp\/v2\/media?parent=30267"}],"wp:term":[{"taxonomy":"category","embeddable":true,"href":"https:\/\/noticiasnoface.com.br\/index.php\/wp-json\/wp\/v2\/categories?post=30267"},{"taxonomy":"post_tag","embeddable":true,"href":"https:\/\/noticiasnoface.com.br\/index.php\/wp-json\/wp\/v2\/tags?post=30267"}],"curies":[{"name":"wp","href":"https:\/\/api.w.org\/{rel}","templated":true}]}}