{"id":3027,"date":"2022-01-25T12:30:33","date_gmt":"2022-01-25T15:30:33","guid":{"rendered":"https:\/\/noticiasnoface.com.br\/?p=3027"},"modified":"2022-01-25T12:30:34","modified_gmt":"2022-01-25T15:30:34","slug":"duszovao-nao-faz-acordo-e-policia-civil-entra-em-greve","status":"publish","type":"post","link":"https:\/\/noticiasnoface.com.br\/index.php\/2022\/01\/25\/duszovao-nao-faz-acordo-e-policia-civil-entra-em-greve\/","title":{"rendered":"Dusz\u00f4v\u00e3o n\u00e3o faz acordo e Pol\u00edcia civil entra em greve!"},"content":{"rendered":"\n<figure class=\"wp-block-image size-large\"><img data-opt-id=897615965  fetchpriority=\"high\" decoding=\"async\" width=\"2048\" height=\"1691\" src=\"https:\/\/mlbfrsat7ahr.i.optimole.com\/w:auto\/h:auto\/q:mauto\/ig:avif\/https:\/\/noticiasnoface.com.br\/wp-content\/uploads\/2022\/01\/photo-output-1-16.jpg\" alt=\"\" class=\"wp-image-3026\" srcset=\"https:\/\/mlbfrsat7ahr.i.optimole.com\/w:1308\/h:1080\/q:mauto\/ig:avif\/https:\/\/noticiasnoface.com.br\/wp-content\/uploads\/2022\/01\/photo-output-1-16.jpg 2048w, https:\/\/mlbfrsat7ahr.i.optimole.com\/w:300\/h:248\/q:mauto\/ig:avif\/https:\/\/noticiasnoface.com.br\/wp-content\/uploads\/2022\/01\/photo-output-1-16.jpg 300w, https:\/\/mlbfrsat7ahr.i.optimole.com\/w:1024\/h:846\/q:mauto\/ig:avif\/https:\/\/noticiasnoface.com.br\/wp-content\/uploads\/2022\/01\/photo-output-1-16.jpg 1024w, https:\/\/mlbfrsat7ahr.i.optimole.com\/w:768\/h:634\/q:mauto\/ig:avif\/https:\/\/noticiasnoface.com.br\/wp-content\/uploads\/2022\/01\/photo-output-1-16.jpg 768w, https:\/\/mlbfrsat7ahr.i.optimole.com\/w:1308\/h:1080\/q:mauto\/ig:avif\/https:\/\/noticiasnoface.com.br\/wp-content\/uploads\/2022\/01\/photo-output-1-16.jpg 1536w\" sizes=\"(max-width: 1000px) 100vw, 1000px\" \/><figcaption><strong>Policiais Civis e servidores da Secretaria de Seguran\u00e7a P\u00fablica e Defesa Social (Sesed) do <a href=\"https:\/\/www.oantagonista.com\/tag\/rio-grande-do-norte\/\" target=\"_blank\" rel=\"noopener\">Rio Grande do Norte<\/a> iniciaram hoje uma greve por tempo indeterminado<\/strong>. As categorias reivindicam a suspens\u00e3o de uma a\u00e7\u00e3o que pode retirar o benef\u00edcio do adicional por tempo de servi\u00e7o e a implementa\u00e7\u00e3o de um plano de carreira.<\/figcaption><\/figure>\n","protected":false},"excerpt":{"rendered":"","protected":false},"author":1,"featured_media":0,"comment_status":"open","ping_status":"open","sticky":false,"template":"","format":"standard","meta":{"site-sidebar-layout":"default","site-content-layout":"","ast-site-content-layout":"default","site-content-style":"default","site-sidebar-style":"default","ast-global-header-display":"","ast-banner-title-visibility":"","ast-main-header-display":"","ast-hfb-above-header-display":"","ast-hfb-below-header-display":"","ast-hfb-mobile-header-display":"","site-post-title":"","ast-breadcrumbs-content":"","ast-featured-img":"","footer-sml-layout":"","ast-disable-related-posts":"","theme-transparent-header-meta":"","adv-header-id-meta":"","stick-header-meta":"","header-above-stick-meta":"","header-main-stick-meta":"","header-below-stick-meta":"","astra-migrate-meta-layouts":"default","ast-page-background-enabled":"default","ast-page-background-meta":{"desktop":{"background-color":"var(--ast-global-color-4)","background-image":"","background-repeat":"repeat","background-position":"center center","background-size":"auto","background-attachment":"scroll","background-type":"","background-media":"","overlay-type":"","overlay-color":"","overlay-opacity":"","overlay-gradient":""},"tablet":{"background-color":"","background-image":"","background-repeat":"repeat","background-position":"center center","background-size":"auto","background-attachment":"scroll","background-type":"","background-media":"","overlay-type":"","overlay-color":"","overlay-opacity":"","overlay-gradient":""},"mobile":{"background-color":"","background-image":"","background-repeat":"repeat","background-position":"center center","background-size":"auto","background-attachment":"scroll","background-type":"","background-media":"","overlay-type":"","overlay-color":"","overlay-opacity":"","overlay-gradient":""}},"ast-content-background-meta":{"desktop":{"background-color":"var(--ast-global-color-5)","background-image":"","background-repeat":"repeat","background-position":"center center","background-size":"auto","background-attachment":"scroll","background-type":"","background-media":"","overlay-type":"","overlay-color":"","overlay-opacity":"","overlay-gradient":""},"tablet":{"background-color":"var(--ast-global-color-5)","background-image":"","background-repeat":"repeat","background-position":"center center","background-size":"auto","background-attachment":"scroll","background-type":"","background-media":"","overlay-type":"","overlay-color":"","overlay-opacity":"","overlay-gradient":""},"mobile":{"background-color":"var(--ast-global-color-5)","background-image":"","background-repeat":"repeat","background-position":"center center","background-size":"auto","background-attachment":"scroll","background-type":"","background-media":"","overlay-type":"","overlay-color":"","overlay-opacity":"","overlay-gradient":""}},"footnotes":""},"categories":[517],"tags":[],"class_list":["post-3027","post","type-post","status-publish","format-standard","hentry","category-aconteceu"],"_links":{"self":[{"href":"https:\/\/noticiasnoface.com.br\/index.php\/wp-json\/wp\/v2\/posts\/3027","targetHints":{"allow":["GET"]}}],"collection":[{"href":"https:\/\/noticiasnoface.com.br\/index.php\/wp-json\/wp\/v2\/posts"}],"about":[{"href":"https:\/\/noticiasnoface.com.br\/index.php\/wp-json\/wp\/v2\/types\/post"}],"author":[{"embeddable":true,"href":"https:\/\/noticiasnoface.com.br\/index.php\/wp-json\/wp\/v2\/users\/1"}],"replies":[{"embeddable":true,"href":"https:\/\/noticiasnoface.com.br\/index.php\/wp-json\/wp\/v2\/comments?post=3027"}],"version-history":[{"count":1,"href":"https:\/\/noticiasnoface.com.br\/index.php\/wp-json\/wp\/v2\/posts\/3027\/revisions"}],"predecessor-version":[{"id":3028,"href":"https:\/\/noticiasnoface.com.br\/index.php\/wp-json\/wp\/v2\/posts\/3027\/revisions\/3028"}],"wp:attachment":[{"href":"https:\/\/noticiasnoface.com.br\/index.php\/wp-json\/wp\/v2\/media?parent=3027"}],"wp:term":[{"taxonomy":"category","embeddable":true,"href":"https:\/\/noticiasnoface.com.br\/index.php\/wp-json\/wp\/v2\/categories?post=3027"},{"taxonomy":"post_tag","embeddable":true,"href":"https:\/\/noticiasnoface.com.br\/index.php\/wp-json\/wp\/v2\/tags?post=3027"}],"curies":[{"name":"wp","href":"https:\/\/api.w.org\/{rel}","templated":true}]}}