{"id":30270,"date":"2025-11-10T18:32:36","date_gmt":"2025-11-10T21:32:36","guid":{"rendered":"https:\/\/noticiasnoface.com.br\/?p=30270"},"modified":"2025-11-10T18:32:36","modified_gmt":"2025-11-10T21:32:36","slug":"prefeita-jussara-sales-confirma-apoio-a-deputada-terezinha-maia-e-reforca-articulacao-politica-para-2026","status":"publish","type":"post","link":"https:\/\/noticiasnoface.com.br\/index.php\/2025\/11\/10\/prefeita-jussara-sales-confirma-apoio-a-deputada-terezinha-maia-e-reforca-articulacao-politica-para-2026\/","title":{"rendered":"Prefeita Jussara Sales confirma apoio \u00e0 deputada Terezinha Maia e refor\u00e7a articula\u00e7\u00e3o pol\u00edtica para 2026"},"content":{"rendered":"\n<figure class=\"wp-block-image size-large\"><img data-opt-id=891706191  fetchpriority=\"high\" decoding=\"async\" width=\"943\" height=\"1024\" src=\"https:\/\/mlbfrsat7ahr.i.optimole.com\/w:943\/h:1024\/q:mauto\/ig:avif\/https:\/\/noticiasnoface.com.br\/wp-content\/uploads\/2025\/11\/51433613-2e81-4653-b30f-30e072ebb0be.jpg\" class=\"wp-image-30269\" srcset=\"https:\/\/mlbfrsat7ahr.i.optimole.com\/w:943\/h:1024\/q:mauto\/ig:avif\/https:\/\/noticiasnoface.com.br\/wp-content\/uploads\/2025\/11\/51433613-2e81-4653-b30f-30e072ebb0be.jpg 943w, https:\/\/mlbfrsat7ahr.i.optimole.com\/w:276\/h:300\/q:mauto\/ig:avif\/https:\/\/noticiasnoface.com.br\/wp-content\/uploads\/2025\/11\/51433613-2e81-4653-b30f-30e072ebb0be.jpg 276w, https:\/\/mlbfrsat7ahr.i.optimole.com\/w:768\/h:834\/q:mauto\/ig:avif\/https:\/\/noticiasnoface.com.br\/wp-content\/uploads\/2025\/11\/51433613-2e81-4653-b30f-30e072ebb0be.jpg 768w, https:\/\/mlbfrsat7ahr.i.optimole.com\/w:994\/h:1080\/q:mauto\/ig:avif\/https:\/\/noticiasnoface.com.br\/wp-content\/uploads\/2025\/11\/51433613-2e81-4653-b30f-30e072ebb0be.jpg 1320w\" sizes=\"(max-width: 943px) 100vw, 943px\" \/><\/figure>\n\n\n\n<p>A prefeita de Extremoz, Jussara Sales (PL), confirmou apoio \u00e0 deputada estadual Terezinha Maia (PL) para as elei\u00e7\u00f5es de 2026. As duas, inclusive, estiveram reunidas nesta segunda-feira (10), no gabinete da parlamentar na Assembleia Legislativa do Rio Grande do Norte, em Natal, onde trataram de pautas institucionais e refor\u00e7aram o alinhamento pol\u00edtico dentro do Partido Liberal.<\/p>\n\n\n\n<p>\u201cNesta manh\u00e3 de segunda-feira, estive reunida com a deputada estadual Terezinha Maia, tratando de pautas importantes para o desenvolvimento do nosso munic\u00edpio, incluindo a destina\u00e7\u00e3o de recursos e assuntos relacionados ao IBGE. Seguimos firmes, trabalhando por mais avan\u00e7os e conquistas para nossa cidade!\u201d, escreveu a prefeita nas redes sociais.<\/p>\n\n\n\n<p>Com o gesto, Jussara sela o compromisso pol\u00edtico com Terezinha e deve levar parte de sua base de vereadores na C\u00e2mara Municipal de Extremoz para o palanque da deputada. A movimenta\u00e7\u00e3o refor\u00e7a a influ\u00eancia da prefeita dentro do PL e consolida Extremoz como um dos principais redutos eleitorais do partido no estado.<\/p>\n\n\n\n<p><em>For\u00e7a pol\u00edtica de Jussara e o peso de Extremoz<\/em><\/p>\n\n\n\n<p>Reeleita em 2024 com a maior vota\u00e7\u00e3o da hist\u00f3ria de Extremoz, Jussara Sales \u00e9 hoje uma das lideran\u00e7as femininas mais expressivas do Rio Grande do Norte. Com mais de 17 mil votos, equivalentes a cerca de 60% do eleitorado local, a prefeita construiu uma base s\u00f3lida e mant\u00e9m alto \u00edndice de aprova\u00e7\u00e3o entre os moradores do munic\u00edpio.<\/p>\n\n\n\n<p>Extremoz, que figura entre os dez maiores col\u00e9gios eleitorais do estado, tem papel estrat\u00e9gico nas articula\u00e7\u00f5es para 2026. A ades\u00e3o da prefeita com seu grupo pol\u00edtico representa um refor\u00e7o consider\u00e1vel para o projeto de reelei\u00e7\u00e3o de Terezinha Maia, que busca ampliar sua presen\u00e7a na Grande Natal e consolidar apoios em munic\u00edpios da Regi\u00e3o Metropolitana.<\/p>\n\n\n\n<p>Com a parceria reafirmada, Jussara Sales e Terezinha Maia refor\u00e7am o protagonismo feminino na pol\u00edtica potiguar, unindo experi\u00eancia, gest\u00e3o eficiente e representatividade em um cen\u00e1rio que se desenha cada vez mais competitivo para as pr\u00f3ximas elei\u00e7\u00f5es estaduais.<\/p>\n","protected":false},"excerpt":{"rendered":"<p>A prefeita de Extremoz, Jussara Sales (PL), confirmou apoio \u00e0 deputada estadual Terezinha Maia (PL) para as elei\u00e7\u00f5es de 2026. [&hellip;]<\/p>\n","protected":false},"author":1,"featured_media":0,"comment_status":"closed","ping_status":"","sticky":false,"template":"","format":"image","meta":{"site-sidebar-layout":"default","site-content-layout":"","ast-site-content-layout":"default","site-content-style":"default","site-sidebar-style":"default","ast-global-header-display":"","ast-banner-title-visibility":"","ast-main-header-display":"","ast-hfb-above-header-display":"","ast-hfb-below-header-display":"","ast-hfb-mobile-header-display":"","site-post-title":"","ast-breadcrumbs-content":"","ast-featured-img":"","footer-sml-layout":"","ast-disable-related-posts":"","theme-transparent-header-meta":"","adv-header-id-meta":"","stick-header-meta":"","header-above-stick-meta":"","header-main-stick-meta":"","header-below-stick-meta":"","astra-migrate-meta-layouts":"default","ast-page-background-enabled":"default","ast-page-background-meta":{"desktop":{"background-color":"var(--ast-global-color-4)","background-image":"","background-repeat":"repeat","background-position":"center center","background-size":"auto","background-attachment":"scroll","background-type":"","background-media":"","overlay-type":"","overlay-color":"","overlay-opacity":"","overlay-gradient":""},"tablet":{"background-color":"","background-image":"","background-repeat":"repeat","background-position":"center center","background-size":"auto","background-attachment":"scroll","background-type":"","background-media":"","overlay-type":"","overlay-color":"","overlay-opacity":"","overlay-gradient":""},"mobile":{"background-color":"","background-image":"","background-repeat":"repeat","background-position":"center center","background-size":"auto","background-attachment":"scroll","background-type":"","background-media":"","overlay-type":"","overlay-color":"","overlay-opacity":"","overlay-gradient":""}},"ast-content-background-meta":{"desktop":{"background-color":"var(--ast-global-color-5)","background-image":"","background-repeat":"repeat","background-position":"center center","background-size":"auto","background-attachment":"scroll","background-type":"","background-media":"","overlay-type":"","overlay-color":"","overlay-opacity":"","overlay-gradient":""},"tablet":{"background-color":"var(--ast-global-color-5)","background-image":"","background-repeat":"repeat","background-position":"center center","background-size":"auto","background-attachment":"scroll","background-type":"","background-media":"","overlay-type":"","overlay-color":"","overlay-opacity":"","overlay-gradient":""},"mobile":{"background-color":"var(--ast-global-color-5)","background-image":"","background-repeat":"repeat","background-position":"center center","background-size":"auto","background-attachment":"scroll","background-type":"","background-media":"","overlay-type":"","overlay-color":"","overlay-opacity":"","overlay-gradient":""}},"footnotes":""},"categories":[3841],"tags":[],"class_list":["post-30270","post","type-post","status-publish","format-image","hentry","category-prefeitura-de-extremoz","post_format-post-format-image"],"_links":{"self":[{"href":"https:\/\/noticiasnoface.com.br\/index.php\/wp-json\/wp\/v2\/posts\/30270","targetHints":{"allow":["GET"]}}],"collection":[{"href":"https:\/\/noticiasnoface.com.br\/index.php\/wp-json\/wp\/v2\/posts"}],"about":[{"href":"https:\/\/noticiasnoface.com.br\/index.php\/wp-json\/wp\/v2\/types\/post"}],"author":[{"embeddable":true,"href":"https:\/\/noticiasnoface.com.br\/index.php\/wp-json\/wp\/v2\/users\/1"}],"replies":[{"embeddable":true,"href":"https:\/\/noticiasnoface.com.br\/index.php\/wp-json\/wp\/v2\/comments?post=30270"}],"version-history":[{"count":1,"href":"https:\/\/noticiasnoface.com.br\/index.php\/wp-json\/wp\/v2\/posts\/30270\/revisions"}],"predecessor-version":[{"id":30271,"href":"https:\/\/noticiasnoface.com.br\/index.php\/wp-json\/wp\/v2\/posts\/30270\/revisions\/30271"}],"wp:attachment":[{"href":"https:\/\/noticiasnoface.com.br\/index.php\/wp-json\/wp\/v2\/media?parent=30270"}],"wp:term":[{"taxonomy":"category","embeddable":true,"href":"https:\/\/noticiasnoface.com.br\/index.php\/wp-json\/wp\/v2\/categories?post=30270"},{"taxonomy":"post_tag","embeddable":true,"href":"https:\/\/noticiasnoface.com.br\/index.php\/wp-json\/wp\/v2\/tags?post=30270"}],"curies":[{"name":"wp","href":"https:\/\/api.w.org\/{rel}","templated":true}]}}