{"id":30288,"date":"2025-11-12T20:26:03","date_gmt":"2025-11-12T23:26:03","guid":{"rendered":"https:\/\/noticiasnoface.com.br\/?p=30288"},"modified":"2025-11-12T20:26:03","modified_gmt":"2025-11-12T23:26:03","slug":"plano-plurianual-ppa-do-municipio-para-2026-2029-sera-debatido-em-audiencia-publica","status":"publish","type":"post","link":"https:\/\/noticiasnoface.com.br\/index.php\/2025\/11\/12\/plano-plurianual-ppa-do-municipio-para-2026-2029-sera-debatido-em-audiencia-publica\/","title":{"rendered":"Plano Plurianual (PPA) do munic\u00edpio para 2026-2029 ser\u00e1 debatido em audi\u00eancia p\u00fablica"},"content":{"rendered":"\n<figure class=\"wp-block-image size-large\"><img data-opt-id=1539186099  fetchpriority=\"high\" decoding=\"async\" width=\"1024\" height=\"682\" src=\"https:\/\/mlbfrsat7ahr.i.optimole.com\/w:1024\/h:682\/q:mauto\/ig:avif\/https:\/\/noticiasnoface.com.br\/wp-content\/uploads\/2025\/11\/992f6654-0e73-4314-ac7f-98bc6d47d13f.jpg\" class=\"wp-image-30287\" srcset=\"https:\/\/mlbfrsat7ahr.i.optimole.com\/w:1024\/h:682\/q:mauto\/ig:avif\/https:\/\/noticiasnoface.com.br\/wp-content\/uploads\/2025\/11\/992f6654-0e73-4314-ac7f-98bc6d47d13f.jpg 1024w, https:\/\/mlbfrsat7ahr.i.optimole.com\/w:300\/h:200\/q:mauto\/ig:avif\/https:\/\/noticiasnoface.com.br\/wp-content\/uploads\/2025\/11\/992f6654-0e73-4314-ac7f-98bc6d47d13f.jpg 300w, https:\/\/mlbfrsat7ahr.i.optimole.com\/w:768\/h:512\/q:mauto\/ig:avif\/https:\/\/noticiasnoface.com.br\/wp-content\/uploads\/2025\/11\/992f6654-0e73-4314-ac7f-98bc6d47d13f.jpg 768w, https:\/\/mlbfrsat7ahr.i.optimole.com\/w:1536\/h:1024\/q:mauto\/ig:avif\/https:\/\/noticiasnoface.com.br\/wp-content\/uploads\/2025\/11\/992f6654-0e73-4314-ac7f-98bc6d47d13f.jpg 1536w, https:\/\/mlbfrsat7ahr.i.optimole.com\/w:1620\/h:1080\/q:mauto\/ig:avif\/https:\/\/noticiasnoface.com.br\/wp-content\/uploads\/2025\/11\/992f6654-0e73-4314-ac7f-98bc6d47d13f.jpg 2000w\" sizes=\"(max-width: 1000px) 100vw, 1000px\" \/><\/figure>\n\n\n\n<p>Nesta sexta-feira (14), \u00e0s 18h, a C\u00e2mara de Parnamirim promove uma audi\u00eancia p\u00fablica para discutir o Plano Plurianual para o per\u00edodo de 2026 a 2029. A ocasi\u00e3o ser\u00e1 realizada por proposi\u00e7\u00e3o da Comiss\u00e3o Permanente de Finan\u00e7as, Or\u00e7amento e Fiscaliza\u00e7\u00e3o Financeira, presidida pelo vereador Eurico da Jap\u00e3o e composta pelos vereadores Thiago Fernandes e Binho de Ambr\u00f3sio, como 1\u00b0 e 2\u00b0 secret\u00e1rios, respectivamente.<\/p>\n\n\n\n<p>O Plano Plurianual (PPA) \u00e9 um plano que organiza as a\u00e7\u00f5es da Prefeitura de Parnamirim para os pr\u00f3ximos quatro anos. Ele estabelece as diretrizes, objetivos e metas para que o governo possa realizar seus investimentos, indicando onde e como os recursos ser\u00e3o usados para atender \u00e0s necessidades da popula\u00e7\u00e3o. O PPA serve de base para a cria\u00e7\u00e3o das leis or\u00e7ament\u00e1rias anuais.<\/p>\n\n\n\n<p><em>Servi\u00e7o<\/em><\/p>\n\n\n\n<p>O qu\u00ea: Audi\u00eancia P\u00fablica para Discutir o Plano Plurianual para o per\u00edodo de 2026 a 2029<br \/>Quando: sexta-feira, 14\/11, \u00e0s 18h<br \/>Propositor: Comiss\u00e3o Permanente de Finan\u00e7as, Or\u00e7amento e Fiscaliza\u00e7\u00e3o Financeira<br \/>Onde: Plen\u00e1rio Dr. M\u00e1rio Medeiros, C\u00e2mara Municipal de Parnamirim<\/p>\n","protected":false},"excerpt":{"rendered":"<p>Nesta sexta-feira (14), \u00e0s 18h, a C\u00e2mara de Parnamirim promove uma audi\u00eancia p\u00fablica para discutir o Plano Plurianual para o [&hellip;]<\/p>\n","protected":false},"author":1,"featured_media":0,"comment_status":"closed","ping_status":"","sticky":false,"template":"","format":"image","meta":{"site-sidebar-layout":"default","site-content-layout":"","ast-site-content-layout":"default","site-content-style":"default","site-sidebar-style":"default","ast-global-header-display":"","ast-banner-title-visibility":"","ast-main-header-display":"","ast-hfb-above-header-display":"","ast-hfb-below-header-display":"","ast-hfb-mobile-header-display":"","site-post-title":"","ast-breadcrumbs-content":"","ast-featured-img":"","footer-sml-layout":"","ast-disable-related-posts":"","theme-transparent-header-meta":"","adv-header-id-meta":"","stick-header-meta":"","header-above-stick-meta":"","header-main-stick-meta":"","header-below-stick-meta":"","astra-migrate-meta-layouts":"default","ast-page-background-enabled":"default","ast-page-background-meta":{"desktop":{"background-color":"var(--ast-global-color-4)","background-image":"","background-repeat":"repeat","background-position":"center center","background-size":"auto","background-attachment":"scroll","background-type":"","background-media":"","overlay-type":"","overlay-color":"","overlay-opacity":"","overlay-gradient":""},"tablet":{"background-color":"","background-image":"","background-repeat":"repeat","background-position":"center center","background-size":"auto","background-attachment":"scroll","background-type":"","background-media":"","overlay-type":"","overlay-color":"","overlay-opacity":"","overlay-gradient":""},"mobile":{"background-color":"","background-image":"","background-repeat":"repeat","background-position":"center center","background-size":"auto","background-attachment":"scroll","background-type":"","background-media":"","overlay-type":"","overlay-color":"","overlay-opacity":"","overlay-gradient":""}},"ast-content-background-meta":{"desktop":{"background-color":"var(--ast-global-color-5)","background-image":"","background-repeat":"repeat","background-position":"center center","background-size":"auto","background-attachment":"scroll","background-type":"","background-media":"","overlay-type":"","overlay-color":"","overlay-opacity":"","overlay-gradient":""},"tablet":{"background-color":"var(--ast-global-color-5)","background-image":"","background-repeat":"repeat","background-position":"center center","background-size":"auto","background-attachment":"scroll","background-type":"","background-media":"","overlay-type":"","overlay-color":"","overlay-opacity":"","overlay-gradient":""},"mobile":{"background-color":"var(--ast-global-color-5)","background-image":"","background-repeat":"repeat","background-position":"center center","background-size":"auto","background-attachment":"scroll","background-type":"","background-media":"","overlay-type":"","overlay-color":"","overlay-opacity":"","overlay-gradient":""}},"footnotes":""},"categories":[3817],"tags":[],"class_list":["post-30288","post","type-post","status-publish","format-image","hentry","category-camara-municipal-de-parnamirim","post_format-post-format-image"],"_links":{"self":[{"href":"https:\/\/noticiasnoface.com.br\/index.php\/wp-json\/wp\/v2\/posts\/30288","targetHints":{"allow":["GET"]}}],"collection":[{"href":"https:\/\/noticiasnoface.com.br\/index.php\/wp-json\/wp\/v2\/posts"}],"about":[{"href":"https:\/\/noticiasnoface.com.br\/index.php\/wp-json\/wp\/v2\/types\/post"}],"author":[{"embeddable":true,"href":"https:\/\/noticiasnoface.com.br\/index.php\/wp-json\/wp\/v2\/users\/1"}],"replies":[{"embeddable":true,"href":"https:\/\/noticiasnoface.com.br\/index.php\/wp-json\/wp\/v2\/comments?post=30288"}],"version-history":[{"count":1,"href":"https:\/\/noticiasnoface.com.br\/index.php\/wp-json\/wp\/v2\/posts\/30288\/revisions"}],"predecessor-version":[{"id":30289,"href":"https:\/\/noticiasnoface.com.br\/index.php\/wp-json\/wp\/v2\/posts\/30288\/revisions\/30289"}],"wp:attachment":[{"href":"https:\/\/noticiasnoface.com.br\/index.php\/wp-json\/wp\/v2\/media?parent=30288"}],"wp:term":[{"taxonomy":"category","embeddable":true,"href":"https:\/\/noticiasnoface.com.br\/index.php\/wp-json\/wp\/v2\/categories?post=30288"},{"taxonomy":"post_tag","embeddable":true,"href":"https:\/\/noticiasnoface.com.br\/index.php\/wp-json\/wp\/v2\/tags?post=30288"}],"curies":[{"name":"wp","href":"https:\/\/api.w.org\/{rel}","templated":true}]}}