{"id":30298,"date":"2025-11-12T20:29:53","date_gmt":"2025-11-12T23:29:53","guid":{"rendered":"https:\/\/noticiasnoface.com.br\/?p=30298"},"modified":"2025-11-12T20:29:53","modified_gmt":"2025-11-12T23:29:53","slug":"comissao-de-financas-aprova-pedido-de-emprestimo-da-prefeitura-junto-ao-bndes","status":"publish","type":"post","link":"https:\/\/noticiasnoface.com.br\/index.php\/2025\/11\/12\/comissao-de-financas-aprova-pedido-de-emprestimo-da-prefeitura-junto-ao-bndes\/","title":{"rendered":"Comiss\u00e3o de Finan\u00e7as aprova pedido de empr\u00e9stimo da Prefeitura junto ao BNDES&nbsp;"},"content":{"rendered":"\n<figure class=\"wp-block-image foto-noticia\"><img data-opt-id=239031543  fetchpriority=\"high\" decoding=\"async\" src=\"https:\/\/www.cmnat.rn.gov.br\/_ups\/noticias\/2025\/11\/12\/f332411508e9361d55da620fee25020c.jpg\" alt=\"\"\/><\/figure>\n\n\n\n<p>A Comiss\u00e3o de Finan\u00e7as, Or\u00e7amento, Controle e Fiscaliza\u00e7\u00e3o (CFOCF) aprovou, durante reuni\u00e3o desta quarta-feira (12) um Projeto de Lei que autoriza a Prefeitura de Natal a contratar um empr\u00e9stimo junto ao Banco Nacional de Desenvolvimento Econ\u00f4mico e Social (BNDES). O PL 874\/2025, de autoria do Poder Executivo, traz as diretrizes para que a administra\u00e7\u00e3o municipal realize uma opera\u00e7\u00e3o de cr\u00e9dito no valor de R$ 100 milh\u00f5es com vistas \u00e0 modernizar a gest\u00e3o p\u00fablica, por meio da implanta\u00e7\u00e3o de tecnologia, processos e sistemas.<\/p>\n\n\n\n<p>Segundo mensagem enviada \u00e0 C\u00e2mara Municipal de Natal, o investimento ser\u00e1 efetivado na cria\u00e7\u00e3o do programa &#8220;Natal Digital: Cidade Inteligente, Gest\u00e3o Eficiente&#8221;. Com prazo de implementa\u00e7\u00e3o de 36 meses, o projeto aborda seis pilares da administra\u00e7\u00e3o p\u00fablica: Governan\u00e7a Digital; Talento Digital e Gest\u00e3o da Mudan\u00e7a; Infraestrutura de Tecnologia da Informa\u00e7\u00e3o; Aprimoramento do Atendimento ao Cidad\u00e3o; Transforma\u00e7\u00e3o Digital da Gest\u00e3o P\u00fablica \u2013 \u00c1rea Final\u00edstica; e Moderniza\u00e7\u00e3o da Gest\u00e3o Tribut\u00e1ria Municipal.<\/p>\n\n\n\n<p>De acordo com o vereador Pedro Henrique (PP), vice-presidente da Comiss\u00e3o de Finan\u00e7as, o empr\u00e9stimo ir\u00e1 permitir que a cidade implante tecnologias que, atualmente, est\u00e3o em opera\u00e7\u00e3o em outras capitais e que trazem melhorias para a popula\u00e7\u00e3o. \u201cO programa prev\u00ea a moderniza\u00e7\u00e3o dos sem\u00e1foros, que passar\u00e3o a trabalhar para dar maior fluidez ao tr\u00e2nsito; prev\u00ea a instala\u00e7\u00e3o de videomonitoramento facial, para a seguran\u00e7a p\u00fablica, entre outras\u201d, exemplificou o parlamentar.<\/p>\n\n\n\n<p>A reuni\u00e3o da Comiss\u00e3o teve outros quatro projetos analisados. Dentre estes, destaque para o PL 547\/2025, de proposi\u00e7\u00e3o do vereador L\u00e9o Souza (Republicanos), o qual estabelece a obrigatoriedade de instala\u00e7\u00e3o e sinaliza\u00e7\u00e3o de bot\u00e3o de p\u00e2nico em elevadores de condom\u00ednios e edif\u00edcios na cidade de Natal. A mat\u00e9ria tem como objetivo disponibilizar uma ferramenta para auxiliar pessoas em situa\u00e7\u00e3o de vulnerabilidade, para que elas tenham uma resposta r\u00e1pida \u00e0s suas necessidades.<\/p>\n\n\n\n<p>L\u00e9o Souza aponta que esta medida deve se concentrar em elevadores antigos e que n\u00e3o possuem essa tecnologia. \u201cA gente entende que os equipamentos mais modernos, dos \u00faltimos dez anos, j\u00e1 possuem esse bot\u00e3o. A gente est\u00e1 solicitando que seja obrigat\u00f3rio a sinaliza\u00e7\u00e3o dele, para as pessoas que s\u00e3o vulner\u00e1veis. N\u00f3s apresentamos esse projeto de lei bem na \u00e9poca que uma mulher em vulnerabilidade foi v\u00edtima de viol\u00eancia dentro do elevador. Mas isso serve para idosos, para crian\u00e7as, para todo tipo de vulner\u00e1vel dentro da nossa sociedade\u201d, ressaltou o autor.<\/p>\n\n\n\n<p>O colegiado aprovou, tamb\u00e9m, o Projeto de Lei 476\/2025, proposto pelo vereador Eriko J\u00e1come, o qual institui o programa de monitoramento e apoio digital \u00e0 sa\u00fade da mulher diagnosticada com c\u00e2ncer de mama no munic\u00edpio de Natal. A mat\u00e9ria tem como finalidade a utiliza\u00e7\u00e3o de tecnologias de informa\u00e7\u00e3o e comunica\u00e7\u00e3o, tais como plataformas digitais, aplicativos m\u00f3veis e intelig\u00eancia artificial, para o acompanhamento remoto e personalizado das mulheres com essa doen\u00e7a, tanto durante quanto ap\u00f3s o tratamento.<\/p>\n\n\n\n<p>A reuni\u00e3o da Comiss\u00e3o de Finan\u00e7as, Or\u00e7amento, Controle e Fiscaliza\u00e7\u00e3o contou, tamb\u00e9m, com a participa\u00e7\u00e3o dos vereadores Robson Carvalho (Uni\u00e3o Brasil) e Daniell Rendall (Republicanos), e da vereadora Samanda Alves (PT).<\/p>\n","protected":false},"excerpt":{"rendered":"<p>A Comiss\u00e3o de Finan\u00e7as, Or\u00e7amento, Controle e Fiscaliza\u00e7\u00e3o (CFOCF) aprovou, durante reuni\u00e3o desta quarta-feira (12) um Projeto de Lei que [&hellip;]<\/p>\n","protected":false},"author":1,"featured_media":0,"comment_status":"closed","ping_status":"","sticky":false,"template":"","format":"image","meta":{"site-sidebar-layout":"default","site-content-layout":"","ast-site-content-layout":"default","site-content-style":"default","site-sidebar-style":"default","ast-global-header-display":"","ast-banner-title-visibility":"","ast-main-header-display":"","ast-hfb-above-header-display":"","ast-hfb-below-header-display":"","ast-hfb-mobile-header-display":"","site-post-title":"","ast-breadcrumbs-content":"","ast-featured-img":"","footer-sml-layout":"","ast-disable-related-posts":"","theme-transparent-header-meta":"","adv-header-id-meta":"","stick-header-meta":"","header-above-stick-meta":"","header-main-stick-meta":"","header-below-stick-meta":"","astra-migrate-meta-layouts":"default","ast-page-background-enabled":"default","ast-page-background-meta":{"desktop":{"background-color":"var(--ast-global-color-4)","background-image":"","background-repeat":"repeat","background-position":"center center","background-size":"auto","background-attachment":"scroll","background-type":"","background-media":"","overlay-type":"","overlay-color":"","overlay-opacity":"","overlay-gradient":""},"tablet":{"background-color":"","background-image":"","background-repeat":"repeat","background-position":"center center","background-size":"auto","background-attachment":"scroll","background-type":"","background-media":"","overlay-type":"","overlay-color":"","overlay-opacity":"","overlay-gradient":""},"mobile":{"background-color":"","background-image":"","background-repeat":"repeat","background-position":"center center","background-size":"auto","background-attachment":"scroll","background-type":"","background-media":"","overlay-type":"","overlay-color":"","overlay-opacity":"","overlay-gradient":""}},"ast-content-background-meta":{"desktop":{"background-color":"var(--ast-global-color-5)","background-image":"","background-repeat":"repeat","background-position":"center center","background-size":"auto","background-attachment":"scroll","background-type":"","background-media":"","overlay-type":"","overlay-color":"","overlay-opacity":"","overlay-gradient":""},"tablet":{"background-color":"var(--ast-global-color-5)","background-image":"","background-repeat":"repeat","background-position":"center center","background-size":"auto","background-attachment":"scroll","background-type":"","background-media":"","overlay-type":"","overlay-color":"","overlay-opacity":"","overlay-gradient":""},"mobile":{"background-color":"var(--ast-global-color-5)","background-image":"","background-repeat":"repeat","background-position":"center center","background-size":"auto","background-attachment":"scroll","background-type":"","background-media":"","overlay-type":"","overlay-color":"","overlay-opacity":"","overlay-gradient":""}},"footnotes":""},"categories":[3816],"tags":[],"class_list":["post-30298","post","type-post","status-publish","format-image","hentry","category-camara-municipal-de-natal","post_format-post-format-image"],"_links":{"self":[{"href":"https:\/\/noticiasnoface.com.br\/index.php\/wp-json\/wp\/v2\/posts\/30298","targetHints":{"allow":["GET"]}}],"collection":[{"href":"https:\/\/noticiasnoface.com.br\/index.php\/wp-json\/wp\/v2\/posts"}],"about":[{"href":"https:\/\/noticiasnoface.com.br\/index.php\/wp-json\/wp\/v2\/types\/post"}],"author":[{"embeddable":true,"href":"https:\/\/noticiasnoface.com.br\/index.php\/wp-json\/wp\/v2\/users\/1"}],"replies":[{"embeddable":true,"href":"https:\/\/noticiasnoface.com.br\/index.php\/wp-json\/wp\/v2\/comments?post=30298"}],"version-history":[{"count":1,"href":"https:\/\/noticiasnoface.com.br\/index.php\/wp-json\/wp\/v2\/posts\/30298\/revisions"}],"predecessor-version":[{"id":30299,"href":"https:\/\/noticiasnoface.com.br\/index.php\/wp-json\/wp\/v2\/posts\/30298\/revisions\/30299"}],"wp:attachment":[{"href":"https:\/\/noticiasnoface.com.br\/index.php\/wp-json\/wp\/v2\/media?parent=30298"}],"wp:term":[{"taxonomy":"category","embeddable":true,"href":"https:\/\/noticiasnoface.com.br\/index.php\/wp-json\/wp\/v2\/categories?post=30298"},{"taxonomy":"post_tag","embeddable":true,"href":"https:\/\/noticiasnoface.com.br\/index.php\/wp-json\/wp\/v2\/tags?post=30298"}],"curies":[{"name":"wp","href":"https:\/\/api.w.org\/{rel}","templated":true}]}}